{"id":439,"date":"2014-09-17T21:22:50","date_gmt":"2014-09-17T19:22:50","guid":{"rendered":"http:\/\/lelaboratoireanarchiste.noblogs.org\/?p=439"},"modified":"2014-09-29T23:25:56","modified_gmt":"2014-09-29T21:25:56","slug":"gepsa-cofelygdf-suez-les-matons-passent-les-alpes","status":"publish","type":"post","link":"https:\/\/lelaboratoireanarchiste.noblogs.org\/?p=439","title":{"rendered":"GEPSA (Cofely\/GDF-Suez) : les matons passent les Alpes"},"content":{"rendered":"<p>Pendant que la <a title=\" \t Contre la construction de la nouvelle prison \u00e0 Valence\" href=\"http:\/\/cettesemaine.free.fr\/spip\/article.php3?id_article=7190\">construction du centre p\u00e9nitentiaire<\/a> se termine, faisons connaissance pour l&rsquo;attaque des futurs gestionnaires&#8230;<\/p>\n<p>C&rsquo;est \u00e0 dire : GESPA. Les prisonniers et les sans papiers \u00e0 l&rsquo;int\u00e9rieur se r\u00e9voltent, nous \u00e0 l&rsquo;ext\u00e9rieur des murs qui les emprisonnent&#8230;<\/p>\n<p>L&rsquo;attaque contre ce monde de merde est toujours possible<\/p>\n<p><img decoding=\"async\" class=\"decoded\" src=\"http:\/\/cettesemaine.free.fr\/spip\/IMG\/jpg\/4-182.jpg\" alt=\"http:\/\/cettesemaine.free.fr\/spip\/IMG\/jpg\/4-182.jpg\" \/><\/p>\n<table>\n<tbody>\n<tr>\n<td valign=\"top\" width=\"4\"><img decoding=\"async\" src=\"http:\/\/cettesemaine.free.fr\/spip\/biopics\/rien.gif\" alt=\"\" width=\"4\" border=\"0\" \/><\/td>\n<td valign=\"top\" width=\"100%\">\n<table border=\"0\" width=\"100%\" cellspacing=\"0\" cellpadding=\"0\" align=\"center\">\n<tbody>\n<tr>\n<td align=\"\" valign=\"top\" width=\"\"><span style=\"font-family: arial,helvetica,sans-serif;font-size: medium\"><b>GEPSA (Cofely\/GDF-Suez)\u00a0: les matons passent les Alpes<\/b><\/span><br \/>\n<span style=\"font-family: arial,helvetica,sans-serif;font-size: xx-small\"><span style=\"font-family: arial,helvetica,sans-serif;font-size: xx-small\"><br \/>\n<\/span><\/span><\/p>\n<p class=\"spip\" align=\"justify\">Il semble que cette fois-ci sera la bonne. A la troisi\u00e8me tentative, apr\u00e8s avoir d\u00e9j\u00e0 concouru et gagn\u00e9 pour obtenir l\u2019appel d\u2019offres du Cara (centre de demandeurs d\u2019asile) de <i class=\"spip\">Castelnuovo di Porto<\/i>, un business de pr\u00e8s de huit millions d\u2019euros par an, puis du Cie (centre de r\u00e9tention) de <i class=\"spip\">Gorizia<\/i>, et avoir vu ces attributions \u00eatre annul\u00e9es pour des probl\u00e8mes juridiques, <b class=\"spip\">GEPSA<\/b> a finalement r\u00e9ussi \u00e0 s\u2019adjuger la gestion du centre de r\u00e9tention via Corelli de <i class=\"spip\">Milan<\/i>.<br \/>\nA ses c\u00f4t\u00e9s il y aura une association culturelle de la ville d\u2019Agrigento nomm\u00e9e <b class=\"spip\">Acuarinto<\/b>, d\u00e9j\u00e0 associ\u00e9e lors des deux pr\u00e9c\u00e9dentes tentatives de gagner ces appels d\u2019offres. L\u2019appel qui confie \u00e0 l\u2019association sicilienne l\u2019objectif de s\u2019occuper des enferm\u00e9s et \u00e0 l\u2019entreprise fran\u00e7aise la gestion et la mise en s\u00e9curit\u00e9 des zones et des cours de promenade, devrait rester valide, m\u00eame apr\u00e8s la d\u00e9cision du Minist\u00e8re de l\u2019Int\u00e9rieur de changer temporairement l\u2019utilisation de la structure.<\/p>\n<p class=\"spip\" align=\"justify\">Du 15 septembre jusque fin mars, <b class=\"spip\">Acuarinto<\/b> et <b class=\"spip\">Gepsa<\/b>, avec les ex-employ\u00e9s de la <b class=\"spip\">Croix Rouge<\/b> qui ont \u00e9t\u00e9 r\u00e9embauch\u00e9s, n\u2019auront en effet en face pas des sans-papiers en attente d\u2019expulsion mais des hommes et des femmes sous le statut de r\u00e9fugi\u00e9s. On ne sait pas encore si le passage provisoire de l\u2019 \u00ab\u00a0urgence clandestins\u00a0\u00bb \u00e0 l\u2019 \u00ab\u00a0urgence r\u00e9fugi\u00e9s\u00a0\u00bb changera quelque chose au tarif \u00e9tabli pr\u00e9c\u00e9demment avec la pr\u00e9fecture de police de Milan, qui pr\u00e9voyait 40 euros par personne contre les 54 euros par jour qu\u2019empochait auparavant la <b class=\"spip\">Croix Rouge<\/b>. Le nombre de places d\u2019enfermement resterait par contre de 140.<\/p>\n<p class=\"spip\" align=\"justify\">L\u2019entr\u00e9e officielle de <b class=\"spip\">GEPSA<\/b> dans le monde de l\u2019enfermement en Italie n\u2019est pas une petite nouveaut\u00e9, et nous pensons qu\u2019elle m\u00e9rite deux mots de plus. <b class=\"spip\">GEPSA<\/b>, filiale de <b class=\"spip\">COFELY<\/b>, qui appartient elle-m\u00eame \u00e0 la multinationale de l\u2019\u00e9nergie <b class=\"spip\">GDF-SUEZ<\/b>, a \u00e9t\u00e9 cr\u00e9\u00e9e en 1987 pour exploiter les possibilit\u00e9s que l\u2019Etat fran\u00e7ais offrait alors aux entreprises priv\u00e9es pour participer au march\u00e9 de la gestion et de la construction des lieux d\u2019enfermement hexagonaux. Une ouverture au priv\u00e9 li\u00e9e \u00e0 la d\u00e9cision de l\u2019Etat fran\u00e7ais d\u2019augmenter le nombre de places disponibles dans ses prisons, dont <b class=\"spip\">GEPSA<\/b> a certainement fourni une contribution importante, si bien qu\u2019on peut la consid\u00e9rer comme le principal partenaire de l\u2019Administration p\u00e9nitentiaire.<\/p>\n<p class=\"spip\" align=\"justify\">Son acronyme r\u00e9v\u00e8le qu\u2019elle s\u2019est sp\u00e9cialis\u00e9e dans la \u00ab\u00a0gestion des services auxiliaires dans les \u00e9tablissements p\u00e9nitentiaires\u00a0\u00bb et en r\u00e9alit\u00e9, au sein de la logistique de la d\u00e9tention, <b class=\"spip\">GEPSA<\/b> fait un peu de tout\u00a0: manutention g\u00e9n\u00e9rale et des syst\u00e8mes \u00e9lectriques, hydrauliques et thermiques, nettoyage des b\u00e2timents, informatique, nettoyage des espaces verts, nourriture, transport et linge des d\u00e9tenus, restauration du personnel p\u00e9nitentiaire.<br \/>\nL\u2019autre activit\u00e9 dans laquelle <b class=\"spip\">GEPSA<\/b> se distingue est l\u2019exploitation du travail des prisonniers \u00e0 travers la gestion de nombreuses entreprises \u00e0 l\u2019int\u00e9rieur des prisons. Chaque jour, 1700 d\u00e9tenus sont mis au travail par <b class=\"spip\">GEPSA<\/b> et chaque ann\u00e9e 180 d\u2019entre eux sont recas\u00e9s dehors apr\u00e8s leur sortie de prison.<br \/>\nPour donner d\u2019autres chiffres, <b class=\"spip\">GEPSA<\/b> g\u00e8re 34 prisons et 8 centres de r\u00e9tention pour une superficie de 715 000 m\u00b2, elle participe \u00e0 un consortium qui s\u2019occupe de la construction de 4 autres prisons. Elle lave 8 tonnes de linge et pr\u00e9pare 14500 repas par jour, et compte 400 employ\u00e9s.<\/p>\n<p class=\"spip\" align=\"justify\">Ces chiffres aident \u00e0 se rendre compte ce qu\u2019est <b class=\"spip\">GEPSA<\/b>, et du fait qu\u2019elle puisse possiblement devenir ce gestionnaire unique des centres de r\u00e9tention italiens dont parlent depuis longtemps les autorit\u00e9s. A ce propos, en plus de sa taille, son exp\u00e9rience acquise dans le monde carc\u00e9ral, dont la gestion des dispositifs de s\u00e9curit\u00e9 de la plus grande prison d\u2019Europe (Fleury-M\u00e9rogis), joue en sa faveur.<br \/>\nL\u2019\u00e9ventualit\u00e9 que <b class=\"spip\">GEPSA<\/b> devienne le futur gestionnaire unique des centres de r\u00e9tention italiens ou m\u00eame qu\u2019elle ne fasse que se substituer \u00e0 la <b class=\"spip\">Croix Rouge<\/b> dans la gestion d\u2019un grand nombre de ces centres, pourrait rendre la r\u00e9sistance des enferm\u00e9s plus difficile et risquer de plomber un peu plus le moral des initiatives \u00e0 l\u2019ext\u00e9rieur &#8230; Ne pas avoir face \u00e0 soi une <b class=\"spip\">Croix Rouge<\/b> sur laquelle tirer mais une lointaine soci\u00e9t\u00e9 fran\u00e7aise pourrait augmenter le sentiment d\u2019impuissance. Mais \u00e0 bien y r\u00e9fl\u00e9chir, pour agir, nul besoin de se rendre jusque dans la rue Henri Sainte-Claire D\u00e9ville \u00e0 Rueil-Malmaison (voir <a class=\"spip_out\" href=\"http:\/\/www.cofely-gdfsuez.it\/contatti\/\">ici le lien<\/a> avec toutes des adresses <b class=\"spip\">GEPSA<\/b> en Italie).<\/p>\n<p class=\"spip\" align=\"justify\">[Traduit de l\u2019italien, \u00ab\u00a0<i class=\"spip\">Voil\u00e0 Gepsa<\/i>\u00ab\u00a0, de <a class=\"spip_out\" href=\"http:\/\/www.autistici.org\/macerie\/?p=30809\">macerie<\/a> @ Settembre 7, 2014]<\/p>\n<hr class=\"spip\" \/>\n<p class=\"spip\" align=\"justify\"><b class=\"spip\">Historique de Gepsa (Cofely, GDF-SUEZ)<\/b><\/p>\n<p class=\"spip\" align=\"justify\">1987\u00a0: cr\u00e9ation de Gepsa pour r\u00e9pondre \u00e0 la demande de l\u2019\u00c9tat de d\u00e9l\u00e9guer certaines fonctions \u00e0 des entreprises priv\u00e9es dans le cadre d\u2019un programme de modernisation du parc p\u00e9nitentiaire.<\/p>\n<p class=\"spip\" align=\"justify\">1990\u00a0: obtention, en association avec Eurest et Cofely d\u2019un march\u00e9 de fonctionnement de 5 \u00e9tablissements du programme 13 000 places, pour une dur\u00e9e de 11 ans.<\/p>\n<p class=\"spip\" align=\"justify\">2002\u00a0: obtention dans le cadre du march\u00e9 de renouvellement du programme 13 000, de 15 \u00e9tablissements pour une dur\u00e9e de 8 ans.<\/p>\n<p class=\"spip\" align=\"justify\">2005\u00a0: GEPSA assure l\u2019entretien maintenance de la base militaire de Satory pour une dur\u00e9e de 7 ans.<\/p>\n<p class=\"spip\" align=\"justify\">2006-2009\u00a0: r\u00e9alisation avec l\u2019administration p\u00e9nitentiaire d\u2019un programme europ\u00e9en (Equal) en faveur la mise en r\u00e9seau des diff\u00e9rents acteurs de la r\u00e9insertion au profit des personnes les plus \u00e9loign\u00e9es de l\u2019emploi. Les initiatives qui ont \u00e9t\u00e9 valid\u00e9es ont \u00e9t\u00e9 essaim\u00e9es sur un grand nombre d\u2019\u00e9tablissements.<\/p>\n<p class=\"spip\" align=\"justify\">2007\u00a0: obtention du <i class=\"spip\">Troph\u00e9e national de l\u2019entreprise citoyenne<\/i> d\u00e9livr\u00e9 par le Cidan sous le haut patronage du S\u00e9nat, r\u00e9compensant des actions men\u00e9es en faveur de la r\u00e9insertion.<\/p>\n<p class=\"spip\" align=\"justify\">2009\u00a0: obtention de la prise en charge de 10 nouveaux \u00e9tablissements p\u00e9nitentiaires issus du programme 13 200 places (dont 7 ont \u00e9t\u00e9 construits en partenariat public-priv\u00e9). Gepsa assure l\u2019ouverture de ces 10 \u00e9tablissements en 18 mois.<\/p>\n<p class=\"spip\" align=\"justify\">2010\u00a0: Gepsa renouvelle le march\u00e9 de fonctionnement obtenu en 2002 pour 6 \u00e9tablissements.<\/p>\n<p class=\"spip\" align=\"justify\">2011\u00a0: apr\u00e8s 40 ans de gestion interne, l\u2019administration p\u00e9nitentiaire confie \u00e0 Gepsa l\u2019entretien-maintenance de la Maison d\u2019arr\u00eat de Fleury-M\u00e9rogis (3 500 places), au fur et \u00e0 mesure de sa r\u00e9novation.<\/p>\n<table border=\"0\" width=\"100%\" cellspacing=\"0\" cellpadding=\"0\">\n<tbody>\n<tr>\n<td align=\"left\" width=\"100%\" height=\"4\"><img decoding=\"async\" src=\"http:\/\/cettesemaine.free.fr\/spip\/biopics\/rien.gif\" alt=\"\" height=\"4\" border=\"0\" \/><\/td>\n<\/tr>\n<tr>\n<td class=\"tableaplat\" width=\"100%\" height=\"4\"><img decoding=\"async\" src=\"http:\/\/cettesemaine.free.fr\/spip\/biopics\/rien.gif\" alt=\"\" height=\"4\" border=\"0\" \/><\/td>\n<\/tr>\n<tr>\n<td align=\"center\"><img loading=\"lazy\" decoding=\"async\" class=\"iconelien\" src=\"http:\/\/cettesemaine.free.fr\/spip\/biopics\/rien.gif\" alt=\"Suivant\" width=\"10\" height=\"10\" border=\"0\" \/><\/td>\n<\/tr>\n<\/tbody>\n<\/table>\n<\/td>\n<\/tr>\n<\/tbody>\n<\/table>\n<\/td>\n<\/tr>\n<\/tbody>\n<\/table>\n","protected":false},"excerpt":{"rendered":"<p>Pendant que la construction du centre p\u00e9nitentiaire se termine, faisons connaissance pour l&rsquo;attaque des futurs gestionnaires&#8230; C&rsquo;est \u00e0 dire : GESPA. Les prisonniers et les sans papiers \u00e0 l&rsquo;int\u00e9rieur se r\u00e9voltent, nous \u00e0 l&rsquo;ext\u00e9rieur des murs qui les emprisonnent&#8230; L&rsquo;attaque contre ce monde de merde est toujours possible GEPSA (Cofely\/GDF-Suez)\u00a0: les matons passent les Alpes [&hellip;]<\/p>\n","protected":false},"author":7964,"featured_media":0,"comment_status":"closed","ping_status":"closed","sticky":false,"template":"","format":"standard","meta":{"footnotes":""},"categories":[1],"tags":[],"class_list":["post-439","post","type-post","status-publish","format-standard","hentry","category-general"],"_links":{"self":[{"href":"https:\/\/lelaboratoireanarchiste.noblogs.org\/index.php?rest_route=\/wp\/v2\/posts\/439","targetHints":{"allow":["GET"]}}],"collection":[{"href":"https:\/\/lelaboratoireanarchiste.noblogs.org\/index.php?rest_route=\/wp\/v2\/posts"}],"about":[{"href":"https:\/\/lelaboratoireanarchiste.noblogs.org\/index.php?rest_route=\/wp\/v2\/types\/post"}],"author":[{"embeddable":true,"href":"https:\/\/lelaboratoireanarchiste.noblogs.org\/index.php?rest_route=\/wp\/v2\/users\/7964"}],"replies":[{"embeddable":true,"href":"https:\/\/lelaboratoireanarchiste.noblogs.org\/index.php?rest_route=%2Fwp%2Fv2%2Fcomments&post=439"}],"version-history":[{"count":6,"href":"https:\/\/lelaboratoireanarchiste.noblogs.org\/index.php?rest_route=\/wp\/v2\/posts\/439\/revisions"}],"predecessor-version":[{"id":491,"href":"https:\/\/lelaboratoireanarchiste.noblogs.org\/index.php?rest_route=\/wp\/v2\/posts\/439\/revisions\/491"}],"wp:attachment":[{"href":"https:\/\/lelaboratoireanarchiste.noblogs.org\/index.php?rest_route=%2Fwp%2Fv2%2Fmedia&parent=439"}],"wp:term":[{"taxonomy":"category","embeddable":true,"href":"https:\/\/lelaboratoireanarchiste.noblogs.org\/index.php?rest_route=%2Fwp%2Fv2%2Fcategories&post=439"},{"taxonomy":"post_tag","embeddable":true,"href":"https:\/\/lelaboratoireanarchiste.noblogs.org\/index.php?rest_route=%2Fwp%2Fv2%2Ftags&post=439"}],"curies":[{"name":"wp","href":"https:\/\/api.w.org\/{rel}","templated":true}]}}