{"id":431,"date":"2014-09-15T13:57:04","date_gmt":"2014-09-15T11:57:04","guid":{"rendered":"http:\/\/lelaboratoireanarchiste.noblogs.org\/?p=431"},"modified":"2014-09-15T13:59:58","modified_gmt":"2014-09-15T11:59:58","slug":"italie-greve-de-sortie-des-prisonniers-no-tav-en-solidarite-avec-graziano-mazzarelli","status":"publish","type":"post","link":"https:\/\/lelaboratoireanarchiste.noblogs.org\/?p=431","title":{"rendered":"[Italie ]: Gr\u00e8ve de sortie des prisonniers No TAV en solidarit\u00e9 avec Graziano Mazzarelli"},"content":{"rendered":"<p>Depuis son incarc\u00e9ration il y a deux mois, Graziano Mazzarelli (inculp\u00e9 dans l\u2019affaire No TAV) a \u00e9t\u00e9 maintenu en isolement. R\u00e9cemment, en plus de son interdiction de sortir, il a \u00e9t\u00e9 d\u00e9plac\u00e9 dans un couloir ou les autres cellules sont vides. La prison lui interdit de laver ses v\u00eatements et lui prend tout son courrier. Depuis le 1er septembre, Chiarra Zenobi (autre prisonni\u00e8re No TAV) est donc en \u2019gr\u00e8ve de sortie\u2019 et refuse de se rendre dans la cour pour sa sortie. Elle est suivie dans son mouvement de solidarit\u00e9 par Niccol\u00f2 Blasi, Mattia Zanotti (depuis le 9 septembre) et par Claudio Alberto (depuis le 10 septembre). Lucio Alberti et Francesco Sala s\u2019appr\u00eatent \u00e9galement \u00e0 rejoindre le mouvement.<\/p>\n<p>Les adresses postales des prisonniers No TAV :<\/p>\n<p>Francesco Sala &#8211; C.C. Via Palosca, 2 \u2013 26100 Cremona, Italia<\/p>\n<p>Lucio Alberti &#8211; C.C. Via Cassano Magnago, 102 \u2013 21052 Busto Arsizio (Varese), Italia<\/p>\n<p>Graziano Mazzarelli &#8211; C.C. via Paolo Perrone, 4, Borgo San Nicola \u2013 73100 Lecce, Italia<\/p>\n<p>Niccol\u00f2 Blasi \u2013 Mattia Zanotti &#8211; C.C. San Michele strada Casale, 50\/A \u2013 15121 Alessandria, Italia<\/p>\n<p>Claudio Alberto &#8211; C.C. Via dell\u2019Arginone, 327 \u2013 44100 Ferrara, Italia<\/p>\n<p>Chiara Zenobi &#8211; C.C. \u201cRebibbia\u201d Via Bartolo Longo, 92 \u2013 00156 Roma, Italia<\/p>\n","protected":false},"excerpt":{"rendered":"<p>Depuis son incarc\u00e9ration il y a deux mois, Graziano Mazzarelli (inculp\u00e9 dans l\u2019affaire No TAV) a \u00e9t\u00e9 maintenu en isolement. R\u00e9cemment, en plus de son interdiction de sortir, il a \u00e9t\u00e9 d\u00e9plac\u00e9 dans un couloir ou les autres cellules sont vides. La prison lui interdit de laver ses v\u00eatements et lui prend tout son courrier. [&hellip;]<\/p>\n","protected":false},"author":7964,"featured_media":0,"comment_status":"closed","ping_status":"closed","sticky":false,"template":"","format":"standard","meta":{"footnotes":""},"categories":[1],"tags":[],"class_list":["post-431","post","type-post","status-publish","format-standard","hentry","category-general"],"_links":{"self":[{"href":"https:\/\/lelaboratoireanarchiste.noblogs.org\/index.php?rest_route=\/wp\/v2\/posts\/431","targetHints":{"allow":["GET"]}}],"collection":[{"href":"https:\/\/lelaboratoireanarchiste.noblogs.org\/index.php?rest_route=\/wp\/v2\/posts"}],"about":[{"href":"https:\/\/lelaboratoireanarchiste.noblogs.org\/index.php?rest_route=\/wp\/v2\/types\/post"}],"author":[{"embeddable":true,"href":"https:\/\/lelaboratoireanarchiste.noblogs.org\/index.php?rest_route=\/wp\/v2\/users\/7964"}],"replies":[{"embeddable":true,"href":"https:\/\/lelaboratoireanarchiste.noblogs.org\/index.php?rest_route=%2Fwp%2Fv2%2Fcomments&post=431"}],"version-history":[{"count":2,"href":"https:\/\/lelaboratoireanarchiste.noblogs.org\/index.php?rest_route=\/wp\/v2\/posts\/431\/revisions"}],"predecessor-version":[{"id":433,"href":"https:\/\/lelaboratoireanarchiste.noblogs.org\/index.php?rest_route=\/wp\/v2\/posts\/431\/revisions\/433"}],"wp:attachment":[{"href":"https:\/\/lelaboratoireanarchiste.noblogs.org\/index.php?rest_route=%2Fwp%2Fv2%2Fmedia&parent=431"}],"wp:term":[{"taxonomy":"category","embeddable":true,"href":"https:\/\/lelaboratoireanarchiste.noblogs.org\/index.php?rest_route=%2Fwp%2Fv2%2Fcategories&post=431"},{"taxonomy":"post_tag","embeddable":true,"href":"https:\/\/lelaboratoireanarchiste.noblogs.org\/index.php?rest_route=%2Fwp%2Fv2%2Ftags&post=431"}],"curies":[{"name":"wp","href":"https:\/\/api.w.org\/{rel}","templated":true}]}}