{"id":409,"date":"2014-09-06T21:06:20","date_gmt":"2014-09-06T19:06:20","guid":{"rendered":"http:\/\/lelaboratoireanarchiste.noblogs.org\/?p=409"},"modified":"2014-09-06T21:07:35","modified_gmt":"2014-09-06T19:07:35","slug":"la-prison-de-la-sante-videe-pour-mieux-enfermer","status":"publish","type":"post","link":"https:\/\/lelaboratoireanarchiste.noblogs.org\/?p=409","title":{"rendered":"La prison de La Sant\u00e9 vid\u00e9e&#8230; pour mieux enfermer"},"content":{"rendered":"<div class=\"chapo\">\n<p>La prison de la Sant\u00e9 vient d\u2019\u00eatre vid\u00e9e de ses 920 prisonniers&#8230; une bonne nouvelle\u00a0? Pour s\u00fbr non, car les d\u00e9tenus, ils ne les ont bien s\u00fbr pas lib\u00e9r\u00e9s, mais transf\u00e9r\u00e9s dans d\u2019autres maisons d\u2019arr\u00eat, principalement Fresnes (94) et Fleury-M\u00e9rogis (91), d\u2019autres dans le tout nouveau centre p\u00e9nitentiaire d\u2019Orl\u00e9ans-Saran par exemple, bien souvent plus loin de leurs proches.<\/p>\n<\/div>\n<p><small>\u00a0<\/small><\/p>\n<div class=\"texte\">\n<p>Mais les gestionnaires du monde carc\u00e9ral comptent remplir de nouveau cette derni\u00e8re taule parisienne apr\u00e8s une r\u00e9habilitation de ses b\u00e2timents\u00a0: les architectes parlent de \u00ab\u00a0rupture avec l\u2019aspect actuel tr\u00e8s oppressant\u00a0\u00bb&#8230; comme si des murs plus nets et moins humides pourraient faire que les prisonniers se sentent \u00ab\u00a0moins enferm\u00e9s\u00a0\u00bb\u00a0?! Il est s\u00fbr que des murs plus que pourris, des douches cass\u00e9es, le froid et autres joyeuset\u00e9s des vieilles prisons ne font que rajouter \u00e0 l\u2019humiliation mise en place pour mater les personnes enferm\u00e9es et les faire revenir plus docilement dans ce qu\u2019ils d\u00e9finissent comme le droit chemin. Mais n\u2019allez pas croire que les constructeurs et r\u00e9novateurs de prisons ont pour but le confort des prisonniers&#8230; sinon pourquoi enfermer ainsi des individus comme on enferme tout aussi sournoisement les animaux d\u2019\u00e9levage\u00a0? Il est clair que le but du syst\u00e8me carc\u00e9ral n\u2019est pas d\u2019enfermer pour enfermer, pour \u00e9loigner plus ou moins momentan\u00e9ment certaines personnes du reste de la soci\u00e9t\u00e9\u00a0: cet enfermement a pour but de remodeler (ou juste venir \u00e0 bout de) la personnalit\u00e9 des d\u00e9tenus, de les dompter, les \u00ab\u00a0convaincre\u00a0\u00bb par l\u2019humiliation et la peur de se soumettre aux r\u00e8gles de l\u2019ordre social, comme le montre bien l\u2019attention toujours croissante \u00e0 la \u00ab\u00a0r\u00e9insertion\u00a0\u00bb\u00a0: car \u00e9videmment, ce que veulent juges et politiciens, ce n\u2019est pas lib\u00e9rer des \u00ab\u00a0fauves\u00a0\u00bb aigris et hargneux d\u00e9cid\u00e9s \u00e0 venger leur souffrance, mais des moutons r\u00e9sign\u00e9s et ob\u00e9issants, \u00e0 qui on a appris que la vie c\u2019\u00e9tait celle qu\u2019on \u00ab\u00a0<a id=\"FALINK_1_0_0\" class=\"FAtxtL\" href=\"http:\/\/non-fides.fr\/?La-prison-de-La-Sante-videe-pour#\">gagne<\/a>\u00a0\u00bb au turbin, m\u00e9tro-boulot-dodo.<\/p>\n<p>C\u2019est donc pour rendre les prisons \u00e0 la fois plus acceptables aux yeux de tous, principalement des d\u00e9fenseurs des \u00ab\u00a0droits de l\u2019homme\u00a0\u00bb (comme si l\u2019enfermement dans une cage dor\u00e9e permettait de conserver toute sa dignit\u00e9\u00a0!), mais aussi plus efficaces pour fa\u00e7onner des moutons et non des fauves, que l\u2019on r\u00e9nove les prisons, certainement pas pour le bien des prisonniers.<\/p>\n<p>Le projet de r\u00e9habilitation de la Sant\u00e9 compte parmi ses ma\u00eetres-mots l\u2019\u00ab\u00a0am\u00e9lioration des conditions de travail pour le personnel p\u00e9nitentiaire\u00a0\u00bb\u00a0: sachant que plus de s\u00e9curit\u00e9 pour les matons, \u00e7a veut dire, pour eux, plus de tours de cl\u00e9, plus de surveillance, donc encore plus de restrictions pour les encag\u00e9s. Car comme pour tous les d\u00e9fenseurs de ce monde de merde, leur s\u00e9curit\u00e9, c\u2019est notre plaie.<\/p>\n<p>En bref, les travaux dureront normalement jusqu\u2019en 2018. D\u2019ici-l\u00e0, seul le centre de semi-libert\u00e9 (entre taf et taule, toujours enferm\u00e9s) comprenant une centaine de places et d\u00e9j\u00e0 r\u00e9cemment r\u00e9nov\u00e9 restera \u00ab\u00a0ouvert\u00a0\u00bb. La gestion du projet en Partenariat Public-Priv\u00e9 et la recherche d\u2019entreprises pr\u00eates \u00e0 mener les travaux a \u00e9t\u00e9 \u00e0 la charge de l\u2019APIJ (Agence Publique pour l\u2019Immobilier de la Justice). Et les d\u00e9tails des travaux n\u2019ont pas encore \u00e9t\u00e9 d\u00e9voil\u00e9s, on a seulement pu entendre parler d\u2019une capacit\u00e9 finale de 800 places (dont 100 en semi-libert\u00e9) avec davantage de cellules individuelles, et plus globalement d\u2019une \u00ab\u00a0modernisation des conditions de d\u00e9tention\u00a0\u00bb et du \u00ab\u00a0d\u00e9veloppement de dispositifs de r\u00e9insertion active des d\u00e9tenus\u00a0\u00bb. Quant aux entreprises du b\u00e2timent, architectes et banques collabos de ce projet, leurs noms ont \u00e9t\u00e9 rendus publics par l\u2019APIJ <i>[voir encadr\u00e9]<\/i>.<\/p>\n<p>Et pour couronner le tout, les r\u00e9novateurs devront veiller \u00e0 pr\u00e9server \u00ab\u00a0la symbolique particuli\u00e8re et la valeur patrimoniale de cet \u00e9tablissement\u00a0\u00bb&#8230; la symbolique d\u2019une prison&#8230; d\u2019autant plus d\u2019une vieille prison, que l\u2019on se souvienne \u00e0 quel point est tenace cette obsession d\u2019enfermer les r\u00e9calcitrants&#8230; pour nous rappeler qu\u2019il est toujours plus que temps d\u2019en finir avec cette torture\u00a0?<\/p>\n<p>Entreprises de construction ou de r\u00e9novation, tous ceux qui travaillent \u00e0 la machine \u00e0 enfermer sont complices du syst\u00e8me carc\u00e9ral, ne les laissons pas en paix\u00a0!<\/p>\n<p><strong>Tout le monde dehors\u00a0!<\/strong><\/p>\n<blockquote class=\"spip\"><p><br class=\"autobr\" \/> <i> <strong>Constructeurs (et mandataires)\u00a0:<\/strong> <\/i><br class=\"autobr\" \/> <strong>GTM B\u00e2timent<\/strong>, du groupe <strong>Vinci<\/strong>, des constructeurs de taules chevronn\u00e9s (CP de Draguignan, r\u00e9novation des Baumettes \u00e0 Marseille, CP de la Polyn\u00e9sie, \u00e0 Tahiti, CRA du Mesnil-Amelot)<\/p>\n<p><i> <strong> (Futurs) g\u00e9rants\u00a0:<\/strong> <\/i><br class=\"autobr\" \/> <strong>Gepsa <\/strong> (du groupe <strong>GdF-Suez<\/strong>\u00a0; cf. <i>Lucioles n\u00b0\u00a09<\/i>)<\/p>\n<p><i> <strong> Architectes\u00a0:<\/strong> <\/i><\/p>\n<p><strong> PIERRE VURPAS &amp; ASSOCI\u00c9S ARCHITECTES<\/strong><br class=\"autobr\" \/> 29-31 rue Saint Georges 6<br class=\"autobr\" \/> 9005 Lyon<br class=\"autobr\" \/> T\u00e9l. 04 72 40 95 55<br class=\"autobr\" \/> agence@vurpas-architectes.<\/p>\n<div style=\"width: auto;height: auto;text-decoration: underline;border-bottom: 1px solid;padding-bottom: 1px;color: #f35b00;cursor: pointer\">com<\/div>\n<p><br class=\"autobr\" \/> vurpas-architectes.com<\/p>\n<p>Ils ont aussi dessin\u00e9 le Palais de<\/p>\n<div style=\"width: auto;height: auto;text-decoration: underline;border-bottom: 1px solid;padding-bottom: 1px;color: #f35b00;cursor: pointer\">Justice<\/div>\n<p>de Lons-les-Saunier, les EPM (prisons pour mineurs) de Qui\u00e9vrechain, Meyzieu et Chauconin.<\/p>\n<p><strong> A.I.A. Architectes<\/strong><br class=\"autobr\" \/> 23, Rue de Cronstadt, 75015 Paris<br class=\"autobr\" \/> T\u00e9l\u00a0: 01 53 68 93 00<br class=\"autobr\" \/> (et autres adresses un peu partout en France)<br class=\"autobr\" \/> a-i-a.fr<\/p>\n<p><i> <strong> Banque de financement\u00a0:<\/strong> <\/i><\/p>\n<p><strong>Barclays Bank<\/strong>, qui finance aussi la construction (toujours en PPP) des prison de Beauvais, <strong><a title=\"contre toutes les prisons\" href=\"http:\/\/non-fides.fr\/?Contre-la-construction-de-la-3849\">Valence (Dr\u00f4me<\/a>)<\/strong>, Lutterbach (Haut-Rhin) et Riom (Puy-de-D\u00f4me) [cf. <i>Lucioles n\u00b0\u00a09<\/i>]<\/p>\n<h2>P.-S.<\/h2>\n<div>\n<p><i>Et pour bien se foutre de la gueule du monde et montrer une fa\u00e7ade de transparence aux curieux qui oseront s\u2019y aventurer de leur plein gr\u00e9, le personnel p\u00e9nitentiaire fera visiter la prison de la Sant\u00e9 au public pendant les travaux lors des journ\u00e9es du patrimoine, en septembre prochain\u00a0!<\/i><\/p>\n<\/div>\n<p>&nbsp;<\/p><\/blockquote>\n<\/div>\n<p>&nbsp;<\/p>\n","protected":false},"excerpt":{"rendered":"<p>La prison de la Sant\u00e9 vient d\u2019\u00eatre vid\u00e9e de ses 920 prisonniers&#8230; une bonne nouvelle\u00a0? Pour s\u00fbr non, car les d\u00e9tenus, ils ne les ont bien s\u00fbr pas lib\u00e9r\u00e9s, mais transf\u00e9r\u00e9s dans d\u2019autres maisons d\u2019arr\u00eat, principalement Fresnes (94) et Fleury-M\u00e9rogis (91), d\u2019autres dans le tout nouveau centre p\u00e9nitentiaire d\u2019Orl\u00e9ans-Saran par exemple, bien souvent plus loin [&hellip;]<\/p>\n","protected":false},"author":7964,"featured_media":0,"comment_status":"closed","ping_status":"closed","sticky":false,"template":"","format":"standard","meta":{"footnotes":""},"categories":[1],"tags":[],"class_list":["post-409","post","type-post","status-publish","format-standard","hentry","category-general"],"_links":{"self":[{"href":"https:\/\/lelaboratoireanarchiste.noblogs.org\/index.php?rest_route=\/wp\/v2\/posts\/409","targetHints":{"allow":["GET"]}}],"collection":[{"href":"https:\/\/lelaboratoireanarchiste.noblogs.org\/index.php?rest_route=\/wp\/v2\/posts"}],"about":[{"href":"https:\/\/lelaboratoireanarchiste.noblogs.org\/index.php?rest_route=\/wp\/v2\/types\/post"}],"author":[{"embeddable":true,"href":"https:\/\/lelaboratoireanarchiste.noblogs.org\/index.php?rest_route=\/wp\/v2\/users\/7964"}],"replies":[{"embeddable":true,"href":"https:\/\/lelaboratoireanarchiste.noblogs.org\/index.php?rest_route=%2Fwp%2Fv2%2Fcomments&post=409"}],"version-history":[{"count":1,"href":"https:\/\/lelaboratoireanarchiste.noblogs.org\/index.php?rest_route=\/wp\/v2\/posts\/409\/revisions"}],"predecessor-version":[{"id":410,"href":"https:\/\/lelaboratoireanarchiste.noblogs.org\/index.php?rest_route=\/wp\/v2\/posts\/409\/revisions\/410"}],"wp:attachment":[{"href":"https:\/\/lelaboratoireanarchiste.noblogs.org\/index.php?rest_route=%2Fwp%2Fv2%2Fmedia&parent=409"}],"wp:term":[{"taxonomy":"category","embeddable":true,"href":"https:\/\/lelaboratoireanarchiste.noblogs.org\/index.php?rest_route=%2Fwp%2Fv2%2Fcategories&post=409"},{"taxonomy":"post_tag","embeddable":true,"href":"https:\/\/lelaboratoireanarchiste.noblogs.org\/index.php?rest_route=%2Fwp%2Fv2%2Ftags&post=409"}],"curies":[{"name":"wp","href":"https:\/\/api.w.org\/{rel}","templated":true}]}}