{"id":3632,"date":"2015-12-24T06:56:40","date_gmt":"2015-12-24T05:56:40","guid":{"rendered":"http:\/\/lelaboratoireanarchiste.noblogs.org\/?p=3632"},"modified":"2015-12-24T06:58:24","modified_gmt":"2015-12-24T05:58:24","slug":"geneve-suisse-emeute-contre-ce-monde-de-riches","status":"publish","type":"post","link":"https:\/\/lelaboratoireanarchiste.noblogs.org\/?p=3632","title":{"rendered":"Gen\u00e8ve (Suisse) : Emeute contre ce monde de riches"},"content":{"rendered":"<p><a href=\"http:\/\/cettesemaine.info\/breves\/spip.php?article1381&amp;lang=fr\">br\u00e8ves du d\u00e9sordre<\/a><\/p>\n<p><strong> R\u00e9cit d\u2019un d\u00e9fil\u00e9 visant \u00e0 se r\u00e9approprier la rue par l\u2019action directe<\/strong><\/p>\n<p>Tribune de Gen\u00e8ve, 20.12.2015, 17h42<\/p>\n<p>Le but de la manifestation \u00e9tait d\u2019occuper la rue de mani\u00e8re forte. Les casseurs ont pris le dessus, les d\u00e9g\u00e2ts sont consid\u00e9rables. Le monde culturel genevois condamne.<\/p>\n<p>Sur les affiches et flyers, le lieu du rendez-vous : une \u00ab Sauvage \u00bb, ce samedi, \u00e0 22 h, dans le parc des Cropettes. Concert ? Rassemblement ? Manifestation ? Les trois \u00e0 la fois, assortis d\u2019un mot d\u2019ordre non sign\u00e9 : \u00ab Nous prenons la rue car elle se passe volontiers des subventions qui servent maintenant \u00e0 faire chanter les lieux de culture alternative. \u00bb Les participants sont nombreux \u00e0 venir au rendez-vous. Les premiers ont amen\u00e9 de la musique, les suivants arrivent en bande organis\u00e9e avec du mat\u00e9riel pour repeindre la ville. <strong>Ils ont le visage masqu\u00e9, leur propre service d\u2019ordre et la pr\u00e9sence des photographes n\u2019est pas tol\u00e9r\u00e9e dans leur p\u00e9rim\u00e8tre.<br \/>\n<\/strong><br \/>\nLes tracts distribu\u00e9s sur l\u2019herbe r\u00e9capitulent les \u00ab conseils utiles \u00e0 conna\u00eetre en cas d\u2019arrestation \u00bb. Une bonne cinquantaine de participants d\u00e9boulent avec leur tenue et panoplie \u00e9meuti\u00e8res. Ni contr\u00f4le ni fouille aux abords du parc. Les gendarmes \u00e9taient plus z\u00e9l\u00e9s, une semaine plus t\u00f4t, au d\u00e9part du picoulet des coll\u00e9giens\u2026<\/p>\n<p>\u00ab On est v\u00e9n\u00e8re \u00bb<\/p>\n<p>Malgr\u00e9 la sono embarqu\u00e9e, l\u2019ambiance n\u2019a rien de particuli\u00e8rement festif. On pose la question : \u00ab Vous \u00eates qui ? \u00bb R\u00e9ponse : \u00ab Des gens en col\u00e8re ! \u00bb Elle se lit sur la banderole : \u00ab Culture de lutte, Maudet culbute. \u00bb Elle se voit dans la d\u00e9marche, d\u00e9termin\u00e9e et frondeuse. <strong>A 22 h 30, les manifestants se mettent en mouvement. Ils sont pr\u00e8s de 500 \u00e0 descendre vers la gare en empruntant le passage des Alpes. Les tagueurs ont sorti bombes et pochoirs. Ils se chauffent sur les murs, avant de s\u2019attaquer aux enseignes de Cornavin.<\/strong> En quelques minutes, la fa\u00e7ade est relook\u00e9e \u00e0 hauteur d\u2019homme et le mobilier urbain marqu\u00e9 au spray. <strong>Comme les cam\u00e9ras de vid\u00e9osurveillance, m\u00e9thodiquement neutralis\u00e9es par des individus dou\u00e9s pour l\u2019escalade. Les \u00e9crans, dans les salles de contr\u00f4le, virent au noir.<\/strong><\/p>\n<p>Les slogans ne cherchent pas la rime. \u00ab On est v\u00e9n\u00e8re \u00bb, cela se lit \u00e0 chaque coin de rue. Une<strong> odeur de peinture fra\u00eeche permet de suivre la manif qui avance sans se retourner. Les d\u00e9pr\u00e9dations montent d\u2019un cran \u00e0 l\u2019approche de Bel-Air. On cible les banques, les bijouteries, les commerces de luxe ; les vitres blind\u00e9es sont n\u00e9goci\u00e9es au marteau. La Corraterie en prend pour son grade, les alarmes effraction se d\u00e9clenchent en plusieurs endroits.<\/strong><\/p>\n<p>Nulle pr\u00e9sence polici\u00e8re jusque-l\u00e0. Tout au plus un fourgon de gendarmerie \u00e0 l\u2019entr\u00e9e des Rues-Basses, deux autres au bas de la Treille. Les acc\u00e8s \u00e0 la Vieille-Ville sont barr\u00e9s. Pas le parvis du mus\u00e9e Rath, investi par une br\u00e8ve performance d\u2019artistes ; encore moins les marches du Grand Th\u00e9\u00e2tre. <strong>En moins de deux minutes, la fa\u00e7ade de l\u2019op\u00e9ra change de couleur. Des projections de peinture en grande quantit\u00e9. Souillures XXL.<\/strong> Le r\u00e9sultat est spectaculaire.<\/p>\n<p>Les meneurs cherchent la confrontation<\/p>\n<p>On approche de minuit. Les manifestants ont investi Plainpalais, remontent l\u2019avenue du Mail jusqu\u2019\u00e0 la rue de l\u2019Ecole-de-M\u00e9decine. Du monde partout. <strong>Et une d\u00e9termination qui ne fl\u00e9chit pas au moment de redescendre le boulevard Carl-Vogt en direction de l\u2019H\u00f4tel de Police. La vitrine d\u2019un magasin sp\u00e9cialis\u00e9 dans la vente de mat\u00e9riel de s\u00e9curit\u00e9 ne r\u00e9siste pas aux coups. Les pr\u00e9sentoirs sont d\u00e9pouill\u00e9s de leurs accessoires, des mains se servent dans la coutellerie <\/strong>et un mannequin est d\u00e9membr\u00e9 sur le trottoir.<\/p>\n<p>En t\u00eate, les meneurs cherchent la confrontation. Ils la trouvent : les forces de l\u2019ordre font barrage devant la Maison de quartier de la Jonction. Ils ont sorti leur canon \u00e0 eau anti\u00e9meute. Les ultras vont au contact, jettent des projectiles, certains inflammables, avant de battre en retraite en se repliant sur l\u2019avenue Sainte-Clotilde. La manif commence \u00e0 s\u2019essouffler. Elle signe ses derniers tags col\u00e9riques sur les murs de la rue des Bains, brise une ultime enseigne, traverse la place des Volontaires et retourne aux Cropettes. <strong>Les plus actifs se d\u00e9barrassent de leurs surv\u00eatements en les br\u00fblant sur la passerelle des Lavandi\u00e8res ou en les jetant dans le Rh\u00f4ne. Ils respectent les conseils \u00e9crits d\u2019avant manif : \u00ab Surtout, n\u2019abandonne pas tes affaires n\u2019importe o\u00f9. La police genevoise adore les pr\u00e9l\u00e8vements d\u2019empreintes et d\u2019ADN. \u00bb<\/strong><\/p>\n<p>Les traces restantes seront surtout pour les vitriers et les assureurs. Pendant 90 minutes et sans temps mort, 500 personnes, majoritairement pacifistes, ont exprim\u00e9 leur m\u00e9contentement social et culturel. \u00ab C\u2019est la r\u00e9ponse nocturne \u00e0 l\u2019arrogance des politiques \u00bb, l\u00e2che une participante qui soutient la cause \u00e0 d\u00e9faut de d\u00e9fendre le passage \u00e0 l\u2019action directe d\u2019une cinquantaine d\u2019entre eux.<br \/>\n____________________________________________________________________________________<br \/>\n<strong>Une manifestation sauvage d\u00e9g\u00e9n\u00e8re et cr\u00e9e le malaise<\/strong><\/p>\n<p>TDG, 20.12.2015, 21h43<\/p>\n<p>Parmi les 500 participants, une cinquantaine ont commis de nombreuses d\u00e9pr\u00e9dations. La police est accus\u00e9e d\u2019avoir sous-estim\u00e9 l\u2019\u00e9v\u00e9nement.<\/p>\n<p><strong>Gen\u00e8ve craignait un acte terroriste. Le chaos est venu samedi soir d\u2019une frange d\u2019extr\u00e9mistes suisses anarchistes et anticapitalistes anim\u00e9s par le d\u00e9sir de d\u00e9fier l\u2019Etat.<\/strong> Leurs tags ont souill\u00e9 une multitude de fa\u00e7ades. Les banques n\u2019ont pas seulement \u00e9t\u00e9 vis\u00e9es. <strong>Les d\u00e9pr\u00e9dations les plus spectaculaires concernent le Grand Th\u00e9\u00e2tre, dont l\u2019entr\u00e9e a \u00e9t\u00e9 macul\u00e9e de peinture. Une vingtaine de vitrines ont \u00e9t\u00e9 bris\u00e9es, dont celle du commerce du d\u00e9put\u00e9 MCG Eric Stauffer, malmen\u00e9 sur place. Ces d\u00e9bordements vont co\u00fbter cher, et pas seulement en termes financiers.<\/strong> Beaucoup de questions se posent.<\/p>\n<p>Qui se cache derri\u00e8re cette action ?<\/p>\n<p>Tout est parti d\u2019un rassemblement sauvage, annonc\u00e9 depuis au moins une semaine sur le site Internet Renvers\u00e9, organis\u00e9 dans le but de d\u00e9fendre la culture alternative. Par qui ? Myst\u00e8re. L\u2019Usine, haut lieu genevois de la culture alternative, engag\u00e9e dans un combat contre l\u2019Etat pour d\u00e9fendre sa singularit\u00e9, conteste toute implication (lire ci-contre). Le mouvement La Culture lutte affirme de son c\u00f4t\u00e9 dans un communiqu\u00e9 que son nom a \u00e9t\u00e9 utilis\u00e9 \u00e0 tort par des manifestants. Il condamne d\u2019ailleurs les d\u00e9pr\u00e9dations. Le rendez-vous s\u2019est transform\u00e9 en manifestation \u00e0 laquelle une cinquantaine de personnes v\u00eatues de noir, masqu\u00e9es, se sont m\u00eal\u00e9es, pr\u00eates \u00e0 en d\u00e9coudre avec la police. Leurs propos et leurs \u00e9crits sur les murs laissent penser que certaines venaient de Suisse al\u00e9manique.<\/p>\n<p>Que visaient les perturbateurs ?<\/p>\n<p><strong>Des messages anticapitalistes, antiriches, antipoliciers, anti-Maudet (ministre de la S\u00e9curit\u00e9 et de l\u2019Economie), bref anti-syst\u00e8me ont macul\u00e9 les fa\u00e7ades. Le Grand Th\u00e9\u00e2tre, symbole d\u2019une culture traditionnelle, en a pris pour son grade. Le magasin d\u2019e-cigarettes du d\u00e9put\u00e9 MCG Eric Stauffer, peu tendre avec l\u2019Usine, vis\u00e9 \u00e0 moult reprises ces derniers mois, a cette fois \u00e9t\u00e9 carr\u00e9ment saccag\u00e9 et pill\u00e9<\/strong>. \u00ab Quand j\u2019ai vu les images en direct des casseurs, gr\u00e2ce \u00e0 un syst\u00e8me d\u2019alarme, j\u2019ai appel\u00e9 le 117 et on m\u2019a dit qu\u2019on n\u2019enverrait pas de patrouille ! Alors j\u2019ai voulu aller sur place. On m\u2019a r\u00e9pondu : faites comme vous voulez. Puis on m\u2019a rappel\u00e9 pour me d\u00e9courager d\u2019y aller, raconte Eric Stauffer. Je m\u2019y suis rendu. Je me suis tout \u00e0 coup retrouv\u00e9 entour\u00e9 de plus d\u2019une centaine de personnes. Trois policiers pr\u00e9sents sont repartis. J\u2019ai d\u00fb faire face seul \u00e0 cette situation pendant une vingtaine de minutes. Je ne pouvais pas partir. J\u2019ai pris des projectiles. J\u2019ai vu une personne pr\u00e8s de moi tomber \u00e0 terre et se faire frapper. J\u2019ai chop\u00e9 un manifestant que j\u2019ai couch\u00e9 sur le trottoir. \u00bb Il a fallu que la brigade d\u2019intervention accoure pour l\u2019extraire des lieux.<\/p>\n<p>Encore choqu\u00e9, le d\u00e9put\u00e9, qui compte d\u00e9poser une plainte, critique \u00e0 tout-va. Il d\u00e9nonce le manque de r\u00e9activit\u00e9 de la police et la faiblesse de Pierre Maudet face \u00e0 l\u2019Usine, qu\u2019il consid\u00e8re comme responsable de ces d\u00e9bordements.<\/p>\n<p>La police a-t-elle agi correctement ?<\/p>\n<p>Gen\u00e8ve a d\u00e9j\u00e0 connu des nuits agit\u00e9es laissant des traces.<strong> Mais cette action coup-de-poing tombe mal. Elle survient alors que toutes les forces de l\u2019ordre sont sur les dents, mobilis\u00e9es face \u00e0 une menace terroriste plus pr\u00e9gnante depuis le 9 d\u00e9cembre.<\/strong> A-t-on alors sous-estim\u00e9 l\u2019impact de ce rassemblement sauvage ? \u00ab J\u2019attends les explications de la police sur les circonstances de ce d\u00e9bordement inadmissible \u00bb, a r\u00e9agi hier matin Pierre Maudet sur notre site Internet, \u00ab furieux et scandalis\u00e9 par ce saccage \u00bb. La cheffe de la police Monica Bonfanti affirme que ses troupes n\u2019ont pas \u00e9t\u00e9 d\u00e9bord\u00e9es. Et elle d\u00e9fend la doctrine d\u2019engagement en mati\u00e8re de maintien de l\u2019ordre, propre \u00e0 toutes les polices suisses.<\/p>\n<p>Quel est le bilan humain et mat\u00e9riel ?<\/p>\n<p>Le bilan n\u2019est pas d\u00e9finitif. Pour l\u2019heure, deux policiers ont \u00e9t\u00e9 l\u00e9g\u00e8rement bless\u00e9s. Y aurait-il eu d\u2019autres victimes, comme le sugg\u00e8re Eric Stauffer ? Pas de confirmation officielle \u00e0 ce stade de la part de la police. Celle-ci fera le compte ces prochains jours du nombre de plaintes d\u00e9pos\u00e9es notamment pour d\u00e9pr\u00e9dations. \u00ab <strong>Aux derni\u00e8res estimations, une vingtaine de vitrines ont \u00e9t\u00e9 cass\u00e9es \u00bb, indique en tout cas le porte-parole de la police, Jean-Philippe Brandt. \u00ab Les d\u00e9g\u00e2ts n\u2019ont pas encore pu \u00eatre chiffr\u00e9s, mais ils se montent \u00e0 plusieurs dizaines de milliers de francs. \u00bb<br \/>\n<\/strong><br \/>\nLe d\u00e9g\u00e2t d\u2019image pour le canton, lui, ne se calcule pas. Quant aux cons\u00e9quences politiques de cette affaire, elles risquent d\u2019\u00eatre lourdes.<\/p>\n","protected":false},"excerpt":{"rendered":"<p>br\u00e8ves du d\u00e9sordre R\u00e9cit d\u2019un d\u00e9fil\u00e9 visant \u00e0 se r\u00e9approprier la rue par l\u2019action directe Tribune de Gen\u00e8ve, 20.12.2015, 17h42 Le but de la manifestation \u00e9tait d\u2019occuper la rue de mani\u00e8re forte. Les casseurs ont pris le dessus, les d\u00e9g\u00e2ts sont consid\u00e9rables. Le monde culturel genevois condamne. Sur les affiches et flyers, le lieu du [&hellip;]<\/p>\n","protected":false},"author":7964,"featured_media":0,"comment_status":"closed","ping_status":"closed","sticky":false,"template":"","format":"standard","meta":{"footnotes":""},"categories":[1],"tags":[],"class_list":["post-3632","post","type-post","status-publish","format-standard","hentry","category-general"],"_links":{"self":[{"href":"https:\/\/lelaboratoireanarchiste.noblogs.org\/index.php?rest_route=\/wp\/v2\/posts\/3632","targetHints":{"allow":["GET"]}}],"collection":[{"href":"https:\/\/lelaboratoireanarchiste.noblogs.org\/index.php?rest_route=\/wp\/v2\/posts"}],"about":[{"href":"https:\/\/lelaboratoireanarchiste.noblogs.org\/index.php?rest_route=\/wp\/v2\/types\/post"}],"author":[{"embeddable":true,"href":"https:\/\/lelaboratoireanarchiste.noblogs.org\/index.php?rest_route=\/wp\/v2\/users\/7964"}],"replies":[{"embeddable":true,"href":"https:\/\/lelaboratoireanarchiste.noblogs.org\/index.php?rest_route=%2Fwp%2Fv2%2Fcomments&post=3632"}],"version-history":[{"count":1,"href":"https:\/\/lelaboratoireanarchiste.noblogs.org\/index.php?rest_route=\/wp\/v2\/posts\/3632\/revisions"}],"predecessor-version":[{"id":3633,"href":"https:\/\/lelaboratoireanarchiste.noblogs.org\/index.php?rest_route=\/wp\/v2\/posts\/3632\/revisions\/3633"}],"wp:attachment":[{"href":"https:\/\/lelaboratoireanarchiste.noblogs.org\/index.php?rest_route=%2Fwp%2Fv2%2Fmedia&parent=3632"}],"wp:term":[{"taxonomy":"category","embeddable":true,"href":"https:\/\/lelaboratoireanarchiste.noblogs.org\/index.php?rest_route=%2Fwp%2Fv2%2Fcategories&post=3632"},{"taxonomy":"post_tag","embeddable":true,"href":"https:\/\/lelaboratoireanarchiste.noblogs.org\/index.php?rest_route=%2Fwp%2Fv2%2Ftags&post=3632"}],"curies":[{"name":"wp","href":"https:\/\/api.w.org\/{rel}","templated":true}]}}