{"id":2583,"date":"2015-08-12T09:58:10","date_gmt":"2015-08-12T07:58:10","guid":{"rendered":"http:\/\/lelaboratoireanarchiste.noblogs.org\/?p=2583"},"modified":"2015-08-14T15:37:18","modified_gmt":"2015-08-14T13:37:18","slug":"valence-dans-la-chaleur-de-lete-a-la-maison-darret-des-revoltes-dans-lair","status":"publish","type":"post","link":"https:\/\/lelaboratoireanarchiste.noblogs.org\/?p=2583","title":{"rendered":"[Valence] Dans la chaleur de l\u2019\u00e9t\u00e9 \u00e0 la Maison d\u2019arr\u00eat , des r\u00e9voltes dans l\u2019air! mise \u00e0 jour"},"content":{"rendered":"<p>Apr\u00e8s un mois de juillet caniculaire, les r\u00e9voltes individuelles continuent\u00a0 face \u00e0 des\u00a0 matons provocateurs. Le dimanche 9 aout, un prisonnier se r\u00e9volte contre l&rsquo;Administration P\u00e9nitentiaire,\u00a0 le syndicat des matons gonfle le poitrail\u00a0 . La<a href=\"http:\/\/www.francebleu.fr\/infos\/une-surveillante-agressee-la-prison-de-valence-pour-des-cigarettes-2522461\"> version donn\u00e9e par France bleu drome Ard\u00e8che laisse des doutes<\/a>. Mais toutefois \u00ab\u00a0Ce n&rsquo;est pas le premier incident dans cette prison de l&rsquo;avenue de Chabeuil.<strong> D\u00e9but juillet, un surveillant avait d\u00e9j\u00e0 \u00e9t\u00e9 rou\u00e9 de coup<\/strong> par un d\u00e9tenu pour des cigarettes. Quelques jours plus tard, un de ses coll\u00e8gues avait re\u00e7u de<strong> violents coups dans les c\u00f4tes<\/strong> apr\u00e8s avoir demand\u00e9 \u00e0 un prisonnier de se calmer\u00a0\u00bb. La version du mois de juillet oublie la provocation islamophobe\u00a0 qui a <a href=\"https:\/\/lelaboratoireanarchiste.noblogs.org\/post\/2015\/08\/01\/valence-les-matons-se-vengent-un-prisonnier-se-revolte-a-nouveau\/\">pouss\u00e9 un prisonnier \u00e0 se r\u00e9volter <\/a>, et aussi celle du d\u00e9but juillet<\/p>\n<p>le tribunal de valence jeudi 12 aout\u00a0 a condamn\u00e9 le prisonnier\u00a0 qui a os\u00e9 se r\u00e9volter contre l&rsquo;ordre p\u00e9nitentiaire a \u00e9cop\u00e9\u00a0 de cinq mois de prison suppl\u00e9mentaire.<\/p>\n<p><strong>vive la guerre sociale<\/strong><\/p>\n<p><strong>contre la prison et son monde<\/strong><\/p>\n","protected":false},"excerpt":{"rendered":"<p>Apr\u00e8s un mois de juillet caniculaire, les r\u00e9voltes individuelles continuent\u00a0 face \u00e0 des\u00a0 matons provocateurs. Le dimanche 9 aout, un prisonnier se r\u00e9volte contre l&rsquo;Administration P\u00e9nitentiaire,\u00a0 le syndicat des matons gonfle le poitrail\u00a0 . La version donn\u00e9e par France bleu drome Ard\u00e8che laisse des doutes. Mais toutefois \u00ab\u00a0Ce n&rsquo;est pas le premier incident dans cette [&hellip;]<\/p>\n","protected":false},"author":7964,"featured_media":0,"comment_status":"closed","ping_status":"closed","sticky":false,"template":"","format":"standard","meta":{"footnotes":""},"categories":[1],"tags":[],"class_list":["post-2583","post","type-post","status-publish","format-standard","hentry","category-general"],"_links":{"self":[{"href":"https:\/\/lelaboratoireanarchiste.noblogs.org\/index.php?rest_route=\/wp\/v2\/posts\/2583","targetHints":{"allow":["GET"]}}],"collection":[{"href":"https:\/\/lelaboratoireanarchiste.noblogs.org\/index.php?rest_route=\/wp\/v2\/posts"}],"about":[{"href":"https:\/\/lelaboratoireanarchiste.noblogs.org\/index.php?rest_route=\/wp\/v2\/types\/post"}],"author":[{"embeddable":true,"href":"https:\/\/lelaboratoireanarchiste.noblogs.org\/index.php?rest_route=\/wp\/v2\/users\/7964"}],"replies":[{"embeddable":true,"href":"https:\/\/lelaboratoireanarchiste.noblogs.org\/index.php?rest_route=%2Fwp%2Fv2%2Fcomments&post=2583"}],"version-history":[{"count":4,"href":"https:\/\/lelaboratoireanarchiste.noblogs.org\/index.php?rest_route=\/wp\/v2\/posts\/2583\/revisions"}],"predecessor-version":[{"id":2590,"href":"https:\/\/lelaboratoireanarchiste.noblogs.org\/index.php?rest_route=\/wp\/v2\/posts\/2583\/revisions\/2590"}],"wp:attachment":[{"href":"https:\/\/lelaboratoireanarchiste.noblogs.org\/index.php?rest_route=%2Fwp%2Fv2%2Fmedia&parent=2583"}],"wp:term":[{"taxonomy":"category","embeddable":true,"href":"https:\/\/lelaboratoireanarchiste.noblogs.org\/index.php?rest_route=%2Fwp%2Fv2%2Fcategories&post=2583"},{"taxonomy":"post_tag","embeddable":true,"href":"https:\/\/lelaboratoireanarchiste.noblogs.org\/index.php?rest_route=%2Fwp%2Fv2%2Ftags&post=2583"}],"curies":[{"name":"wp","href":"https:\/\/api.w.org\/{rel}","templated":true}]}}