{"id":2573,"date":"2015-08-05T11:28:37","date_gmt":"2015-08-05T09:28:37","guid":{"rendered":"http:\/\/lelaboratoireanarchiste.noblogs.org\/?p=2573"},"modified":"2020-03-01T23:26:31","modified_gmt":"2020-03-01T22:26:31","slug":"la-souris-rattrapee-par-le-chattillon-quand-la-sourie-deglinguee-choisit-finalement-son-camp","status":"publish","type":"post","link":"https:\/\/lelaboratoireanarchiste.noblogs.org\/?p=2573","title":{"rendered":"La Souris rattrap\u00e9e par le Chat\u2026tillon: quand La Sourie D\u00e9glingu\u00e9e choisit finalement son camp."},"content":{"rendered":"<p>source<a href=\"http:\/\/sous-la-cendre.info\/3649\/la-souris-rattrapee-par-le-chattillon-quand-la-sourie-deglinguee-choisit-finalement-son-camp\">: sous la cendre<\/a><\/p>\n<div class=\"entry-container fix\">\n<div class=\"entry fix\">\n<div class=\"left-thumbnail\"><img decoding=\"async\" class=\"attachment-thumbnail wp-post-image\" src=\"http:\/\/i1.wp.com\/sous-la-cendre.info\/wp-content\/uploads\/2015\/05\/fas26.jpg?resize=150%2C150\" alt=\"fas26\" \/><\/div>\n<h1><\/h1>\n<div class=\"post-entry\">\n<div class=\"fb-social-plugin fb-like fb_iframe_widget\"><\/div>\n<p><strong>C\u2019est officiel, La Souris D\u00e9glingu\u00e9e est morte le 31 juillet 2015 dans les ar\u00e8nes de Fr\u00e9jus, sous le poids de ses compromissions, en jouant dans un concert organis\u00e9 par une mairie frontiste et en partageant la sc\u00e8ne avec un groupe militant d\u2019extr\u00eame droite.<\/strong><\/p>\n<p>Pour ceux et celles qui ne connaissent pas La Souris D\u00e9glingu\u00e9e, c\u2019est ce groupe de rock ha\u00ef ou adul\u00e9, souvent qualifi\u00e9 d\u2019ambigu, n\u00e9 \u00e0 la fin des ann\u00e9es 70, qui chantait la banlieue, la zone, les erreurs de jeunesse, les soir\u00e9es \u00e0 errer dans les rues d\u2019une ville quand on a rat\u00e9 le dernier train pour rentrer chez soi apr\u00e8s un concert. LSD, c\u2019est \u00e9galement ce groupe qui vantait les charmes de l\u2019orient et qui avait donn\u00e9 l\u2019occasion \u00e0 NTM de faire sa premi\u00e8re sc\u00e8ne. Tout au long de sa carri\u00e8re, le groupe a toujours eu un public tr\u00e8s chaud et h\u00e9t\u00e9rog\u00e8ne, comme en t\u00e9moignent ses supporters de la premi\u00e8re heure, les premi\u00e8res bandes parisiennes dont celle des Halles. LSD n\u2019avait jamais voulu prendre parti pour l\u2019une des tribus urbaines du rock des ann\u00e9es 80, \u00e0 savoir les punks, les skins, les mods, les psychos ou les alternos. De m\u00eame, le groupe avait toujours refus\u00e9 de juger et prendre parti au sujet d\u2019une partie de son public, dont les opinions d\u2019extr\u00eame droite \u00e9taient clairement affich\u00e9es<a href=\"http:\/\/lahorde.samizdat.net\/2015\/08\/03\/la-souris-deglinguee-lsd-in-memoriam-extreme-droite\/#_ftn1\" name=\"_ftnref1\"><span style=\"color: #0066cc\">[1]<\/span><\/a>, ce qui faisait des concerts de La Souris des exp\u00e9riences assez uniques et mouvement\u00e9es, avec embrouilles au d\u00e9but, pendant et apr\u00e8s le concert. Comme le chantait le groupe \u00ab\u00a0peu importe leurs id\u00e9es, puisqu\u2019il y a l\u2019amiti\u00e9\u00a0\u00bb.<\/p>\n<p>Seulement voil\u00e0, ce positionnement \u00e9tonnant s\u2019est effondr\u00e9 comme un ch\u00e2teau de cartes vendredi 31 juillet 2015 \u00e0 Fr\u00e9jus. Certains penseront qu\u2019il s\u2019agit d\u2019une erreur, que nous voyons le mal partout. Il faut donc tout reprendre depuis le d\u00e9but.<\/p>\n<p>Ce concert est d\u2019abord une initiative de\u00a0<a href=\"https:\/\/www.google.fr\/url?sa=t&amp;rct=j&amp;q=&amp;esrc=s&amp;source=web&amp;cd=1&amp;cad=rja&amp;uact=8&amp;ved=0CCQQFjAAahUKEwjw4-rJnovHAhWFPxQKHfGVD8I&amp;url=http%3A%2F%2Fwww.mediapart.fr%2Fjournal%2Ffrance%2F280814%2Fles-villes-fn-un-nouveau-business-pour-les-societes-proches-de-lextreme-droite&amp;ei=rn2-VfDUCYX_UPGrvpAM&amp;usg=AFQjCNEvCqiPS7Ox2ozmS3JHk_2aED5yKw&amp;sig2=AyHlKHYXR2AB2nFqEAGuoA\"><span style=\"color: #0066cc\">la Patrouille de l\u2019\u00e9v\u00e8nement<\/span><\/a>, une association en lien direct avec la mairie frontiste de Fr\u00e9jus. Association dirig\u00e9e par Minh Tran\u00a0Long, ancien mercenaire d\u2019extr\u00eame droite, connu pour avoir \u00e9t\u00e9 militant chez les n\u00e9o-nazis de la FANE et proche du <a href=\"http:\/\/reflexes.samizdat.net\/tag\/groupe-union-defense-gud\/\"><span style=\"color: #0066cc\">GUD<\/span><\/a>. La <a href=\"http:\/\/dreamwell.fr\/464\/la-souris-deglinguee-guest-arenes-de-frejus-31-juillet-2015\/\"><span style=\"color: #0066cc\">billetterie <\/span><\/a>\u00e9tait confi\u00e9e \u00e0 la soci\u00e9t\u00e9 <a href=\"http:\/\/reflexes.samizdat.net\/de-damas-a-paris-de-lamitie-de-largent-et-des-emmerdes\/\"><span style=\"color: #0066cc\">Dreamwell\u00a0<\/span><\/a>, appartenant au clan Chatillon, qui, comme on a pu le voir sur son compte facebook, s\u2019en f\u00e9licitait. On notera que, malgr\u00e9 les d\u00e9clarations de Marine Le Pen et les emmerdes que cela lui rapporte, le FN continue de faire des affaires avec le clan des ex-GUD, et en cela la ville de Fr\u00e9jus et son maire David Rachline en sont le meilleur exemple.\u00a0Bien \u00e9videment, ce concert \u00e9tait relay\u00e9 par les m\u00e9dias frontistes, comme sur le site \u00ab\u00a0Culture &amp; Libert\u00e9\u00a0\u00bb appartenant au Rassemblement Bleu Marine.<\/p>\n<p>Histoire d\u2019enfoncer le clou, le concert \u00e9tait organis\u00e9 sous une caution humanitaire, et pas n\u2019importe laquelle\u00a0: en soutien au peuple Karen, population chr\u00e9tienne vivant en Birmanie dans les montagnes frontali\u00e8res avec la Tha\u00eflande et pers\u00e9cut\u00e9e par le pouvoir des g\u00e9n\u00e9raux depuis fort longtemps. Sauf qu\u2019historiquement, cette cause humanitaire est un alibi pour des militants d\u2019extr\u00eame droite fran\u00e7ais pour aller jouer aux mercenaires anti-communistes. De nombreuses \u00ab\u00a0figures\u00a0\u00bb de cette mouvance sont all\u00e9es combattre dans cette zone depuis le milieu des ann\u00e9es 80.<\/p>\n<p>On pense notamment \u00e0 \u00a0Gaston Besson <a href=\"http:\/\/lahorde.samizdat.net\/2015\/08\/03\/la-souris-deglinguee-lsd-in-memoriam-extreme-droite\/#_ftn2\" name=\"_ftnref2\"><span style=\"color: #0066cc\">[2]<\/span><\/a>, Guillaume Oillic<a href=\"http:\/\/lahorde.samizdat.net\/2015\/08\/03\/la-souris-deglinguee-lsd-in-memoriam-extreme-droite\/#_ftn3\" name=\"_ftnref3\"><span style=\"color: #0066cc\">[3]<\/span><\/a>, Thierry Pochez dit Titi<a href=\"http:\/\/lahorde.samizdat.net\/2015\/08\/03\/la-souris-deglinguee-lsd-in-memoriam-extreme-droite\/#_ftn4\" name=\"_ftnref4\"><span style=\"color: #0066cc\">[4] <\/span><\/a>\u00a0ou encore Emmanuel Pochet<a href=\"http:\/\/lahorde.samizdat.net\/2015\/08\/03\/la-souris-deglinguee-lsd-in-memoriam-extreme-droite\/#_ftn6\" name=\"_ftnref6\"><span style=\"color: #0066cc\">[6]<\/span><\/a>, sans oublier bien sur Jean-Philippe Courr\u00e8ges, premier mercenaire fran\u00e7ais tu\u00e9 pour la cause Karen le 4 octobre 1985 et ancien militant du GUD.<\/p>\n<p>&nbsp;<\/p>\n<p>&nbsp;<\/p>\n<p><a href=\"http:\/\/lahorde.samizdat.net\/2015\/08\/03\/la-souris-deglinguee-lsd-in-memoriam-extreme-droite\/gaston_besson_et_son_frere_chez_les_karens\/\" rel=\"attachment wp-att-12324\"><img loading=\"lazy\" decoding=\"async\" class=\"alignnone size-large wp-image-12324\" src=\"http:\/\/i0.wp.com\/lahorde.samizdat.net\/wp-content\/uploads\/2015\/08\/Gaston_Besson_et_son_frere_chez_les_Karens-625x493.jpg?resize=625%2C493\" alt=\"Gaston_Besson_et_son_frere_chez_les_Karens\" width=\"625\" height=\"493\" \/><\/a><\/p>\n<p><em>Gaston Besson et son fr\u00e8re Jean-Fran\u00e7ois chez les Karens<\/em><\/p>\n<p>&nbsp;<\/p>\n<p><a href=\"http:\/\/i0.wp.com\/lahorde.samizdat.net\/wp-content\/uploads\/2015\/08\/Titi_beret_badge_Groupe_des_experts_volontaires_de_Denard1.jpg\"><img loading=\"lazy\" decoding=\"async\" class=\"wp-image-12336 size-large\" src=\"http:\/\/i0.wp.com\/lahorde.samizdat.net\/wp-content\/uploads\/2015\/08\/Titi_beret_badge_Groupe_des_experts_volontaires_de_Denard1-625x606.jpg?resize=625%2C606\" alt=\"&quot;Titi&quot; Thierry Pochez avec sur son b\u00e9ret l'insigne du Groupe des Experts Volontaires (GEV) de Bob Denard\" width=\"625\" height=\"606\" \/><\/a><\/p>\n<p>&nbsp;<\/p>\n<p>Aujourd\u2019hui encore, la cause Karen mobilise beaucoup \u00e0 l\u2019extr\u00eame droite en France, comme avec l\u2019Association <em>Solidarit\u00e9 \u2013 Identit\u00e9<\/em> pr\u00e9sid\u00e9e par S\u00e9bastien de B\u00f6eldieu (dit S\u00e9bastien Magnificat) et qui a pour secr\u00e9taire Xavier Emman. Cette structure, cr\u00e9\u00e9e principalement pour relayer les campagnes de soutien aux Karens, est tr\u00e8s proche des italiens de Casapound<a href=\"http:\/\/lahorde.samizdat.net\/2015\/08\/03\/la-souris-deglinguee-lsd-in-memoriam-extreme-droite\/#_ftn7\" name=\"_ftnref7\"><span style=\"color: #0066cc\">[7]<\/span><\/a>, ces derniers \u00e9tant eux aussi tr\u00e8s actifs dans le soutien, via notamment l\u2019association pseudo humanitaire <em>Popoli<\/em> (Peuples) de Franco Nerozzi<a href=\"http:\/\/lahorde.samizdat.net\/2015\/08\/03\/la-souris-deglinguee-lsd-in-memoriam-extreme-droite\/#_ftn8\" name=\"_ftnref8\"><span style=\"color: #0066cc\">[8]<\/span><\/a>.<\/p>\n<p>&nbsp;<\/p>\n<p><a href=\"http:\/\/lahorde.samizdat.net\/2015\/08\/03\/la-souris-deglinguee-lsd-in-memoriam-extreme-droite\/karen_iannone\/\" rel=\"attachment wp-att-12319\"><img loading=\"lazy\" decoding=\"async\" class=\"alignnone wp-image-12319\" src=\"http:\/\/i1.wp.com\/lahorde.samizdat.net\/wp-content\/uploads\/2015\/08\/Karen_Iannone-625x469.jpg?resize=360%2C270\" alt=\"Karen_Iannone\" width=\"360\" height=\"270\" \/><\/a>\u00a0\u00a0<a href=\"http:\/\/lahorde.samizdat.net\/2015\/08\/03\/la-souris-deglinguee-lsd-in-memoriam-extreme-droite\/karen_drapeau_casapound\/\" rel=\"attachment wp-att-12321\"><img loading=\"lazy\" decoding=\"async\" class=\"alignnone wp-image-12321\" src=\"http:\/\/i1.wp.com\/lahorde.samizdat.net\/wp-content\/uploads\/2015\/08\/Karen_drapeau_Casapound.jpg?resize=303%2C270\" alt=\"Karen_drapeau_Casapound\" width=\"303\" height=\"270\" \/><\/a><\/p>\n<p><em>Casapound chez les Karens<\/em><\/p>\n<p>C\u2019est ainsi que l\u2019on verra sur le net des photos de combattants Karens arborant le drapeau de Casapound, Nerozzi ayant emmen\u00e9 avec lui en 2010 Gianlucca Iannone le leader et fondateur de Casapound. Quand on sait que Fr\u00e9d\u00e9ric Chatillon vit aujourd\u2019hui en Italie, \u00e0 Rome plus exactement, et qu\u2019il passe r\u00e9guli\u00e8rement voir ses amis de Casapound, tous les ingr\u00e9dients sont r\u00e9unis pour comprendre ce que viennent faire les Karens dans les Ar\u00e8nes de Fr\u00e9jus lors d\u2019un concert qui finalement\u00a0 devait ressembler \u00e0 un bon vieux RAC\u00a0!!<\/p>\n<p>Et ce n\u2019est pas par provocation gratuite et mesquine que nous utilisons l\u00e0 le terme de RAC, mais c\u2019est bien comme cela que l\u2019on appelle un concert organis\u00e9 par des militants d\u2019extr\u00eame droite avec des groupes ayant pour point commun un anticommunisme visc\u00e9ral. Il fallait donc une 1<sup><span style=\"font-size: small\">re<\/span><\/sup> partie digne de ce nom. Elle f\u00fbt vite trouv\u00e9e et il n\u2019est finalement pas \u00e9tonnant de voir que les organisateurs ont r\u00e9ussi \u00e0 nous glisser \u00e9galement l\u2019un des principaux groupes de <a href=\"http:\/\/reflexes.samizdat.net\/le-rock-identitaire-francais-5\/\"><span style=\"color: #0066cc\">Rock Identitaires Fran\u00e7ais<\/span><\/a> <a href=\"http:\/\/lahorde.samizdat.net\/2014\/04\/30\/lextreme-droite-en-concert-a-paris-le-28-juin\/\"><span style=\"color: #0066cc\">In Memoriam<\/span><\/a>. Difficile, face \u00e0 autant d\u2019\u00e9l\u00e9ments qui auraient d\u00fb alerter le groupe de maintenir le concert. Et comme dans les concerts de RAC, cela s\u2019est termin\u00e9 par des <a href=\"http:\/\/www.varmatin.com\/frejus\/le-groupe-de-rock-identitaire-in-memoriam-invite-surprise-dun-concert-a-frejus.2234144.html\"><span style=\"color: #0066cc\">bagarres <\/span><\/a>et des violences sur <a href=\"http:\/\/www.varmatin.com\/frejus\/rixe-et-forte-mobilisation-policiere-devant-les-arenes-de-frejus-vendredi-soir.2234082.html\"><span style=\"color: #0066cc\">la population locale<\/span><\/a>.<\/p>\n<p><a href=\"http:\/\/lahorde.samizdat.net\/2015\/08\/03\/la-souris-deglinguee-lsd-in-memoriam-extreme-droite\/lsd-4x3-web-light\/\" rel=\"attachment wp-att-12316\"><img loading=\"lazy\" decoding=\"async\" class=\"alignnone size-large wp-image-12316\" src=\"http:\/\/i0.wp.com\/lahorde.samizdat.net\/wp-content\/uploads\/2015\/08\/lsd-4x3-web-light-625x469.jpg?resize=625%2C469\" alt=\"lsd-4x3-web-light\" width=\"625\" height=\"469\" \/><\/a><\/p>\n<p><em>Affiche du concert diffus\u00e9e sur le compte Facebook de la Souris, qui, curieusement, n\u2019indique pas le nom de la premi\u00e8re partie<\/em><\/p>\n<p><a href=\"http:\/\/lahorde.samizdat.net\/2015\/08\/03\/la-souris-deglinguee-lsd-in-memoriam-extreme-droite\/affiche-in-memo\/\" rel=\"attachment wp-att-12315\"><img loading=\"lazy\" decoding=\"async\" class=\"alignnone size-large wp-image-12315\" src=\"http:\/\/i2.wp.com\/lahorde.samizdat.net\/wp-content\/uploads\/2015\/08\/affiche-in-memo-625x442.jpg?resize=625%2C442\" alt=\"affiche in memo\" width=\"625\" height=\"442\" \/><\/a><\/p>\n<p><em>M\u00eame affiche, mais cette fois-ci avec le nom du groupe. Curieux\u2026<\/em><\/p>\n<p>&nbsp;<\/p>\n<p>Quand on repense \u00e0 des chansons comme C\u0153ur de Boudah, Soldats Perdus et Saint-Sauveur, \u00e7a nous laisse maintenant comme un arri\u00e8re-go\u00fbt de pourri.<\/p>\n<p>&nbsp;<\/p>\n<p>&nbsp;<\/p>\n<p>&nbsp;<\/p>\n<p><a href=\"http:\/\/lahorde.samizdat.net\/2015\/08\/03\/la-souris-deglinguee-lsd-in-memoriam-extreme-droite\/#_ftnref1\" name=\"_ftn1\"><span style=\"color: #0066cc\">[1]<\/span><\/a> Pour la petite histoire, si le rassemblement du 9 mai 2015 organis\u00e9 par le GUD cette ann\u00e9e n\u2019a pas eu autant de succ\u00e8s, c\u2019est qu\u2019une partie du public de ce type d\u2019\u00e9v\u00e8nement avait choisi d\u2019assister au concert de La Souris D\u00e9glingu\u00e9e qui f\u00eatait ses 35 ans \u00e0 l\u2019Olympia, ce soir-l\u00e0.<\/p>\n<p><a href=\"http:\/\/lahorde.samizdat.net\/2015\/08\/03\/la-souris-deglinguee-lsd-in-memoriam-extreme-droite\/#_ftnref2\" name=\"_ftn2\"><span style=\"color: #0066cc\">[2]<\/span><\/a> Apr\u00e8s la Birmanie, il participe \u00e0 la guerre en \u00a0Yougoslavie aux c\u00f4t\u00e9 des forces croates dans ce qu\u2019il appellera plus tard une \u00ab\u00a0brigade internationale\u00a0\u00bb. Brigade qui en r\u00e9alit\u00e9 \u00e9tait plus proche id\u00e9ologiquement d\u2019une <a href=\"http:\/\/reflexes.samizdat.net\/les-phalanges-du-desordre-noir\/\" target=\"_blank\" rel=\"noopener noreferrer\"><em><span style=\"color: #0066cc\">internationale brune<\/span><\/em><\/a> que de celle de 36 partie d\u00e9fendre la toute jeune r\u00e9publique espagnole. Plus r\u00e9cemment, il est en Ukraine c\u00f4t\u00e9 pro-ukrainien, ce qui a bien fait rire pas mal de ses anciens amis\u00a0: en effet, ce bon vieux Gaston \u00e9tant rest\u00e9 \u00ab\u00a0bloqu\u00e9\u00a0\u00bb sur son anticommunisme visc\u00e9rale n\u2019a pas suivi l\u2019\u00e9volution d\u2019une majeure partie de l\u2019ED qui voit aujourd\u2019hui en Poutine un alli\u00e9 de taille face au \u00ab\u00a0syst\u00e8me qui broie les peuples\u00a0\u00bb\u00a0!!<\/p>\n<p><a href=\"http:\/\/lahorde.samizdat.net\/2015\/08\/03\/la-souris-deglinguee-lsd-in-memoriam-extreme-droite\/#_ftnref3\" name=\"_ftn3\"><span style=\"color: #0066cc\">[3]<\/span><\/a> alias \u00ab\u00a0Major William\u00a0\u00bb, ancien du Front de la Jeunesse du PFN, Il <em>tombe au champ d\u2019honneur<\/em> en Birmanie le 9 novembre 1990 au service de la r\u00e9sistance Karen dans la Karen National Liberation Army.<\/p>\n<p><a href=\"http:\/\/lahorde.samizdat.net\/2015\/08\/03\/la-souris-deglinguee-lsd-in-memoriam-extreme-droite\/#_ftnref4\" name=\"_ftn4\"><span style=\"color: #0066cc\">[4]<\/span><\/a> Ancien du GAJ (Groupe Action Jeunesse) \u00e0 Assas et ancien du GUD, il part combattre au Liban en 1976 avec les Phalangistes chr\u00e9tiens, puis rejoindra certains de ses camarades d\u00e9j\u00e0 pr\u00e9sents en Birmanie. Il vit aujourd\u2019hui en Corse o\u00f9 il est tr\u00e8s proche d\u2019Alain Orsoni. Peu \u00e9tonnant, il est, lui aussi, un ancien gudard et tous 2 \u00e9taient tr\u00e8s li\u00e9s \u00e0 Pierre Bugny, une autre figure du mercenariat fran\u00e7ais (il sera au Liban en 75-76) et mort dans l\u2019explosion de sa voiture en 85, certains pr\u00e9tendent que c\u2019\u00e9tait Orsoni qui \u00e9tait vis\u00e9 \u00e0 travers lui.<\/p>\n<p><a href=\"http:\/\/lahorde.samizdat.net\/2015\/08\/03\/la-souris-deglinguee-lsd-in-memoriam-extreme-droite\/#_ftnref6\" name=\"_ftn6\"><span style=\"color: #0066cc\">[6]<\/span><\/a> Un temps instructeur chez les Karens, c\u2019est surtout aux Comores et au Congo en tant qu\u2019adjoint de Bob Denard qu\u2019il se fera un nom dans le milieu du mercenariat. C\u2019est un proche de Fran\u00e7ois-Xavier Sidos (ancien directeur de cabinet de Jean-Marie Le Pen), ils seront arr\u00eat\u00e9s tous les 2 avec \u00ab\u00a0le vieux\u00a0\u00bb lors de la derni\u00e8re tentative de coup d\u2019\u00e9tat de Denard aux Comores en 1995. Il est aussi \u00e0 l\u2019origine d\u2019une association <em>d\u2019Amiti\u00e9 Franco-Karen <\/em>dont le pr\u00e9sident n\u2019\u00e9tait autre le fameux commandant Pierre Guillaume (qui inspira le film Le Crabe-Tambour).<\/p>\n<p><a href=\"http:\/\/lahorde.samizdat.net\/2015\/08\/03\/la-souris-deglinguee-lsd-in-memoriam-extreme-droite\/#_ftnref7\" name=\"_ftn7\"><span style=\"color: #0066cc\">[7]<\/span><\/a> Peu \u00e9tonnant quand on sait que De B\u00f6eldieu-Magnificat est charg\u00e9 des relations ext\u00e9rieures de Casa Pound Italia.<\/p>\n<p><a href=\"http:\/\/lahorde.samizdat.net\/2015\/08\/03\/la-souris-deglinguee-lsd-in-memoriam-extreme-droite\/#_ftnref8\" name=\"_ftn8\"><span style=\"color: #0066cc\">[8]<\/span><\/a> Ce dernier a \u00e9t\u00e9 mis en examen pour \u00ab<em>association \u00e0 but terroriste<\/em>\u00bb en 2002 pour la pr\u00e9paration d\u2019un coup d\u2019\u00e9tat aux Comores. A l\u2019\u00e9poque, la presse italienne soup\u00e7onnait Bob Denard d\u2019\u00eatre le donneur d\u2019ordre.<\/p>\n<p>Source : La horde.<\/p>\n<\/div>\n<\/div>\n<\/div>\n","protected":false},"excerpt":{"rendered":"<p>source: sous la cendre C\u2019est officiel, La Souris D\u00e9glingu\u00e9e est morte le 31 juillet 2015 dans les ar\u00e8nes de Fr\u00e9jus, sous le poids de ses compromissions, en jouant dans un concert organis\u00e9 par une mairie frontiste et en partageant la sc\u00e8ne avec un groupe militant d\u2019extr\u00eame droite. Pour ceux et celles qui ne connaissent pas [&hellip;]<\/p>\n","protected":false},"author":7964,"featured_media":0,"comment_status":"closed","ping_status":"closed","sticky":false,"template":"","format":"standard","meta":{"footnotes":""},"categories":[1],"tags":[],"class_list":["post-2573","post","type-post","status-publish","format-standard","hentry","category-general"],"_links":{"self":[{"href":"https:\/\/lelaboratoireanarchiste.noblogs.org\/index.php?rest_route=\/wp\/v2\/posts\/2573","targetHints":{"allow":["GET"]}}],"collection":[{"href":"https:\/\/lelaboratoireanarchiste.noblogs.org\/index.php?rest_route=\/wp\/v2\/posts"}],"about":[{"href":"https:\/\/lelaboratoireanarchiste.noblogs.org\/index.php?rest_route=\/wp\/v2\/types\/post"}],"author":[{"embeddable":true,"href":"https:\/\/lelaboratoireanarchiste.noblogs.org\/index.php?rest_route=\/wp\/v2\/users\/7964"}],"replies":[{"embeddable":true,"href":"https:\/\/lelaboratoireanarchiste.noblogs.org\/index.php?rest_route=%2Fwp%2Fv2%2Fcomments&post=2573"}],"version-history":[{"count":3,"href":"https:\/\/lelaboratoireanarchiste.noblogs.org\/index.php?rest_route=\/wp\/v2\/posts\/2573\/revisions"}],"predecessor-version":[{"id":17039,"href":"https:\/\/lelaboratoireanarchiste.noblogs.org\/index.php?rest_route=\/wp\/v2\/posts\/2573\/revisions\/17039"}],"wp:attachment":[{"href":"https:\/\/lelaboratoireanarchiste.noblogs.org\/index.php?rest_route=%2Fwp%2Fv2%2Fmedia&parent=2573"}],"wp:term":[{"taxonomy":"category","embeddable":true,"href":"https:\/\/lelaboratoireanarchiste.noblogs.org\/index.php?rest_route=%2Fwp%2Fv2%2Fcategories&post=2573"},{"taxonomy":"post_tag","embeddable":true,"href":"https:\/\/lelaboratoireanarchiste.noblogs.org\/index.php?rest_route=%2Fwp%2Fv2%2Ftags&post=2573"}],"curies":[{"name":"wp","href":"https:\/\/api.w.org\/{rel}","templated":true}]}}