{"id":2565,"date":"2015-08-01T22:07:30","date_gmt":"2015-08-01T20:07:30","guid":{"rendered":"http:\/\/lelaboratoireanarchiste.noblogs.org\/?p=2565"},"modified":"2015-08-01T22:09:34","modified_gmt":"2015-08-01T20:09:34","slug":"le-massacre-de-suruc-et-loffensive-turque-contre-les-kurdes","status":"publish","type":"post","link":"https:\/\/lelaboratoireanarchiste.noblogs.org\/?p=2565","title":{"rendered":"Le massacre de Suru\u00e7 et l\u2019offensive turque contre les Kurdes."},"content":{"rendered":"<h1 class=\"titre\">Notre tristesse sera notre col\u00e8re, Koban\u00ea sera reconstruite.<\/h1>\n<p class=\"soustitre\"><small>\u00a0<\/small><\/p>\n<div class=\"texte\">\n<p class=\"spip\"><i class=\"spip\"><strong class=\"spip\">Cet article a d\u00e9but\u00e9 le 21 juillet par la publication de la d\u00e9claration de Devrimci Anar\u015fist Faaliyet (DAF \u2013 Action R\u00e9volutionnaire Anarchiste) sur l\u2019attentat \u00e0 la bombe contre le Centre culturel Amara de Suru\u00e7 (P\u00eersus).<br \/>\n<\/strong><\/i><\/p>\n<p class=\"spip\">Puis nous avons publi\u00e9 un communiqu\u00e9 du Congr\u00e8s national du Kurdistan (KNK), ainsi que d\u2019autres informations dont un article qui pointait la complicit\u00e9 de l\u2019\u00c9tat turc et demandait pourquoi et comment ce massacre a pu \u00eatre r\u00e9alis\u00e9. Un article qui pose \u00e9galement la question de la n\u00e9cessaire autod\u00e9fense du mouvement de lib\u00e9ration kurde dans tous ses modes d\u2019expression et de lutte.<\/p>\n<p class=\"spip\">Et puis, tr\u00e8s vite, le cours de l\u2019histoire pr\u00e9sente s\u2019est emball\u00e9 et nous essayons de suivre, de savoir, de comprendre, de faire savoir\u2026<\/p>\n<p class=\"spip\">Ce massacre a entrain\u00e9 des mobilisations populaires massives dans toute la Turquie et des r\u00e9actions r\u00e9pressives et bellicistes de l\u2019appareil d\u2019\u00c9tat turc. Les attaques de l\u2019\u00c9tat turc contre le PKK en territoire du Kurdistan irakien sont en train de rouvrir un ancien front de guerre \u201cinterne\u201d \u00e0 la Turquie, mais dans un contexte totalement diff\u00e9rent qu\u2019au moment du cessez-le-feu (2012). Ce faisant, les rafles et la r\u00e9pression des manifestations en territoire turc, et les bombardements de grande ampleur sur les bases du PKK ouvrent un nouveau front dans la guerre r\u00e9gionale, menacent l\u2019exp\u00e9rience de lib\u00e9ration politique et sociale du Rojava et vont de toute \u00e9vidence modifier substantiellement la situation politico-militaire d\u00e9j\u00e0 complexe de tout le Moyen-Orient.<\/p>\n<p class=\"spip\">Quatre jours apr\u00e8s le massacre de Suru\u00e7, l\u2019\u00c9tat turc a d\u00e9cid\u00e9 de lancer une vaste offensive, non pas contre Daesh, mais contre les forces kurdes. Depuis le 24 juillet, les bombardements sont incessants sur les bases de la gu\u00e9rilla install\u00e9es au nord du Kurdistan d\u2019Irak. En Turquie, les rafles se multiplient. Les manifestations sont violemment charg\u00e9es. Les sites d\u2019information plus ou moins li\u00e9s au mouvement de lib\u00e9ration kurde et aux groupes et collectifs de la gauche kurde solidaires sont bloqu\u00e9s et rendus inaccessibles.<\/p>\n<p class=\"spip\">Dans la nuit du 26 au 27 juillet, 2 villages sous contr\u00f4les des forces kurdes en Syrie (Rojava) ont \u00e9t\u00e9 vis\u00e9s par des bombardements d\u2019artillerie. L\u2019escalade se poursuit.<\/p>\n<p class=\"spip\"><i class=\"spip\"><strong class=\"spip\">Derni\u00e8re mise \u00e0 jour\u00a0: le 26 juillet 2015 \u2013 21 h<br \/>\n(voir \u00e0 la fin du document)<\/strong> <\/i><\/p>\n<h3 class=\"spip\">__________________<\/h3>\n<h3 class=\"spip\">Notre tristesse sera notre col\u00e8re, Koban\u00ea sera reconstruite<\/h3>\n<p class=\"spip\">20 juillet 2015<\/p>\n<p class=\"spip\">Hier, pr\u00e8s de trois cents personnes \u00e9taient parties de diff\u00e9rentes villes [de Turquie], \u00e0 l\u2019appel de la F\u00e9d\u00e9ration des associations de jeunes socialistes afin de reconstruire Koban\u00ea que l\u2019ISIS a essay\u00e9 de r\u00e9duire en cendres. Aujourd\u2019hui, en arrivant \u00e0 Suru\u00e7 (P\u00eersus), juste avant de partir pour Koban\u00ea, ces jeunes r\u00e9alisaient une conf\u00e9rence de presse en face du Centre culturel Amara de la ville de Suru\u00e7 (P\u00eersus). A la fin de la lecture du communiqu\u00e9 de presse, une bombe a explos\u00e9 au milieu de la foule, faisant taire de nombreux c\u0153urs qui avaient battu avec l\u2019espoir de la reconstruction.<\/p>\n<p class=\"spip\">Selon les informations disponibles pour l\u2019instant, 31 personnes sont mortes et des centaines ont \u00e9t\u00e9 bless\u00e9es dans l\u2019explosion.<\/p>\n<p class=\"spip\">Apr\u00e8s cette explosion aujourd\u2019hui, nous entendons, depuis les h\u00f4pitaux de Suru\u00e7 (P\u00eersus), les noms de ceux qui sont tomb\u00e9s. Ceux qui sont venus de nombreuses villes diff\u00e9rentes, ceux qui avaient de grands espoirs dans leurs c\u0153urs, sont maintenant ceux qui sont tomb\u00e9s, comme les cibles des assassins. Les gens qui sortent dans les rues afin de demander des comptes pour ceux qui sont tomb\u00e9s, ceux qui attendant devant les h\u00f4pitaux, sont menac\u00e9s par les TOMA [v\u00e9hicule avec canon \u00e0 eau] et la police qui sont arriv\u00e9s du Centre culturel Amara avant les ambulances. A Mersin, \u00e0 Sert, \u00e0 Istanbul \u2026 Les gens qui descendent dans les rues sont pourchass\u00e9s pour \u00eatre massacr\u00e9s par l\u2019\u00c9tat meurtrier, par les collaborateurs des assassins.<\/p>\n<p class=\"spip\">Ceux qui ont massacr\u00e9 de nombreuses vies, depuis le premier jour de la R\u00e9sistance de Koban\u00ea, essaient maintenant de nous d\u00e9courager en assassinant nos fr\u00e8res et s\u0153urs.<\/p>\n<p class=\"spip\">Nous essayons de reconstruire une nouvelle vie contre l\u2019ISIS, contre l\u2019Etat qui collabore avec l\u2019ISIS, contre la politique de guerre sans fin de l\u2019Etat. Quoi qu\u2019il en co\u00fbte, nous allons convertir notre douleur en rage, nous allons reconstruire Koban\u00ea et recr\u00e9er une vie sur cette g\u00e9ographie d\u00e9vast\u00e9e\u00a0!<\/p>\n<p class=\"spip\"><i class=\"spip\">(Aujourd\u2019hui, Alper Sapan de l\u2019Initiative Anarchiste Eski\u015fehir a \u00e9t\u00e9 assassin\u00e9 au cours de l\u2019attaque. Et un ami appel\u00e9 Evrim Deniz Erol a \u00e9t\u00e9 gri\u00e8vement bless\u00e9.)<\/i><\/p>\n<p class=\"spip\">Biji Berxwedana Koban\u00ea\u00a0! \/ Vive la R\u00e9sistance de Koban\u00ea\u00a0!<br \/>\nBiji \u015eore\u015fa Rojava\u00a0! \/ Vive la R\u00e9volution du Rovaja\u00a0!<\/p>\n<p class=\"spip\"><strong class=\"spip\">Action R\u00e9volutionnaire Anarchiste<\/strong><br \/>\nDevrimci Anar\u015fist Faaliyet (DAF)<\/p>\n<p class=\"spip\">Le 20 juillet 2015<\/p>\n<p class=\"spip\">(traduction OCLibertaire)<\/p>\n<h3 class=\"spip\">____________<\/h3>\n<p class=\"spip\"><i class=\"spip\"><strong class=\"spip\">Communiqu\u00e9 du Congr\u00e8s national du Kurdistan (KNK) sur le massacre de Suru\u00e7 <\/strong> <\/i><\/p>\n<h3 class=\"spip\">Nouveau massacre commis par Daesh, dans la ville de Suru\u00e7<\/h3>\n<p class=\"spip\">Les terroristes de Daesh ont attaqu\u00e9 des jeunes qui se pr\u00e9paraient \u00e0 partir \u00e0 Koban\u00ea\u00a0: 31 personnes ont \u00e9t\u00e9 tu\u00e9es et au moins 100 autres ont \u00e9t\u00e9 bless\u00e9es.<\/p>\n<p class=\"spip\">Le 20 juillet, vers 11h00, une grande explosion due \u00e0 un attentat-suicide est survenue \u00e0 la p\u00e9riph\u00e9rie de la ville de Suru\u00e7, dans la province d\u2019Urfa (Nord-Kurdistan, Turquie), \u00e0 la fronti\u00e8re de Koban\u00ea. Elle s\u2019est produite plus pr\u00e9cis\u00e9ment dans le Centre culturel d\u2019Amara dont la cour a \u00e9t\u00e9 transform\u00e9e en un bain de sang.<\/p>\n<p class=\"spip\">Les victimes font partie d\u2019un groupe de 330 jeunes \u00e2g\u00e9s de 20 \u00e0 30 ans, tous membres de la F\u00e9d\u00e9ration des Jeunes Socialistes, venus \u00e0 Suru\u00e7 pour soutenir la reconstruction de Koban\u00ea. Ils \u00e9taient venus en convoi d\u2019Istanbul, d\u2019Ankara, d\u2019Izmir, d\u2019Adana et du nord de la Turquie, avec le projet de construire \u00e0 Koban\u00ea une librairie, un parc pour enfants et un centre de sant\u00e9.<\/p>\n<p class=\"spip\">Les jeunes activistes s\u2019\u00e9taient regroup\u00e9s dans le Centre culturel d\u2019Amara pour y donner une conf\u00e9rence de presse afin d\u2019annoncer qu\u2019ils avaient officiellement \u00e9t\u00e9 autoris\u00e9s \u00e0 passer la fronti\u00e8re. C\u2019est \u00e0 ce moment-l\u00e0 que l\u2019attentat-suicide a \u00e9t\u00e9 perp\u00e9tr\u00e9.<\/p>\n<p class=\"spip\">Les premiers chiffres faisaient \u00e9tat de la mort de 31 personnes et indiquaient qu\u2019au moins 100 autres avaient \u00e9t\u00e9 bless\u00e9es. Cet attentat survient le lendemain de l\u2019anniversaire de la R\u00e9volution du Rojava qui a commenc\u00e9 le 19 juillet 2012 avec la mise en place par les Kurdes de l\u2019autonomie d\u00e9mocratique dans les cantons de Koban\u00ea, Afr\u00een et Djizir\u00ea.<\/p>\n<p class=\"spip\">Cet attentat terroriste, cette trag\u00e9die, est directement li\u00e9 \u00e0 la crise politique que traverse actuellement la Turquie. Il ne fait aucun doute que cet attentat a \u00e9t\u00e9 encourag\u00e9 par le soutien ouvertement apport\u00e9 \u00e0 Daesh par diff\u00e9rents Etats de la r\u00e9gion.<\/p>\n<p class=\"spip\">La r\u00e9sistance kurde contre la barbarie de Daesh est une lutte pour la d\u00e9mocratie, les droits humains et l\u2019humanit\u00e9. Soutenir les r\u00e9sistants du Rojava et condamner Daesh et ses soutiens est un devoir politique pour la communaut\u00e9 internationale.<\/p>\n<p class=\"spip\">Cet attentat ne vise pas seulement le Rojava, mais aussi la solidarit\u00e9 avec le Rojava.<\/p>\n<p class=\"spip\">Nous demandons au gouvernement turc de faire imm\u00e9diatement toute la lumi\u00e8re sur cet attentat.<\/p>\n<p class=\"spip\">Nous condamnons fortement cette attaque terroriste brutale et appelons la communaut\u00e9 internationale, l\u2019Union europ\u00e9enne et le Conseil de l\u2019Europe \u00e0 prendre imm\u00e9diatement des sanctions \u00e0 l\u2019encontre des Etats qui soutiennent Daesh afin qu\u2019ils arr\u00eatent leur soutien \u00e0 cette barbarie<\/p>\n<p class=\"spip\"><strong class=\"spip\">Congr\u00e8s national du Kurdistan \u2013 KNK<\/strong><\/p>\n<hr class=\"spip\" \/>\n<p class=\"spip\"><span class=\"spip_document_3137 spip_documents spip_documents_center\"><img loading=\"lazy\" decoding=\"async\" src=\"http:\/\/i2.wp.com\/oclibertaire.free.fr\/local\/cache-vignettes\/L520xH293\/CKWZqMZWEAAY4aF-99623.jpg?resize=520%2C293\" alt=\"\" width=\"520\" height=\"293\" \/><\/span><\/p>\n<p class=\"spip\"><span class=\"spip_document_3138 spip_documents spip_documents_center\"><img loading=\"lazy\" decoding=\"async\" src=\"http:\/\/i2.wp.com\/oclibertaire.free.fr\/local\/cache-vignettes\/L520xH391\/CKWR2lFVEAAfsm3-588b2.jpg?resize=520%2C391\" alt=\"\" width=\"520\" height=\"391\" \/><\/span><\/p>\n<p class=\"spip\"><span class=\"spip_document_3139 spip_documents spip_documents_center\"><img loading=\"lazy\" decoding=\"async\" src=\"http:\/\/i2.wp.com\/oclibertaire.free.fr\/local\/cache-vignettes\/L520xH294\/CKbYp58WEAEuFt6-1eb28.jpg?resize=520%2C294\" alt=\"\" width=\"520\" height=\"294\" \/><\/span><\/p>\n<p class=\"spip\"><span class=\"spip_document_3141 spip_documents spip_documents_center\"><img loading=\"lazy\" decoding=\"async\" src=\"http:\/\/i0.wp.com\/oclibertaire.free.fr\/local\/cache-vignettes\/L520xH347\/massacre_Suruc-da7ca.jpg?resize=520%2C347\" alt=\"\" width=\"520\" height=\"347\" \/><\/span><\/p>\n<p class=\"spip\"><span class=\"spip_document_3152 spip_documents spip_documents_center\"><img loading=\"lazy\" decoding=\"async\" src=\"http:\/\/i2.wp.com\/oclibertaire.free.fr\/local\/cache-vignettes\/L520xH372\/30_visages-86342.jpg?resize=520%2C372\" alt=\"\" width=\"520\" height=\"372\" \/><\/span><\/p>\n<p class=\"spip\">Manifestations imm\u00e9diates un peu partout dans le Nord-Kurdistan (en Turquie) et dans les grandes villes turques aux cris de <i class=\"spip\">\u00ab\u00a0Le Kurdistan sera la tombe de Daesh\u00a0\u00bb<\/i> et <i class=\"spip\">\u00ab\u00a0Daesh assassin \u2013 AKP complice\u00a0\u00bb<\/i>. Pratiquement toutes les manifestations ont \u00e9t\u00e9 attaqu\u00e9es par les force anti-\u00e9meutes de la police turque. Dans certaines villes (y compris Istanbul), des groupes d\u2019autod\u00e9fense arm\u00e9s (molotovs, fusils, AK47\u2026) sont descendus dans les rues aux c\u00f4t\u00e9s des manifestants.<\/p>\n<p class=\"spip\"><span class=\"spip_document_3149 spip_documents spip_documents_center\"><img loading=\"lazy\" decoding=\"async\" src=\"http:\/\/i1.wp.com\/oclibertaire.free.fr\/local\/cache-vignettes\/L520xH347\/2AB4119200000578-3168752-image-a-18_1437427596804-1bdc3.jpg?resize=520%2C347\" alt=\"\" width=\"520\" height=\"347\" \/><\/span><\/p>\n<p class=\"spip\"><span class=\"spip_document_3146 spip_documents spip_documents_center\"><img loading=\"lazy\" decoding=\"async\" src=\"http:\/\/i2.wp.com\/oclibertaire.free.fr\/local\/cache-vignettes\/L520xH338\/770x500cc-dyb-20-07-2015-suruc-patlama-protesto-yuruyusu-mansetttttt-d0e8a.jpg?resize=520%2C338\" alt=\"\" width=\"520\" height=\"338\" \/><\/span><\/p>\n<p class=\"spip\"><span class=\"spip_document_3150 spip_documents spip_documents_center\"><img loading=\"lazy\" decoding=\"async\" src=\"http:\/\/i0.wp.com\/oclibertaire.free.fr\/local\/cache-vignettes\/L520xH347\/2AB4081D00000578-3168752-image-a-20_1437427724314-0f739.jpg?resize=520%2C347\" alt=\"\" width=\"520\" height=\"347\" \/><\/span><\/p>\n<p class=\"spip\"><span class=\"spip_document_3142 spip_documents spip_documents_center\"><img loading=\"lazy\" decoding=\"async\" src=\"http:\/\/i0.wp.com\/oclibertaire.free.fr\/local\/cache-vignettes\/L520xH372\/manif_istanbul_pour_suruc-2e6ed.jpg?resize=520%2C372\" alt=\"\" width=\"520\" height=\"372\" \/><\/span><\/p>\n<p class=\"spip\"><span class=\"spip_document_3143 spip_documents spip_documents_center\"><img loading=\"lazy\" decoding=\"async\" src=\"http:\/\/i1.wp.com\/oclibertaire.free.fr\/local\/cache-vignettes\/L520xH344\/CKZCwwCXAAA72vw-dc3fd.jpg?resize=520%2C344\" alt=\"\" width=\"520\" height=\"344\" \/><\/span><\/p>\n<p class=\"spip\"><span class=\"spip_document_3147 spip_documents spip_documents_center\"><img loading=\"lazy\" decoding=\"async\" src=\"http:\/\/i0.wp.com\/oclibertaire.free.fr\/local\/cache-vignettes\/L340xH517\/807555ea69ac92c259ce98d5391773e9-72c2b.jpg?resize=340%2C517\" alt=\"\" width=\"340\" height=\"517\" \/><\/span><\/p>\n<p class=\"spip\"><span class=\"spip_document_3148 spip_documents spip_documents_center\"><img loading=\"lazy\" decoding=\"async\" src=\"http:\/\/i2.wp.com\/oclibertaire.free.fr\/local\/cache-vignettes\/L520xH376\/CKZsc9RUkAAwyT8-b4e13.jpg?resize=520%2C376\" alt=\"\" width=\"520\" height=\"376\" \/><\/span><\/p>\n<p class=\"spip\"><span class=\"spip_document_3151 spip_documents spip_documents_center\"><img loading=\"lazy\" decoding=\"async\" src=\"http:\/\/i2.wp.com\/oclibertaire.free.fr\/local\/cache-vignettes\/L520xH391\/CKd0vw4WEAAA7rU-5fd0c.jpg?resize=520%2C391\" alt=\"\" width=\"520\" height=\"391\" \/><\/span><\/p>\n<hr class=\"spip\" \/>\n<p class=\"spip\"><strong class=\"spip\">Appel \u00e0 mobilisation urgente pour condamner l\u2019attentat de Suru\u00e7 en Turquie\u00a0! <\/strong><\/p>\n<p class=\"spip\">Des jeunes pleins d\u2019espoir avaient pris la route pour participer, durant 6 jours, \u00e0 la reconstruction de Koban\u00e9\u2026 Une conf\u00e9rence de presse tenue par un groupe de 300 membres de la SGDF (<i class=\"spip\">Sosyalist Gen\u00e7lik Dernekleri Federasyonu<\/i> \/ F\u00e9d\u00e9ration des associations des jeunes socialistes) pour annoncer leur engagement dans la reconstruction de Koban\u00e9, ville syrienne devenue le symbole de la r\u00e9sistance kurde face \u00e0 DAESH, a \u00e9t\u00e9 la cible d\u2019une explosion sanglante dans la ville de Suru\u00e7, pr\u00e8s de la fronti\u00e8re Syrienne, en Turquie.<\/p>\n<p class=\"spip\">Le premier bilan du drame fait \u00e9tat d\u2019une trentaine de morts et de plus d\u2019une centaine de bless\u00e9s. Malgr\u00e9 une campagne active men\u00e9e depuis plusieurs semaines et largement diffus\u00e9e par la SGDF annon\u00e7ant leur d\u00e9part d\u2019Istanbul pour la reconstruction de Koban\u00ea, aucune mesure de s\u00e9curit\u00e9 particuli\u00e8re n\u2019a \u00e9t\u00e9 prise par les forces de s\u00e9curit\u00e9 turques.<\/p>\n<p class=\"spip\">Ce massacre vise \u00e0 briser la solidarit\u00e9 internationale grandissante entre les peuples. Ce massacre vise notre libert\u00e9. Ce massacre vise notre humanit\u00e9. C\u2019est pourquoi, nous lan\u00e7ons un appel massif \u00e0 la presse et \u00e0 l\u2019opinion publique \u00e0 condamner fermement ce massacre et d\u2019exhorter l\u2019\u00c9tat turc \u00e0 ce que lumi\u00e8re et justice soient faites.<\/p>\n<p class=\"spip\"><strong class=\"spip\">Manifestation le samedi 25 juillet 2015<br \/>\nGare de l\u2019Est \u00e0 14h <\/strong><\/p>\n<p class=\"spip\">ACTIT (Association Culturelle des Travailleurs Immigr\u00e9s de Turquie)<\/p>\n<hr class=\"spip\" \/>\n<h3 class=\"spip\">Comment et pourquoi le massacre Suru\u00e7 est-il arriv\u00e9\u00a0?<\/h3>\n<p class=\"spip\"><i class=\"spip\">Les jeunes qui sont morts ou ont \u00e9t\u00e9 bless\u00e9s \u00e0 Suru\u00e7 avaient un seul objectif\u00a0: se rendre \u00e0 Koban\u00ea et participer \u00e0 la reconstruction de la ville\u2026<\/i><\/p>\n<p class=\"spip\">Mardi 21 juillet 2015<\/p>\n<p class=\"spip\">ANF \u2013 Amed Dicle<\/p>\n<p class=\"spip\">Les jeunes qui sont morts ou ont \u00e9t\u00e9 bless\u00e9s dans Suru\u00e7 avaient un seul objectif\u00a0: se rendre \u00e0 Koban\u00ea et participer \u00e0 la reconstruction de la ville. Ils \u00e9taient membres de la F\u00e9d\u00e9ration des Associations des Jeunesses socialistes (SGDF) et avaient \u00e9mis un communiqu\u00e9 de presse avant de se rendre \u00e0 Suru\u00e7. Cela faisait un mois qu\u2019il \u00e9tait public et connu que ces jeunes se pr\u00e9paraient \u00e0 y aller.<\/p>\n<p class=\"spip\">Les habitants de Suru\u00e7, les jeunes et les repr\u00e9sentants d\u2019organisations non gouvernementales ont accueilli les jeunes \u00e0 Suru\u00e7. Ils ont rencontr\u00e9 le gouverneur de district et lui ont dit qu\u2019ils aimeraient traverser la fronti\u00e8re \u00e0 Koban\u00ea. Le gouverneur du district les a fait attendre en leur disant que seuls quelques-uns d\u2019entre eux pourraient traverser et pas l\u2019ensemble du groupe.<\/p>\n<p class=\"spip\">L\u2019attaque sanglante de Suru\u00e7 a eu lieu apr\u00e8s que les jeunes aient fait une d\u00e9claration \u00e0 la presse dans le Centre culturel Amara en r\u00e9ponse aux obstacles pos\u00e9s par le gouverneur de district.<\/p>\n<p class=\"spip\">Nous devons poser les questions suivantes en ce qui concerne l\u2019attaque\u00a0:<\/p>\n<p class=\"spip\">1. \u2013 La police a fouill\u00e9 compl\u00e8tement les jeunes alors qu\u2019ils se rendaient au Centre Culturel Amara. Le point de contr\u00f4le de la police \u00e9tait \u00e0 200 m\u00e8tres d\u2019Amara, et la police aurait pu mettre en place un point de contr\u00f4le plus proche du centre culturel. La police n\u2019aurait-elle par install\u00e9e son poste de contr\u00f4le \u00e0 200 m\u00e8tres d\u2019Amara pour \u00eatre hors d\u2019atteinte de l\u2019explosion\u00a0?<\/p>\n<p class=\"spip\">2 \u2013 Comment le kamikaze de l\u2019ISIS a pu entrer dans le centre culturel dans un contexte o\u00f9 la police a fouill\u00e9 chaque ordinateur portable, appareil photo et m\u00eame les crayons que portaient les jeunes massacr\u00e9s\u00a0?<\/p>\n<p class=\"spip\">3 \u2013 Comment les services de renseignement turcs, qui surveillent tout \u00e0 Suru\u00e7 y compris le poste frontalier de M\u00fcr\u015fitp\u0131nar, ont-ils r\u00e9ussi \u00e0 ne pas \u201fvoir\u201d le membre de l\u2019ISIS\u00a0?<\/p>\n<p class=\"spip\">4 \u2013 Comment est-il possible que la police n\u2019ait pas identifi\u00e9 le membre de l\u2019ISIS malgr\u00e9 le fait que Centre Culturel Amara est situ\u00e9 \u00e0 c\u00f4t\u00e9 d\u2019un commissariat de police\u00a0?<\/p>\n<p class=\"spip\">5 \u2013 Pourquoi les policiers ont-ils attaqu\u00e9 des civils qui apportaient les bless\u00e9s \u00e0 l\u2019h\u00f4pital\u00a0? Parce qu\u2019ils voulaient que les bless\u00e9s meurent ainsi\u00a0?<\/p>\n<p class=\"spip\">6 \u2013 Combien de cellules de l\u2019ISIS existent dans Suru\u00e7 et ses alentours\u00a0? Est-ce que l\u2019\u00c9tat est au courant de ces cellules\u00a0?<\/p>\n<p class=\"spip\">7 \u2013 Pourquoi les corps ont-ils \u00e9t\u00e9 examin\u00e9s par la m\u00e9decine l\u00e9gale de Gaziantep et non par la m\u00e9decine l\u00e9gale d\u2019Urfa\u00a0? Qu\u2019est-ce qu\u2019ils essaient de cacher\u00a0?<\/p>\n<p class=\"spip\">8 \u2013 Il y a des d\u00e9clarations de t\u00e9moins affirmant qu\u2019il y avait deux assaillants, un homme qui a fait exploser la bombe et une femme qui fut bless\u00e9e, et que la femme bless\u00e9e est en garde \u00e0 vue en ce moment. Qui est la femme attaquante, n\u00e9e en 1995 \u00e0 Sivas, qui a \u00e9t\u00e9 plac\u00e9e en garde \u00e0 vue\u00a0? Pourquoi les responsables ne parviennent-ils pas \u00e0 faire une d\u00e9claration \u00e0 ce sujet\u00a0?<\/p>\n<p class=\"spip\">Celui qui doit r\u00e9pondre \u00e0 ces questions est l\u2019\u00c9tat, et les r\u00e9ponses \u00e0 ces interrogations sont \u00e9videntes.<\/p>\n<p class=\"spip\">Beaucoup de gens avaient pr\u00e9vu de telles attaques apr\u00e8s la lib\u00e9ration de Gir\u00ea Sp\u00ee (Tel Abyad) par les YPG. Comme des images vid\u00e9o l\u2019ont confirm\u00e9, les gangs de l\u2019ISIS se sont enfuis de Gir\u00ea Sp\u00ee et ont travers\u00e9 la fronti\u00e8re librement et joyeusement \u00e0 Ak\u00e7akale. Peu de temps apr\u00e8s, l\u2019agence d\u2019informations Dicle (DIHA) et d\u2019autres organes de presse d\u2019opposition ont document\u00e9 le quartier g\u00e9n\u00e9ral de l\u2019ISIS \u00e0 Ak\u00e7akale. DIHA a \u00e9galement fait \u00e9tat de la formation d\u2019une cellule de l\u2019ISIS \u00e0 Ceylanp\u0131nar il y a deux jours.<\/p>\n<p class=\"spip\">Gir\u00ea Sp\u00ee a \u00e9t\u00e9 une lourde d\u00e9faite pour l\u2019AKP et l\u2019ISIS, car la logistique \u00e9tait organis\u00e9e \u00e0 travers le poste-fronti\u00e8re l\u00e0-bas. Les responsables de l\u2019AKP ont manifest\u00e9 publiquement leur m\u00e9contentement face \u00e0 la lib\u00e9ration de Gir\u00ea Sp\u00ee, et Erdo\u011fan a d\u00e9clar\u00e9 qu\u2019il ne resterait pas \u00ab\u00a0assister sans rien faire\u00a0\u00bb \u00e0 ce qui se passe. Ils essaient maintenant de venger la lib\u00e9ration de Gir\u00ea Sp\u00ee dans le Nord-Kurdistan. Quand l\u2019ISIS a \u00e9t\u00e9 vaincu dans le Kurdistan syrien, ils ont apport\u00e9 la guerre de ce c\u00f4t\u00e9-ci de la fronti\u00e8re. Ils r\u00e9p\u00e8tent \u00e0 Suru\u00e7, \u00e0 Urfa et \u00e0 Diyarbak\u0131r l\u2019attaque sur Koban\u00ea du 25 juin. Le massacre brutal de Suru\u00e7 est une attaque contre le mod\u00e8le de la vie libre et d\u00e9mocratique d\u00e9velopp\u00e9 dans le Kurdistan syrien et les personnes qui se solidarisent avec le Mouvement pour la libert\u00e9 kurde.<\/p>\n<p class=\"spip\">Nous sommes dans une situation dangereuse car Erdogan et son AKP ont actionn\u00e9 la haine qu\u2019ils ont accumul\u00e9e apr\u00e8s leur d\u00e9faite dans le Kurdistan syrien ainsi que lors des \u00e9lections du 7 juin dernier. Nous ne pouvons pas faire appel \u00e0 des tyrans\u00a0; l\u2019\u00c9tat turc ne prot\u00e9gera pas les civils et les institutions de l\u2019ISIS. C\u2019est l\u2019ISIS que l\u2019\u00c9tat prot\u00e8ge et tol\u00e8re. Cette situation actuelle rend l\u2019autod\u00e9fense plus cruciale que jamais.<\/p>\n<p class=\"spip\">Comment pouvons-nous organiser notre auto-d\u00e9fense\u00a0?<\/p>\n<p class=\"spip\">1- L\u2019autod\u00e9fense est une question s\u00e9rieuse et importante. Nous devons l\u2019organiser syst\u00e9matiquement et sans panique, sans compter sur l\u2019\u00c9tat.<\/p>\n<p class=\"spip\">2- Nous ne devons pas laisser la s\u00e9curit\u00e9 aux mains des forces de police lors des actions collectives qui ont lieu dans les villes frontali\u00e8res ainsi que dans les centres urbains comme Amed [Diyarbak\u0131r]. Les attaques de l\u2019ISIS sont plus susceptibles de se produire dans des zones o\u00f9 il y a une pr\u00e9sence polici\u00e8re intense. Des centaines de civils peuvent former des cercles de s\u00e9curit\u00e9 pour l\u2019autod\u00e9fense.<\/p>\n<p class=\"spip\">3- Le danger persistera aussi longtemps que les cellules de l\u2019ISIS existent. Par cons\u00e9quent, les jeunes doivent prendre l\u2019initiative et \u00e9liminer les cellules de l\u2019ISIS qui fonctionnent sous le d\u00e9guisement d\u2019organisations d\u2019aide et de presse.<\/p>\n<p class=\"spip\">4- Les organisations non-gouvernementales, les politiciens d\u00e9mocrates, les parlementaires et la presse doivent clarifier leur position concernant le quartier g\u00e9n\u00e9ral de l\u2019ISIS dans l\u2019exploitation agricole TIGEM \u00e0 Ak\u00e7akale. Les parlementaires et les ONG doivent exposer pourquoi TIGEM est ferm\u00e9e aux civils.<\/p>\n<p class=\"spip\">___<\/p>\n<p class=\"spip\">Source\u00a0: <strong class=\"spip\"><a class=\"spip_out\" href=\"http:\/\/anfenglish.com\/kurdistan\/how-and-why-did-the-suruc-massacre-happen\">ici<\/a><\/strong><\/p>\n<p class=\"spip\">Traduction\u00a0: OCLibertaire<\/p>\n<hr class=\"spip\" \/>\n<p class=\"spip\"><strong class=\"spip\">Quelques informations compl\u00e9mentaires ici\u00a0:<\/strong><\/p>\n<p class=\"spip\"><i class=\"spip\"><a class=\"spip_out\" href=\"http:\/\/kedistan.fr\/2015\/07\/21\/massacre-suruc-31-sourires-disparus\/\">Massacre \u00e0 Suru\u00e7\u00a0: 32 sourires disparus\u2026<\/a><\/i><\/p>\n<p class=\"spip\"><i class=\"spip\"><a class=\"spip_out\" href=\"http:\/\/kedistan.fr\/2015\/07\/22\/temoignage-je-mappelle-pinar-jetais-a-suruc-mes-camarades-sont-morts\/\">Je m\u2019appelle P\u0131nar, j\u2019\u00e9tais \u00e0 Suru\u00e7, mes camarades sont morts<\/a><\/i><\/p>\n<p class=\"spip\"><i class=\"spip\"><a class=\"spip_out\" href=\"http:\/\/www.susam-sokak.fr\/2015\/07\/attentat-de-suruc-ou-31-jeunes-socialistes-qui-voulaient-participer-a-la.html\">Les jeunes victimes de Suru\u00e7 ont un nom et un visage\u2026<\/a><\/i><\/p>\n<p class=\"spip\"><i class=\"spip\"><a class=\"spip_out\" href=\"http:\/\/www.susam-sokak.fr\/2015\/07\/suruc.html\">Suru\u00e7<\/a><\/i><\/p>\n<h3 class=\"spip\">____________<\/h3>\n<h3 class=\"spip\">En compl\u00e9ment<\/h3>\n<p class=\"spip\"><i class=\"spip\"><strong class=\"spip\">M-A-J du 21 juillet<\/strong> <\/i><\/p>\n<p class=\"spip\">Un dernier bilan fait \u00e9tat de 32 morts et une centaine de bless\u00e9s dont 20 gri\u00e8vement atteints ont \u00e9t\u00e9 plac\u00e9s en soins intensifs.<\/p>\n<p class=\"spip\">Selon des informations plus r\u00e9centes, parmi les victimes se trouvent 2 camarades anarchistes, Alper Sapan et Evrim Deniz Erol, tous les deux \u00e2g\u00e9s de 19 ans. Un troisi\u00e8me camarade anarchiste, Caner Delisu est hospitalis\u00e9 dans un \u00e9tat grave. D\u2019autres militants, dont certains connus, faisait partie de diverses organisations de la gauche r\u00e9volutionnaire turque.<\/p>\n<p class=\"spip\">Plus de 24 heures apr\u00e8s le massacre, il n\u2019y a toujours pas de revendication formelle. Ce n\u2019\u00e9tait pas un attentat \u201caveugle\u201d visant une population (dans un march\u00e9 ou une mosqu\u00e9e) en fonction de son ethnie ou de sa religion ou de son insubordination \u00e0 l\u2019ordre salafiste, mais une action tr\u00e8s pr\u00e9cise et cibl\u00e9e qui a vis\u00e9 un rassemblement d\u2019activistes de Turquie engag\u00e9s dans la solidarit\u00e9 politique et mat\u00e9rielle avec le Kurdistan, la r\u00e9volution du Rojava et tr\u00e8s pr\u00e9cis\u00e9ment avec le projet de reconstruire Koban\u00ea.<\/p>\n<p class=\"spip\">Le gouverneur de la province d\u2019Urfa o\u00f9 se situe Suru\u00e7 a interdit tout rassemblement, manifestation de rue, r\u00e9union publique.<\/p>\n<p class=\"spip\">De nouvelles manifestations sont appel\u00e9es ce 21 juillet en soir\u00e9e dans tout le Nord-Kudistan et en Turquie. Des initiatives de solidarit\u00e9 sont en pr\u00e9paration un peu partout dans le monde entier.<\/p>\n<p class=\"spip\">Le m\u00eame jour, de l\u2019autre c\u00f4t\u00e9 de la fronti\u00e8re, \u00e0 Koban\u00ea, 3 miliciens des YPG ont \u00e9t\u00e9 tu\u00e9s par un attentat suicide \u00e0 un checkpoint situ\u00e9 \u00e0 l\u2019entr\u00e9e de la ville.<\/p>\n<p class=\"spip\">Un commandant des YPG a affirm\u00e9 que ceux qui sont tomb\u00e9s le 20 juillet \u00e0 Suru\u00e7 et le 25 juin \u00e0 Koban\u00ea (293 morts dont 252 civils) seront veng\u00e9s, mais sur le terrain militaire \u00e0 Sarrin, Jarablus et Hasakah.<\/p>\n<p class=\"spip\">Dans cette derni\u00e8re ville, les djhadistes sont maintenant pratiquement encercl\u00e9s par les YPG qui les ont pris en tenaille par l\u2019est, l\u2019ouest et le sud.<\/p>\n<p class=\"spip\"><span class=\"spip_document_3155 spip_documents spip_documents_center\"><img loading=\"lazy\" decoding=\"async\" class=\" format_png\" src=\"http:\/\/i2.wp.com\/oclibertaire.free.fr\/local\/cache-vignettes\/L520xH315\/carte_hassakah_20-07-2015-d27b2.png?resize=520%2C315\" alt=\"\" width=\"520\" height=\"315\" \/><\/span><\/p>\n<p class=\"spip\">A Sarrin (situ\u00e9 sur la rive orientale de l\u2019Euphrate, au SO de Koban\u00ea), ils ne tiennent encore la ville que gr\u00e2ce \u00e0 l\u2019arriv\u00e9e constante de renforts, mais ils ne cessent de perdre du terrain face aux YPG-J et leurs alli\u00e9s du \u201cVolcan de l\u2019Euphrate\u201d. L\u00e0 aussi, les djihadistes sont pratiquement encercl\u00e9s et assi\u00e9g\u00e9s.<\/p>\n<p class=\"spip\"><span class=\"spip_document_3154 spip_documents spip_documents_center\"><img loading=\"lazy\" decoding=\"async\" src=\"http:\/\/i1.wp.com\/oclibertaire.free.fr\/local\/cache-vignettes\/L520xH377\/carte_sarrin_23-07-2015-acac0.jpg?resize=520%2C377\" alt=\"\" width=\"520\" height=\"377\" \/><\/span><\/p>\n<h3 class=\"spip\">______<\/h3>\n<p class=\"spip\"><i class=\"spip\"><strong class=\"spip\">M-A-J du 22 juillet<\/strong> <\/i><\/p>\n<p class=\"spip\"><i class=\"spip\">Ripostes au massacre de Suru\u00e7<\/i><\/p>\n<p class=\"spip\">Le YDG-H (Mouvement de la Jeunesse Patriotique R\u00e9volutionnaire), li\u00e9 au PKK, a revendiqu\u00e9 la destruction et l\u2019incendie du v\u00e9hicule d\u2019un sergent de la police lors des manifestations du lundi 20 juillet dans la soir\u00e9e, dans la ville de Cizre, province de \u015eirnak. Cette op\u00e9ration a eu lieu \u00e0 la suite d\u2019une attaque men\u00e9e par des manifestants arm\u00e9s contre les forces de police.<\/p>\n<p class=\"spip\">Le YDG-H a \u00e9galement revendiqu\u00e9 d\u2019avoir ex\u00e9cut\u00e9 un ancien militant de Daesh, de nationalit\u00e9 turque, \u00e0 Istanbul, apr\u00e8s l\u2019avoir traqu\u00e9 pendant 3 mois.<\/p>\n<p class=\"spip\">Pour leur part, les HPG (la gu\u00e9rilla du PKK) ont revendiqu\u00e9 une action de r\u00e9sistance arm\u00e9e dans la province d\u2019Ad\u0131yaman (Semsur) qui a caus\u00e9 la mort d\u2019un sous-officier turc le 20 juillet et bless\u00e9 deux soldats.<\/p>\n<p class=\"spip\">Le 22 juillet, les HPG ont revendiqu\u00e9 l\u2019ex\u00e9cution de deux policiers turcs dans la ville de Ceylanp\u0131nar, proche de la fronti\u00e8re syrienne, province d\u2019Urfa, \u00e0 l\u2019est de Suru\u00e7. Ils travaillaient selon le communiqu\u00e9 \u00ab\u00a0<i class=\"spip\">en coop\u00e9ration avec les gangs de l\u2019ISIS<\/i>\u00a0\u00bb. <i class=\"spip\">\u00ab\u00a0Cette action a \u00e9t\u00e9 men\u00e9e en repr\u00e9sailles pour le massacre de Suru\u00e7 \u00e0 6 h (du matin)\u00a0\u00bb<\/i>, pr\u00e9cise le communiqu\u00e9 qui ajoute que cette op\u00e9ration est <i class=\"spip\">\u00ab\u00a0une action punitive\u00a0\u00bb<\/i>.<br \/>\nLes papiers d\u2019identit\u00e9 et les armes des policiers ont \u00e9t\u00e9 saisis.<\/p>\n<p class=\"spip\">Une grande manifestation est pr\u00e9vue dimanche prochain 26 juillet \u00e0 Istanbul, afin de protester contre la violence d\u2019\u00c9tat et la complicit\u00e9 du gouvernement turc avec les fous furieux de Daesh et autres djihadistes de Turquie, de Syrie\u2026<\/p>\n<p class=\"spip\">En fin d\u2019apr\u00e8s-midi ce mercredi 22 juillet, un conseil des ministres extraordinaire se tient en pr\u00e9sence de tous les hauts responsables de l\u2019arm\u00e9e, de la police, de la gendarmerie, des services de renseignements.<\/p>\n<p class=\"spip\">Les policiers ont re\u00e7u l\u2019ordre de ne pas demander de cong\u00e9s en ce moment. Ceux qui s\u2019y trouvent ont l\u2019ordre de r\u00e9incorporer leurs unit\u00e9s imm\u00e9diatement.<\/p>\n<p class=\"spip\">\u00e0 suivre\u2026<\/p>\n<h3 class=\"spip\">______<\/h3>\n<p class=\"spip\"><i class=\"spip\"><strong class=\"spip\">M-A-J du 23 juillet<\/strong> <\/i><\/p>\n<p class=\"spip\"><i class=\"spip\">Massacre de Suru\u00e7 <\/i><\/p>\n<p class=\"spip\">L\u2019auteur de l\u2019attentat-suicide a \u00e9t\u00e9 identifi\u00e9 par son ADN. Il s\u2019agirait d\u2019un jeune kurde, de nationalit\u00e9 turque, \u00e2g\u00e9 de 20 ans. Issu d\u2019une famille traditionnelle conservatrice, il aurait fait partie d\u2019une cellule d\u2019un groupe proche de Daesh dirig\u00e9e par son fr\u00e8re ain\u00e9 et avec qui il serait parti en Syrie depuis plus de 6 mois. A noter que les deux fr\u00e8res sont originaires de la ville d\u2019Adiyaman (Sems\u00fbr en kurde), comme le principal suspect de l\u2019attentat \u00e0 la bombe qui a fait 4 morts lors d\u2019un meeting du parti de gauche pro-kurde HDP (Parti d\u00e9mocratique des peuples) le 5 juin dernier \u00e0 Diyarbakir.<\/p>\n<p class=\"spip\"><i class=\"spip\">Ripostes<\/i><\/p>\n<p class=\"spip\"><i class=\"spip\">Province de Diyarbakir<\/i>. Un policier abattu, un autre s\u00e9v\u00e8rement bless\u00e9. Cela s\u2019est pass\u00e9 dans l\u2019apr\u00e8s-midi de ce jeudi 23 juillet. D\u2019apr\u00e8s la presse, ils auraient \u00e9t\u00e9 pris dans une embuscade alors qu\u2019ils patrouillaient dans le district de \u015eehitlik, au sud-est de la province.<\/p>\n<p class=\"spip\"><i class=\"spip\">Dans la province d\u2019Adana<\/i>, au sud de la Turquie, un militant djihadiste a \u00e9t\u00e9 retrouv\u00e9 mort \u00e0 son domicile.<\/p>\n<p class=\"spip\"><i class=\"spip\">Gr\u00e8ve de la faim<\/i>.<\/p>\n<p class=\"spip\">Les prisonni\u00e8res du PJAK (Parti de la lib\u00e9ration des femmes du Kurdistan) et les prisonniers du PKK (Parti des travailleurs du Kurdistan) ont d\u00e9cid\u00e9 de suivre une gr\u00e8ve de la faim de 3 jours, du 24 au 26 juillet, en signe de protestation contre le massacre de Suru\u00e7.<\/p>\n<p class=\"spip\"><i class=\"spip\">Activit\u00e9s militaires<\/i>.<\/p>\n<p class=\"spip\">L\u2019arm\u00e9e turque s\u2019est red\u00e9ploy\u00e9 massivement sur plusieurs points de la zone frontali\u00e8re avec la Syrie, notamment dans la province turque de Kilis, situ\u00e9e au nord d\u2019Alep.<br \/>\nEn outre, des forces sp\u00e9ciales, appel\u00e9es \u00ab\u00a0b\u00e9rets marrons\u00a0\u00bb, ont \u00e9t\u00e9 d\u00e9ploy\u00e9s sur une longueur de plusieurs centaines de kilom\u00e8tres, de la province d\u2019Hatay \u00e0 celle de Mardin, c\u2019est-\u00e0-dire sur pratiquement toute la longueur de la fronti\u00e8re entre la Turquie et la Syrie (900 km).<\/p>\n<p class=\"spip\">La r\u00e9gion syrienne en face de Kilis est sous contr\u00f4le de Daesh le long d\u2019une portion de fronti\u00e8re de 70 km. Des combats auraient \u00e9clat\u00e9 le 22 juillet entre l\u2019arm\u00e9e turque et des militants djihadistes de part et d\u2019autre de la fronti\u00e8re.<\/p>\n<p class=\"spip\"><span class=\"spip_document_3153 spip_documents spip_documents_center\"><img loading=\"lazy\" decoding=\"async\" class=\" format_png\" src=\"http:\/\/i1.wp.com\/oclibertaire.free.fr\/local\/cache-vignettes\/L520xH134\/carte_nord_turquie-a2488.png?resize=520%2C134\" alt=\"\" width=\"520\" height=\"134\" \/><\/span><\/p>\n<p class=\"spip\">Un peu plus \u00e0 l\u2019ouest (vers Azaz), se trouve une zone contr\u00f4l\u00e9e par le Front al-Nosra (Al-Qa\u00efda) et ses alli\u00e9s de l\u2019\u201fArm\u00e9e de la conqu\u00eate\u201d. C\u2019est l\u00e0 qu\u2019a commenc\u00e9 \u00e0 op\u00e9rer r\u00e9cemment une unit\u00e9 de rebelles syriens dits \u201fmod\u00e9r\u00e9s\u201d entra\u00een\u00e9s et \u00e9quip\u00e9s par les \u00c9tats-Unis.<\/p>\n<p class=\"spip\">Le 22 juillet, un sous-officier turc a \u00e9t\u00e9 tu\u00e9 et quatre soldats bless\u00e9s lors d\u2019une attaque djihadiste sur la fronti\u00e8re. Certaines sources parlent d\u2019un colonne d\u2019une dizaine de combattants cherchant \u00e0 traverser la fronti\u00e8re pour se rendre en territoire turc comme ils en ont l\u2019habitude. Le lendemain, 23 juillet, cette r\u00e9gion a \u00e9t\u00e9 d\u00e9clar\u00e9 \u00ab\u00a0zone de s\u00e9curit\u00e9 sp\u00e9ciale\u00a0\u00bb par la pr\u00e9fecture de Kilis.<\/p>\n<p class=\"spip\">Ce jeudi 23 juillet, on apprend que l\u2019arm\u00e9e turque est entr\u00e9e de nouveau en action dans l\u2019apr\u00e8s-midi, avec des bombardements terrestres sur des positions de Daesh dans un village syrien situ\u00e9 \u00e0 moins de 2 km de la fronti\u00e8re. Certaines sources disent que des chars auraient p\u00e9n\u00e9tr\u00e9 de plusieurs centaines de m\u00e8tres en territoire syrien avant de se replier. Trois v\u00e9hicules de Daesh auraient \u00e9t\u00e9 d\u00e9truits et au moins un combattant djihadiste tu\u00e9. Des renforts de tanks ont \u00e9t\u00e9 envoy\u00e9s \u00e0 la fronti\u00e8re.<\/p>\n<p class=\"spip\">C\u2019est la premi\u00e8re fois que l\u2019arm\u00e9e turque bombarde des positions djihadistes. Mais \u00e0 ce stade, cela ne constitue pas un v\u00e9ritable engagement.<\/p>\n<p class=\"spip\">Au m\u00eame moment, on apprend que le gouvernement turc a fini par accepter de laisser les \u00c9tats-Unis utiliser leurs bases a\u00e9riennes pour lancer des op\u00e9rations sur le territoire syrien.<\/p>\n<p class=\"spip\">Les autorit\u00e9s turques affirment avoir arr\u00eat\u00e9 457 candidats au djihad au cours du 1er semestre de 2015.<\/p>\n<p class=\"spip\">Les positions semblent se rapprocher.<\/p>\n<h3 class=\"spip\">______<\/h3>\n<p class=\"spip\"><i class=\"spip\"><strong class=\"spip\">M-A-J du 24 juillet<\/strong> <\/i><\/p>\n<p class=\"spip\"><i class=\"spip\">L\u2019implication de la Turquie dans la guerre en Syrie<\/i><\/p>\n<p class=\"spip\">L\u2019agence de presse du gouvernement turc a annonc\u00e9 que 3 avions F-16 ont frapp\u00e9 3 cibles de Daesh et tu\u00e9 35 de ses membres dans la nuit.<br \/>\nApr\u00e8s les escarmouches de la veille, c\u2019est la premi\u00e8re intervention a\u00e9rienne de l\u2019arm\u00e9e turque contre Daesh en Syrie. Plus tard dans la journ\u00e9e, l\u2019Observatoire syrien pour les droits de l\u2019Homme (OSDH) a annonc\u00e9 la mort de 9 djihadistes \u00e0 la suite des 3 frappes r\u00e9alis\u00e9es dans la nuit. Les cibles vis\u00e9es \u00e9taient pr\u00e8s de la fronti\u00e8re et pas tr\u00e8s de la ligne de front o\u00f9 s\u2019opposent Daesh et ses fr\u00e8res ennemis du Front al-Nosra (Al-Qa\u00efda en Syrie).<\/p>\n<p class=\"spip\"><i class=\"spip\">Cr\u00e9ation d\u2019une zone d\u2019exclusion a\u00e9rienne partielle en territoire syrien <\/i><\/p>\n<p class=\"spip\">Le r\u00e9cent accord d\u2019action conjointe entre la Turquie et les Etats-Unis, qui contient l\u2019utilisation de la base a\u00e9rienne d\u2019Incirlik dans le sud de la Turquie dans la lutte contre Daesh, comprendrait \u00e9galement une zone d\u2019exclusion a\u00e9rienne partielle le long de la fronti\u00e8re Turquie -Syrie selon des sources gouvernementales cit\u00e9es par le quotidien turc <i class=\"spip\">H\u00fcrriyet<\/i>. Les avions de la coalition auront aussi la possibilit\u00e9 d\u2019utiliser des bases turques dans les provinces de Batman, Diyarbakir et Malatya en cas d\u2019urgence.<br \/>\nUne bande d\u2019une longueur de 90 kilom\u00e8tres en Syrie entre les villes de Mare\u2019 et de Jarabulus aurait entre 40 \u00e0 50 kilom\u00e8tres de profondeur, selon ce que rapporte le quotidien <i class=\"spip\">H\u00fcrriyet<\/i> apr\u00e8s la r\u00e9union de s\u00e9curit\u00e9 du gouvernement le 22 juillet. Cependant, ces sources ont \u00e9vit\u00e9 de dire si une telle zone serait \u00e9largie \u00e0 l\u2019avenir.<\/p>\n<p class=\"spip\">Officiellement cette bande de s\u00e9curit\u00e9 vise \u00e0 emp\u00eacher des groupes radicaux tels que l\u2019\u00c9tat islamique (Daesh) ou le Front al-Nosra (al-Qa\u00efda) de gagner du terrain dans cette zone. Or ils y sont bien install\u00e9s.<br \/>\nLes avions de la coalition sous commandement \u00e9tatsunien assureront la s\u00e9curit\u00e9 sur le terrain \u00ab\u00a0en cas de besoin\u00a0\u00bb en proc\u00e9dant \u00e0 des vols \u00ab\u00a0d\u2019attaque ou d\u2019exploration\u00a0\u00bb.<br \/>\nLes avions appartenant \u00e0 la Turquie, qui est pas un membre de la coalition, mais apporte officiellement son soutien \u00e0 la lutte anti-Daesh, seront \u00e9galement autoris\u00e9s \u00e0 r\u00e9aliser des vols similaires \u00ab\u00a0en cas de besoin\u00a0\u00bb.<br \/>\nEn outre, un soutien d\u2019artillerie par l\u2019arm\u00e9e turque a \u00e9galement \u00e9t\u00e9 examin\u00e9.<\/p>\n<p class=\"spip\">En fait, cette \u201fNo-Fly Zone\u201d ne vise pas vraiment les djihadistes qui n\u2019ont pas d\u2019aviation mais directement les avions ou h\u00e9licopt\u00e8res du r\u00e9gime de Bachar al-Assad et ceux qui violeront cet espace seront pris pour cible.<\/p>\n<p class=\"spip\">Officiellement, l\u2019accord USA-Turquie ne vise pas directement la r\u00e9bellion kurde de Syrie \u2013 qui se bat contre Daesh \u2013 mais selon des sources anonymes turques, les crit\u00e8res pourraient changer si les YPG (milice kurde) et ses alli\u00e9s <i class=\"spip\">\u00ab\u00a0menacent la fronti\u00e8re turque\u00a0\u00bb<\/i> et si leurs actions permettent de <i class=\"spip\">\u00ab\u00a0changer la structure d\u00e9mographique\u00a0\u00bb<\/i> de la r\u00e9gion.<\/p>\n<p class=\"spip\">On sait que le gouvernement turc utilise ces arguments de \u00ab\u00a0nettoyage ethnique\u00a0\u00bb pour combattre les forces de la gauche kurde, en particulier depuis qu\u2019elles ont remport\u00e9 toute une s\u00e9rie de victoires militaires sur Daesh ces derniers mois, notamment en lib\u00e9rant la ville et la r\u00e9gion de Tal-Abyad, ce qui a permis de r\u00e9unir les deux cantons de Koban\u00ea et de Ciz\u00eer\u00ea.<\/p>\n<p class=\"spip\">L\u2019objectif du gouvernement turc, avec l\u2019appui des Etats-Unis, est certes d\u2019affaiblir les capacit\u00e9s du r\u00e9gime de Bachar al-Assad, mais surtout d\u2019emp\u00eacher \u00e0 tout prix que se r\u00e9p\u00e8te ce qui s\u2019est pass\u00e9 \u00e0 Tal-Abyad, emp\u00eacher que les d\u00e9faites inflig\u00e9es aux djihadistes \u2013 et aujourd\u2019hui Daesh perd clairement du terrain, est sur la d\u00e9fensive sur toute les lignes de front en Syrie \u2013 profitent aux forces kurdes qui pourraient alors concr\u00e9tiser un de leurs r\u00eaves\u00a0: r\u00e9unifier le Rojava (Kurdistan occidental, en Syrie) et \u00e9tendre le processus r\u00e9volutionnaire-d\u00e9mocratique-autogestionnaire au-del\u00e0 des consid\u00e9rations et des fragmentations \u201fethniques\u201d en conqu\u00e9rant une continuit\u00e9 territoriale avec le canton d\u2019Afrim, situ\u00e9 \u00e0 100 km \u00e0 l\u2019ouest de l\u2019Euphrate, aujourd\u2019hui isol\u00e9, enclav\u00e9 et encercl\u00e9 par la Turquie au nord et \u00e0 l\u2019ouest et les djihadistes d\u2019al-Nosra au sud et \u00e0 l\u2019est.<\/p>\n<p class=\"spip\"><span class=\"spip_document_3156 spip_documents spip_documents_center\"><img loading=\"lazy\" decoding=\"async\" src=\"http:\/\/i2.wp.com\/oclibertaire.free.fr\/local\/cache-vignettes\/L520xH312\/No_Fly_Zone-14b42.jpg?resize=520%2C312\" alt=\"\" width=\"520\" height=\"312\" \/><\/span><\/p>\n<p class=\"spip\">Cela fait des mois qu\u2019Erdo\u011fan demande la cr\u00e9ation d\u2019une zone tampon au sud de sa fronti\u00e8re avec la Syrie. Jusqu\u2019\u00e0 pr\u00e9sent, les Etats-Unis ont refus\u00e9 et la Turquie est rest\u00e9e en dehors de la coalition anti-Daesh, consid\u00e9rant que ses principaux ennemis sont les forces kurdes et que les djihadistes sont utiles pour combattre \u00e0 la fois les Kurdes et le gouvernement du r\u00e9gime syrien.<\/p>\n<p class=\"spip\">Mais les lignes ont boug\u00e9. Il y a quelques temps, le gouvernement \u00e9tatsunien, faisant \u00e9cho au gouvernement turc, a fait savoir qu\u2019il s\u2019opposait \u00e0 la cr\u00e9ation d\u2019un \u00c9tat kurde en Syrie.<\/p>\n<p class=\"spip\">Si ce qui n\u2019est encore que des rumeurs se confirmaient, la cr\u00e9ation de cette zone d\u2019exclusion a\u00e9rienne partielle serait ind\u00e9niablement une victoire du gouvernement turc qui obtiendrait une grande partie de ce qu\u2019il souhaitait.<br \/>\nD\u2019autant qu\u2019une course de vitesse est engag\u00e9e. Avec l\u2019encerclement presque complet de Sarrin sur la rive orientale de l\u2019Euphrate \u2013 la derni\u00e8re route d\u2019approvisionnement en direction de Derra vient d\u2019\u00eatre prise par les YPG \u2013 le prochain objectif des combattants kurdes et leur alli\u00e9s pourrait bien \u00eatre les villes de Jarabulus et de Manbij et donc de prendre pied sur la rive occidentale du fleuve pour poursuivre leur offensive contre Daesh et \u00e9tendre les zones lib\u00e9r\u00e9es dans toute la partie nord de la province d\u2019Alep.<\/p>\n<p class=\"spip\">Le discours du gouvernement turc est de dire que les \u00ab\u00a0terroristes\u00a0\u00bb du PKK et de Daesh, c\u2019est la m\u00eame chose, la m\u00eame menace, que les tueurs en s\u00e9ries pratiquant les massacres et les g\u00e9nocides, c\u2019est la m\u00eame chose que ceux qui en sont la cible et les combattent depuis des ann\u00e9es\u00a0!<\/p>\n<p class=\"spip\">Les pratiques polici\u00e8res vont dans le m\u00eame sens.<\/p>\n<p class=\"spip\">C\u2019est pourquoi, dans la nuit du 23 au 24 juillet, 5000 policiers ont proc\u00e9d\u00e9s \u00e0 une rafle dans 13 provinces, arr\u00eatant selon les informations gouvernementales des djihadistes, membres du PKK et de l\u2019extr\u00eame-gauche turque.<\/p>\n<p class=\"spip\"><i class=\"spip\">Vague d\u2019arrestations visant surtout les Kurdes et la gauche turque <\/i><\/p>\n<p class=\"spip\">Cette rafle \u00e0 travers toute la Turquie \u00e9t\u00e9 d\u00e9cid\u00e9e et coordonn\u00e9e au plus niveau de l\u2019appareil de r\u00e9pression turc.<br \/>\nC\u2019est le premier ministre Ahmet Davuto\u011fku qui l\u2019a annonc\u00e9 lui-m\u00eame. D\u2019apr\u00e8s les donn\u00e9es fournies par les autorit\u00e9s, la rafle a mobilis\u00e9 5000 policiers, des h\u00e9licopt\u00e8res, a \u00e9t\u00e9 men\u00e9e dans 16 provinces. Les descentes de polices ont eu lieu dans 26 districts et 140 adresses distinctes rien qu\u2019\u00e0 Istanbul o\u00f9 103 personnes ont \u00e9t\u00e9 arr\u00eat\u00e9es. Rafle \u00e0 Ankara (9), dans la province d\u2019Izmir (6), dans les provinces kurdes de Diyarbakir (17 arrestations) et \u015eanl\u0131urfa (Urfa) o\u00f9 35 membres suppos\u00e9s du PKK ont \u00e9t\u00e9 arr\u00eat\u00e9s.<\/p>\n<p class=\"spip\">Ces arrestations ont frapp\u00e9 officiellement des membres de Daesh, du PKK, du YDG-H (branche de la jeunesse urbaine du PKK) et de l\u2019extr\u00eame-gauche turque, en particulier l\u2019organisation DHKP\/C (Parti\/Front r\u00e9volutionnaire de lib\u00e9ration du peuple). Une militante faisant partie de ce groupe a \u00e9t\u00e9 abattue dans un quartier d\u2019Istanbul lors de son arrestation.<\/p>\n<p class=\"spip\">Au d\u00e9part, il \u00e9tait question de 251 arrestations. Puis de 297 \u00e0 la mi-journ\u00e9e.<br \/>\nAlors que les grands titres de la presses parlent d\u2019un \u00ab\u00a0vaste raid antiterroriste contre l\u2019\u00c9tat islamique\u00a0\u00bb, d\u2019apr\u00e8s les premi\u00e8res informations, le parti de la gauche turque pro-kurde HDP a \u00e9t\u00e9 le principal vis\u00e9\u00a0: 187 de ses membres auraient \u00e9t\u00e9 arr\u00eat\u00e9s dont des \u00e9lus. En comptant les militants non encart\u00e9s et ceux des groupes d\u2019extr\u00eame-gauche, les 3\/4 des personnes arr\u00eat\u00e9es ne sont pas des djihadistes mais des personnes li\u00e9es au mouvement kurde ou \u00e0 la gauche turque.<br \/>\nLe gouvernement Erdo\u011fan affirme qu\u2019il va continuer \u00e0 combattre de la m\u00eame mani\u00e8re Daesh et le PKK, mais ce sont les Kurdes qui sont vis\u00e9s en priorit\u00e9.<\/p>\n<p class=\"spip\"><i class=\"spip\">L\u2019aviation turque attaque les bases du PKK<\/i><\/p>\n<p class=\"spip\">Ce que de nombreux sympathisants de la cause kurde redoutait. Dans la soir\u00e9e, on apprend de source kurde que l\u2019arm\u00e9e de l\u2019air turque a bombard\u00e9 des camps du PKK situ\u00e9s dans le Kurdistan d\u2019Irak, dans les montagnes de la province de Dohuc, assez proches de la fronti\u00e8re. Ces attaques a\u00e9riennes ont \u00e9t\u00e9 appuy\u00e9es par des bombardements d\u2019artillerie. Simultan\u00e9ment, tous les sites Internet d\u2019information libre ou sympathisants du PKK sont devenus inaccessibles depuis vendredi soir en Turquie.<br \/>\nEn fin de soir\u00e9e, une deuxi\u00e8me vague de F16 aurait survol\u00e9 les bases du PKK dans les monts de Qandil, beaucoup plus \u00e0 l\u2019int\u00e9rieur du territoire du Kurdistan d\u2019Irak sans proc\u00e9der \u00e0 des frappes. C\u2019est l\u00e0 o\u00f9 se trouvent, en plus de bases d\u2019entrainement, une partie de la direction politique du PKK et de l\u2019\u00e9tat-major militaire des HPG, la gu\u00e9rilla.<\/p>\n<p class=\"spip\">Le gouvernement turc de l\u2019AKP n\u2019a jamais voulu la paix. Il a fait semblant pendant depuis 2012 de s\u2019inscrire dans un processus de paix, mais aujourd\u2019hui les masques tombent, le cessez-le-feu a vol\u00e9 en \u00e9clat.<\/p>\n<p class=\"spip\">La presse a \u00e9t\u00e9 unanime pour parler de tournant de la guerre en Syrie avec les quelques bombardements turcs sur des positions de Daesh sur sa ligne de front avec le Front al-Nosra (Al-Qa\u00efda) du c\u00f4t\u00e9 d\u2019Azaz, pr\u00e8s de la fronti\u00e8re syro-turque au nord d\u2019Alep. Le vrai tournant est celui qui de la guerre que l\u2019Etat turc a d\u00e9cid\u00e9 de lancer contre le mouvement de lib\u00e9ration kurde en utilisant la couverture de son pseudo-combat contre l\u2019\u00c9tat islamique.<\/p>\n<p class=\"spip\">Erdo\u011fan a chang\u00e9 tactiquement de fusil d\u2019\u00e9paule en concluant un accord avec les \u00c9tats-Unis sur son ralliement au combat anti-Daesh et l\u2019utilisation des bases a\u00e9riennes mais il l\u2019a fait pour pouvoir mieux continuer et amplifier la guerre contre les Kurdes.<\/p>\n<p class=\"spip\">Premi\u00e8res ripostes.<br \/>\nDans la soir\u00e9e, un commissariat de Diyarbakir a \u00e9t\u00e9 attaqu\u00e9 et 7 policiers seraient bless\u00e9s. Une autre attaque est rapport\u00e9e \u00e0 Istanbul sans autres pr\u00e9cisions. Un officier de police, qui circulait avec sa famille entre Mardin et Mu\u015f, aurait \u00e9t\u00e9 enlev\u00e9 par des combattants kurdes qui se trouvaient \u00e0 un \u201fcheckpoint\u201d qu\u2019ils avaient \u00e9tabli. Les kidnappeurs ont lib\u00e9r\u00e9 sa femme et ses enfants. Dans la province de Hakkari, district de \u015eemdinli, deux policiers (dont l\u2019un conduisait un TOMA (camion \u00e9quip\u00e9 d\u2019un canon \u00e0 eau) ont \u00e9t\u00e9 bless\u00e9s lors d\u2019une attaque \u00e0 la grenade artisanale.<\/p>\n<p class=\"spip\">L\u2019attaque de l\u2019arm\u00e9e turque sur les bases de la gu\u00e9rilla du PKK en territoire du Kurdistan d\u2019Irak va avoir des cons\u00e9quences consid\u00e9rables sur l\u2019ensemble du conflit r\u00e9gional. Que va devenir la coop\u00e9ration tactique entre les forces kurdes de Syrie et le commandement des op\u00e9rations \u00e9tatsunien dans la lutte anti-Daesh\u00a0? Et plus directement\u00a0: la Turquie va-t-elle attaquer le Rojava\u00a0? Quelle vont \u00eatre les r\u00e9actions au Kurdistan d\u2019Irak\u00a0? Si le gouvernement Barzani approuve publiquement l\u2019intervention turque, quelles seront les cons\u00e9quences sur le terrain, o\u00f9 des centaines de miliciens et miliciennes du PKK combattent au coude \u00e0 coude avec des <i class=\"spip\">peshmergas<\/i>\u00a0? Quelles seront les cons\u00e9quences sur certaines lignes de front avec Daesh en Irak o\u00f9 des unit\u00e9s des HPG (Forces de d\u00e9fense du peuple) et des YJA-Star (Unit\u00e9s des femmes libres) sont d\u00e9ploy\u00e9es notamment dans la r\u00e9gion des Y\u00e9zidis de Sinjar\u00a0?<br \/>\nDes dizaines d\u2019autres questions surgissent \u00e0 l\u2019heure de conclure ce billet.<\/p>\n<p class=\"spip\">\u00e0 suivre\u2026<\/p>\n<h3 class=\"spip\">______<\/h3>\n<p class=\"spip\"><i class=\"spip\"><strong class=\"spip\">M-A-J du 25 juillet<\/strong> <\/i><\/p>\n<p class=\"spip\"><i class=\"spip\">Manif \u00ab\u00a0pour la paix\u00a0\u00bb et contre Daesh interdite<\/i><\/p>\n<p class=\"spip\">La grande \u00ab\u00a0marche pour la paix\u00a0\u00bb pr\u00e9vue dimanche 26 juillet \u00e0 16 heures \u00e0 Istanbul, appel\u00e9e par un ensemble d\u2019organisations dont le HDP (Parti d\u00e9mocratique des peuples) contre Daesh et la violence de l\u2019\u00c9tat turc, a \u00e9t\u00e9 interdite par les autorit\u00e9s turques. Vendredi soir environ 500 personnes ont \u00e9t\u00e9 dispers\u00e9es par les forces de l\u2019ordre \u00e0 Istanbul \u00e0 coups de gaz lacrymog\u00e8nes, canons \u00e0 eau et balles en plastique.<br \/>\nDepuis le massacre de Suru\u00e7, tous les rassemblements et manifestations de protestation sont syst\u00e9matiquement dispers\u00e9s par la police, y compris une c\u00e9r\u00e9monie d\u2019hommage \u00e0 18 des victimes \u00e0 Istanbul.<br \/>\nDans la soir\u00e9e de samedi, une nouvelle manifestation interdite a \u00e9t\u00e9 violemment dispers\u00e9e \u00e0 Istanbul<\/p>\n<p class=\"spip\"><i class=\"spip\">Nouvelle rafle samedi matin<\/i><\/p>\n<p class=\"spip\">Au moins trois cent personnes arr\u00eat\u00e9es ce samedi \u00e0 travers toute la Turquie. Hier, 75 \u00e0 80% des arr\u00eat\u00e9s \u00e9taient li\u00e9es au mouvement de lib\u00e9ration kurde ou \u00e0 la gauche turque\u00a0; aujourd\u2019hui, c\u2019est du 100%\u00a0! Depuis la veille, 590 personnes auraient \u00e9t\u00e9 arr\u00eat\u00e9es et plac\u00e9es en garde \u00e0 vue selon une d\u00e9claration du Premier ministre. Des locaux syndicaux comme celui des enseignants (E\u011fitim-Sen) \u00e0 Ankara li\u00e9s \u00e0 la gauche turque ont \u00e9t\u00e9 perquisitionn\u00e9s et des militants arr\u00eat\u00e9s.<\/p>\n<p class=\"spip\"><i class=\"spip\">Poursuite des bombardements contre les Kurdes du PKK<\/i><\/p>\n<p class=\"spip\">Apr\u00e8s une premi\u00e8re vague d\u2019attaques dans la soir\u00e9e de vendredi visant 7 positions du PKK relativement proches de la fronti\u00e8re turco-irakienne ainsi que des villages, d\u2019autres raids a\u00e9riens ont eu lieu dans la nuit, qui cette fois, ont bombard\u00e9 des cibles dans les monts Qandil o\u00f9 se trouvent une partie importante des infrastructures de la gu\u00e9rilla du PKK, de la direction politique ainsi que le gros des forces \u00e0 l\u2019entrainement ou en p\u00e9riode de repos.<br \/>\nLes bombardements de l\u2019aviation turque contre les positions du PKK ont repris ce samedi matin. De nouveau, des bases situ\u00e9es dans les monts Qandil ont \u00e9t\u00e9 vis\u00e9es.<\/p>\n<p class=\"spip\"><span class=\"spip_document_3157 spip_documents spip_documents_center\"><img loading=\"lazy\" decoding=\"async\" src=\"http:\/\/i0.wp.com\/oclibertaire.free.fr\/local\/cache-vignettes\/L520xH293\/carte_bombardement_sur_pkk_25-07-2015-2b8f5.jpg?resize=520%2C293\" alt=\"\" width=\"520\" height=\"293\" \/><\/span><\/p>\n<p class=\"spip\">Au moins deux villageois, dont un enfant, ont \u00e9t\u00e9 bless\u00e9s par les frappes de la nuit. Aucun membre de la gu\u00e9rilla n\u2019avait \u00e9t\u00e9 atteint lors des premi\u00e8res frappes mais les bombardements ont provoqu\u00e9 des incendies de for\u00eat. Ce samedi, le bilan serait, selon une premi\u00e8re d\u00e9claration des HPG d\u2019un combattant tu\u00e9 (un haut-commandant) et trois bless\u00e9s.<\/p>\n<p class=\"spip\">L\u2019aviation turque a \u00e9galement men\u00e9 des op\u00e9rations sur des positions de Daesh dans le nord de la Syrie. Mais quand la Turquie envoie 3 chasseurs-bombardiers F16 sur Daesh, elle en envoie 20 sur le PKK, quand les bombardements visent des positions isol\u00e9es de Daesh, ils visent les infrastructures et la direction du PKK. Les attaques de l\u2019arm\u00e9e turque sur Daesh, c\u2019est pour les m\u00e9dias occidentaux.<\/p>\n<p class=\"spip\"><span class=\"spip_document_3159 spip_documents spip_documents_center\"><img loading=\"lazy\" decoding=\"async\" src=\"http:\/\/i1.wp.com\/oclibertaire.free.fr\/local\/cache-vignettes\/L520xH371\/dessin1-0044f.jpg?resize=520%2C371\" alt=\"\" width=\"520\" height=\"371\" \/><\/span><\/p>\n<p class=\"spip\">Le premier ministre Davato\u011flu a d\u00e9clar\u00e9 avoir discut\u00e9 avec Barzani, chef du gouvernement du Kurdistan autonome d\u2019Irak et que celui-ci lui aurait dit que la Turquie avait le droit de frapper le PKK. Son de cloche un peu diff\u00e9rent selon l\u2019agence kurde d\u2019Irak Bas News, qui affirme que Barzani a appel\u00e9 Davato\u011flu pour lui demander de cesser les frappes sur le PKK, en arguant qu\u2019il y a toujours la possibilit\u00e9 de r\u00e9gler les probl\u00e8mes par la voie du dialogue et des moyens pacifiques.<\/p>\n<p class=\"spip\">Selon des sources cit\u00e9es par CNN en langue turque, l\u2019aviation turque aurait effectu\u00e9 159 sorties au cours de la nuit et aurait vis\u00e9 400 cibles du PKK. Dans le m\u00eame temps, les attaques ciblant Daesh se comptent \u00e0 peine plus que dans les doigts d\u2019une main.<\/p>\n<p class=\"spip\"><span class=\"spip_document_3160 spip_documents spip_documents_center\"><img loading=\"lazy\" decoding=\"async\" src=\"http:\/\/i0.wp.com\/oclibertaire.free.fr\/local\/cache-vignettes\/L520xH347\/dessin2-30b0a.jpg?resize=520%2C347\" alt=\"\" width=\"520\" height=\"347\" \/><\/span><\/p>\n<p class=\"spip\">Le PKK n\u2019a pas formellement appel\u00e9 \u00e0 la reprise de la guerre. Il a d\u2019abord dit qu\u2019avec ces bombardements, parler de processus de paix n\u2019avait plus aucune signification. Ensuite, il a appel\u00e9 tous les Kurdes \u00e0 se mobiliser pour se d\u00e9fendre.<\/p>\n<p class=\"spip\"><i class=\"spip\">Actions de repr\u00e9sailles en Turquie <\/i><\/p>\n<p class=\"spip\">Des combattants de la gu\u00e9rilla du PKK ont pris d\u2019assaut un chantier de construction d\u2019une centrale thermique et mis le feu \u00e0 six v\u00e9hicules de l\u2019entreprise de construction dans la province du sud-est de \u015e\u0131rnak samedi matin, dans le district de Silopi.<\/p>\n<p class=\"spip\">Une attaque \u00e0 la bombe a eu lieu contre un poste de police\u00a0: 7 policiers bless\u00e9s. L\u2019engin \u00e9tait d\u2019une certaine puissance car il a caus\u00e9 des dommages importants au b\u00e2timent. Sept policiers ont \u00e9t\u00e9 bless\u00e9s \u00e0 des degr\u00e9s divers. L\u2019action arm\u00e9e a \u00e9t\u00e9 men\u00e9e \u00e0 Bismil, une ville de la province d\u2019Amed (Diyarbakir en turc).<\/p>\n<p class=\"spip\">Trois policiers ont \u00e9t\u00e9 bless\u00e9s dans une fusillade dans le quartier rebelle de Okmeydan\u0131 \u00e0 Istanbul, un bastion du groupe d\u2019extr\u00eame gauche arm\u00e9 DHKP\/C. Dans le quartier Gazi, autre bastion stambouliote de l\u2019extr\u00eame gauche turque, les fun\u00e9railles de G\u00fcnay \u00d6zarslan, la militante abattue la veille par la police lors de la rafle a \u00e9t\u00e9 attaqu\u00e9e par la police. La foule s\u2019\u00e9tait rassembl\u00e9e dans le centre al\u00e9vi de ce quartier. La police ne les laisse pas sortir.<\/p>\n<p class=\"spip\">A Izmir, \u00e0 l\u2019ouest du pays, les locaux du parti gouvernemental AKP ont \u00e9t\u00e9 souffl\u00e9s par un engin explosif. Pas de victimes, des d\u00e9g\u00e2ts dans l\u2019immeuble ainsi qu\u2019une voiture gar\u00e9e devant.<\/p>\n<p class=\"spip\">Dans la soir\u00e9e, une attaque a eu lieu dans la r\u00e9gion de Lice (province de Diyarbakir) contre un v\u00e9hicule militaire blind\u00e9. Deux gendarmes turcs ont \u00e9t\u00e9 tu\u00e9s, cinq autres bless\u00e9s, selon un premier bilan.<\/p>\n<p class=\"spip\">Dans tout le Nord-Kurdistan, des affrontements ont eu lieu entre manifestants, souvent jeunes, et forces de r\u00e9pression. Dans la ville de Cizre (province de \u015eirnak), un manifestant de 21 ans a \u00e9t\u00e9 tu\u00e9 par la police.<\/p>\n<p class=\"spip\"><i class=\"spip\">Front militaire en Syrie <\/i><\/p>\n<p class=\"spip\">Tal Abyad. Trois fortes explosions en d\u00e9but d\u2019apr\u00e8s-midi. Attaque suicide avec v\u00e9hicules pi\u00e9g\u00e9s sur deux checkpoint des YPG dans deux villages proches de la ville.<\/p>\n<p class=\"spip\">Sarrin. Les YPG ont confirm\u00e9 le 24 juillet qu\u2019ils encerclent compl\u00e8tement la ville-cl\u00e9 de Sarrin, sur la rive orientale de l\u2019Euphrate. Ils accusent les djihadistes retranch\u00e9s dans la ville d\u2019utiliser les habitants comme boucliers humains. Dans la soir\u00e9e, les YPG semblaient optimistes\u00a0: la lib\u00e9ration de la ville semblait \u00e0 port\u00e9e de main.<\/p>\n<p class=\"spip\"><span class=\"spip_document_3158 spip_documents spip_documents_center\"><img loading=\"lazy\" decoding=\"async\" src=\"http:\/\/i1.wp.com\/oclibertaire.free.fr\/local\/cache-vignettes\/L520xH376\/carte_sarrin_24-07-2015-cd19f.jpg?resize=520%2C376\" alt=\"\" width=\"520\" height=\"376\" \/><\/span><\/p>\n<p class=\"spip\">Hassakah. Dans la ville d\u2019Hassakah, les djihadistes totalement encercl\u00e9s et ayant perdu beaucoup de combattant (on parle d\u2019au moins 160 ces derniers jours) ils ne cessent de perdre du terrain. Apr\u00e8s avoir \u00e9t\u00e9 chass\u00e9s du quartier Nachwa Gharbiy\u00e9 par les YPG, ils n\u2019occupent plus que deux petites enclaves dans la p\u00e9riph\u00e9rie, au sud et au sud-est de la ville. Les YPG et leurs alli\u00e9s progressent et resserrent leur \u00e9tau. Ils sont en train de battre Daesh et cela au d\u00e9triment des forces du r\u00e9gime syrien qui se sont repli\u00e9es sur un espace beaucoup plus r\u00e9duit qu\u2019avant le d\u00e9clenchement de l\u2019offensive djihadiste.<\/p>\n<p class=\"spip\">\u00e0 suivre\u2026<\/p>\n<h3 class=\"spip\">______<\/h3>\n<p class=\"spip\"><i class=\"spip\"><strong class=\"spip\">M-A-J du 26 juillet<\/strong> <\/i><\/p>\n<p class=\"spip\"><i class=\"spip\">Rafles<\/i><\/p>\n<p class=\"spip\">Selon certaines sources, apr\u00e8s certaines remises en libert\u00e9 d\u2019islamistes, le bilan des rafles de vendredi et samedi serait de574 militants kurdes ou de la gauche turque et 16 islamistes.<br \/>\nD\u2019autres sources parlent de 851 d\u00e9tenus dont 27 djihadistes, d\u2019autres de plus de 1000 personnes arr\u00eat\u00e9es en 3 jours.<br \/>\nUne vingtaine de membres du PYD, bless\u00e9s et hospitalis\u00e9s \u00e0 Ankara, ont \u00e9t\u00e9 kidnapp\u00e9s par la police turque.<br \/>\nUn jeune gar\u00e7on de 11 ans est mort apr\u00e8s avoir chut\u00e9 du 7\u00e8me \u00e9tage d\u2019un immeuble de Diyarbakir alors qu\u2019il \u00e9tait poursuivi par des policiers.<\/p>\n<p class=\"spip\"><i class=\"spip\">Frappes sur le PKK<\/i><\/p>\n<p class=\"spip\">Dans la journ\u00e9e du dimanche, les bombardements ont surtout \u00e9t\u00e9 le fait de l\u2019artillerie turque qui a vis\u00e9 des positions de la gu\u00e9rilla du PKK situ\u00e9es pr\u00e8s de la fronti\u00e8re. Mais dans la soir\u00e9e, une troisi\u00e8me nuit de bombardements commen\u00e7ait sur les bases kurdes situ\u00e9es dans les monts de Qandil. Des frappes \u00e9taient aussi signal\u00e9es dans la r\u00e9gion de Gever, province de Hakkari (Colem\u00earg en kurde), zone limitrophe de l\u2019Irak mais sur le territoire turc.<\/p>\n<p class=\"spip\">Les frappes de l\u2019arm\u00e9e turque contre les positions kurdes sont soutenues par les \u00c9tats-Unis qui condamnent <i class=\"spip\">\u00ab\u00a0les attaques terroristes\u00a0\u00bb<\/i> du PKK et affirment que \u00ab\u00a0la Turquie a le droit de se d\u00e9fendre\u00a0\u00bb. Le vice-conseiller \u00e0 la s\u00e9curit\u00e9 nationale Ben Rhodes, que <i class=\"spip\">\u00ab\u00a0la Turquie a le droit de mener des actions contre des cibles terroristes\u00a0\u00bb<\/i>. Il rappelle que le PKK est toujours class\u00e9 par Washington \u2013 mais aussi par l\u2019Union europ\u00e9enne \u2013 comme <i class=\"spip\">\u00ab\u00a0une organisation terroriste\u00a0\u00bb<\/i>.<\/p>\n<p class=\"spip\">Une des plus importantes factions djihadistes op\u00e9rant en Syrie, Jaysh al-Islam (l\u2019Arm\u00e9e de l\u2019Islam, soutenue principalement par l\u2019Arabie saoudite), a \u00e9mis un communiqu\u00e9 disant qu\u2019ils soutiennent le gouvernement turc dans sa guerre contre le PKK et Daesh.<\/p>\n<p class=\"spip\">Les HPG (gu\u00e9rilla du PKK) annonce le d\u00e9c\u00e8s de 3 combattants cons\u00e9cutif des bombardements turcs sur les positions du PKK dans le territoire du Kurdistan autonome d\u2019Irak. Quatre combattants ont \u00e9t\u00e9 bless\u00e9s.<\/p>\n<p class=\"spip\">Il semble qu\u2019un h\u00e9licopt\u00e8re de l\u2019arm\u00e9e turque a \u00e9t\u00e9 abattu par les combattants kurdes.<\/p>\n<p class=\"spip\">Les bombardements de l\u2019aviation turque provoquent la fuite de villageois vers le sud de la r\u00e9gion.<\/p>\n<p class=\"spip\">Les frappes a\u00e9riennes ont repris dans la nuit sur les base des HPG\/PKK.<\/p>\n<p class=\"spip\"><i class=\"spip\">Protestations dans le Kurdistan d\u2019Irak<\/i><\/p>\n<p class=\"spip\">Des manifestations se d\u00e9roulent dans le Kurdistan d\u2019Irak pour protester contre l\u2019agression de l\u2019arm\u00e9e turque. Dans toutes les villes, des milliers de personnes se sont rassembl\u00e9es pour exprimer col\u00e8re et solidarit\u00e9. Une marche est partie de la ville de Ranya (\u00e0 l\u2019est d\u2019Erbil et au nord de Souleimaniye) en direction de Qandil. Des centaines de voitures en provenance de toutes les r\u00e9gions du Kurdistan d\u2019Irak ont converg\u00e9 sur cette ville proche des monts Qandil et devaient se diriger vers le village de Enze situ\u00e9 dans les montagnes.<\/p>\n<p class=\"spip\"><span class=\"spip_document_3163 spip_documents spip_documents_center\"><img loading=\"lazy\" decoding=\"async\" src=\"http:\/\/i1.wp.com\/oclibertaire.free.fr\/local\/cache-vignettes\/L520xH293\/marche_vers_Qandil_2-f8c45.jpg?resize=520%2C293\" alt=\"\" width=\"520\" height=\"293\" \/><\/span><\/p>\n<p class=\"spip\">Cette marche a \u00e9t\u00e9 appel\u00e9e par les mouvements kurdes d\u2019Irak proche du PKK comme le Mouvement de la soci\u00e9t\u00e9 libre du Kurdistan (Tevgera Azadi), le Mouvement de la jeunesse patriotique du Kurdistan, le Mouvement des femmes libres du Kurdistan (RJAK) auxquels se sont joints des repr\u00e9sentants et membres d\u2019un certain nombre de partis politiques (Union patriotique du Kurdistan \u2013 UPK, le Parti de l\u2019Union islamique du Kurdistan, le Parti socialiste et le Mouvement Goran (Changement).<\/p>\n<p class=\"spip\"><span class=\"spip_document_3162 spip_documents spip_documents_center\"><img loading=\"lazy\" decoding=\"async\" src=\"http:\/\/i1.wp.com\/oclibertaire.free.fr\/local\/cache-vignettes\/L520xH391\/marche_sur_qandil-3b1ec.jpg?resize=520%2C391\" alt=\"\" width=\"520\" height=\"391\" \/><\/span><\/p>\n<p class=\"spip\"><i class=\"spip\">Front militaire en Syrie.<\/i><\/p>\n<p class=\"spip\">YPG contre Daesh<\/p>\n<p class=\"spip\">Sarrin. Les forces kurdes ont p\u00e9n\u00e9tr\u00e9 dans la ville et, apr\u00e8s des combats de rue dans la zone urbaine, sont sur le point de prendre enti\u00e8rement la ville. Totalement encercl\u00e9s par les forces conjointes YPG et leurs alli\u00e9s arabes (\u201fVolcan de l\u2019Euphrate\u201d), pilonn\u00e9s par des frappes de la coalition a\u00e9rienne dirig\u00e9e par les \u00c9tats-Unis, les djihadistes semblent totalement vaincu et se sont volatilis\u00e9s, soit en ayant r\u00e9ussi \u00e0 fuir, soit en se cachant.<br \/>\nEn fin de soir\u00e9e, les YPG annon\u00e7aient que la plus grande partie de la ville \u00e9tait lib\u00e9r\u00e9e. La derni\u00e8re grande place force de Daesh mena\u00e7ant Koban\u00ea et verrouillant la travers\u00e9e de l\u2019Euphrate est tomb\u00e9e<\/p>\n<p class=\"spip\">Tal Abyad. Suite aux attaques \u00e0 la voiture pi\u00e9g\u00e9e de la veille contre des checkpoints des YPG aux alentours de la ville, 7 djihadistes ont \u00e9t\u00e9 abattus. Pas d\u2019autre bilan.<\/p>\n<p class=\"spip\">L\u2019arm\u00e9e turque attaque le r\u00e9gime syrien.<\/p>\n<p class=\"spip\">L\u2019arm\u00e9e turque a reconnu avoir bombard\u00e9 des positions de l\u2019arm\u00e9e syrienne apr\u00e8s avoir essuy\u00e9 des tirs d\u2019artillerie.<\/p>\n<p class=\"spip\">Pas de bombardement d\u2019aviation contre Daesh.<\/p>\n<p class=\"spip\"><i class=\"spip\">Actions en Turquie<\/i><\/p>\n<p class=\"spip\">Les affrontements ont repris ce dimanche dans le quartier populaire de Gazi entre manifestants et forces de police. La police refuse pour le second jour cons\u00e9cutif de laisser se d\u00e9rouler une c\u00e9r\u00e9monie en hommage \u00e0 G\u00fcnay \u00d6zaslan, militante du parti DHKP\/C, abattue par la police vendredi 24 juillet lors de la premi\u00e8re rafle. Le corps de la militante est dans le centre de pri\u00e8re al\u00e9vi du quartier et la police emp\u00eache qu\u2019il en sorte.<\/p>\n<p class=\"spip\"><span class=\"spip_document_3165 spip_documents spip_documents_center\"><img loading=\"lazy\" decoding=\"async\" src=\"http:\/\/i1.wp.com\/oclibertaire.free.fr\/local\/cache-vignettes\/L520xH347\/gazi_26-07-05aa2.jpg?resize=520%2C347\" alt=\"\" width=\"520\" height=\"347\" \/><\/span><\/p>\n<p class=\"spip\">Dans la soir\u00e9e, on apprenait qu\u2019un policier avait \u00e9t\u00e9 tu\u00e9 dans ce quartier au cours des affrontements de la journ\u00e9e.<br \/>\nLe parti DHKP\/C a revendiqu\u00e9 le mitraillage de plusieurs blind\u00e9s de la police dans le quartier de G\u00fclsuyu \u00e0 Istanbul.<\/p>\n<p class=\"spip\">Dans la r\u00e9gion de Lice, la police m\u00e8ne litt\u00e9ralement la politique de la terre br\u00fbl\u00e9e. Elle a mis le feu \u00e0 un village et \u00e0 une for\u00eat. Et emp\u00eache les pompiers d\u2019intervenir. 35 maisons du village de Ar\u0131kl\u0131 ont \u00e9t\u00e9 incendi\u00e9es.<\/p>\n<p class=\"spip\"><span class=\"spip_document_3164 spip_documents spip_documents_center\"><img loading=\"lazy\" decoding=\"async\" src=\"http:\/\/i1.wp.com\/oclibertaire.free.fr\/local\/cache-vignettes\/L520xH391\/villag_en_feu_-_26-07-0e1f1.jpg?resize=520%2C391\" alt=\"\" width=\"520\" height=\"391\" \/><\/span><\/p>\n<p class=\"spip\">R\u00e9gion de Farquin (Amed\/Diyarbakir)\u00a0: 7 policiers bless\u00e9s.<\/p>\n<p class=\"spip\">A \u015e\u0131rnak, dans l\u2019extr\u00eame sud-est de la Turque, le b\u00e2timent des forces de s\u00e9curit\u00e9 a \u00e9t\u00e9 attaqu\u00e9.<\/p>\n<p class=\"spip\">Dans d\u2019autres villes du Nord-Kurdistan, des commissariats ont \u00e9t\u00e9 attaqu\u00e9s.<\/p>\n<p class=\"spip\"><i class=\"spip\">Intervention arm\u00e9e de la Turquie<\/i><\/p>\n<p class=\"spip\">Un jeune gar\u00e7on de 15 ans a \u00e9t\u00e9 tu\u00e9 par des soldats turcs alors qu\u2019il cherchait \u00e0 traverser la fronti\u00e8re.<\/p>\n<p class=\"spip\">Le gouvernement turc a annonc\u00e9 dans la soir\u00e9e qu\u2019il appelait \u00e0 la convocation d\u2019une r\u00e9union extraordinaire du conseil de l\u2019OTAN mardi 28 juillet sur la base de l\u2019article 4 qui stipule que \u00ab\u00a0les parties se consulteront chaque fois que, de l\u2019avis de l\u2019une d\u2019elles, l\u2019int\u00e9grit\u00e9 territoriale, l\u2019ind\u00e9pendance politique ou la s\u00e9curit\u00e9 de l\u2019une des parties sera menac\u00e9e.\u00a0\u00bb La Turquie a choisi l\u2019escalade mais veut \u00eatre appuy\u00e9e dans sa \u00ab\u00a0guerre contre le terrorisme\u00a0\u00bb.<\/p>\n<p class=\"spip\"><i class=\"spip\">La Turquie frappe les YPG en Syrie\u00a0!<\/i><\/p>\n<p class=\"spip\">Dans la nuit, des bombardements d\u2019artillerie turcs ont vis\u00e9 un village tenu par les forces kurdes des YPG\/J et des bataillons arabes issus de l\u2019ex-Arm\u00e9e Syrienne Libre du \u201fVolcan de l\u2019Euphrate\u201d dans la r\u00e9gion de Koban\u00ea. Il s\u2019agit du village de Zormikhar, situ\u00e9 pr\u00e8s de la fronti\u00e8re, sur la rive orientale de l\u2019Euphrate, en face de la place forte de Daesh de Jarabulus. Il y a plusieurs bless\u00e9s. Dans un communiqu\u00e9, les \u201fBrigades internationales du Rojava\u201d annoncent \u00e9galement qu\u2019un v\u00e9hicule a \u00e9t\u00e9 vis\u00e9 \u00e0 l\u2019ouest de Gire Sp\u00ee (Tal Abyad), c\u2019est-\u00e0-dire \u00e0 l\u2019est de Koban\u00ea.<\/p>\n<p class=\"spip\">Cons\u00e9quence de la prise de Sarrin et d\u2019une nouvelle d\u00e9faite de Daesh, l\u2019intervention de la Turquie sur la zone contr\u00f4l\u00e9e par les YPG \u00e0 quelques kilom\u00e8tres de l\u00e0 montre encore plus clairement si n\u00e9cessaire ce qu\u2019est la politique du gouvernement d\u2019Erdo\u011fan et quel est son principal ennemi.<\/p>\n<p class=\"spip\">Source : OCL.et <a href=\"http:\/\/sous-la-cendre.info\/3639\/le-massacre-de-suruc-et-loffensive-turque-contre-les-kurdes\">sous la cendre<\/a><\/p>\n<\/div>\n","protected":false},"excerpt":{"rendered":"<p>Notre tristesse sera notre col\u00e8re, Koban\u00ea sera reconstruite. \u00a0 Cet article a d\u00e9but\u00e9 le 21 juillet par la publication de la d\u00e9claration de Devrimci Anar\u015fist Faaliyet (DAF \u2013 Action R\u00e9volutionnaire Anarchiste) sur l\u2019attentat \u00e0 la bombe contre le Centre culturel Amara de Suru\u00e7 (P\u00eersus). Puis nous avons publi\u00e9 un communiqu\u00e9 du Congr\u00e8s national du Kurdistan [&hellip;]<\/p>\n","protected":false},"author":7964,"featured_media":0,"comment_status":"closed","ping_status":"closed","sticky":false,"template":"","format":"standard","meta":{"footnotes":""},"categories":[1],"tags":[],"class_list":["post-2565","post","type-post","status-publish","format-standard","hentry","category-general"],"_links":{"self":[{"href":"https:\/\/lelaboratoireanarchiste.noblogs.org\/index.php?rest_route=\/wp\/v2\/posts\/2565","targetHints":{"allow":["GET"]}}],"collection":[{"href":"https:\/\/lelaboratoireanarchiste.noblogs.org\/index.php?rest_route=\/wp\/v2\/posts"}],"about":[{"href":"https:\/\/lelaboratoireanarchiste.noblogs.org\/index.php?rest_route=\/wp\/v2\/types\/post"}],"author":[{"embeddable":true,"href":"https:\/\/lelaboratoireanarchiste.noblogs.org\/index.php?rest_route=\/wp\/v2\/users\/7964"}],"replies":[{"embeddable":true,"href":"https:\/\/lelaboratoireanarchiste.noblogs.org\/index.php?rest_route=%2Fwp%2Fv2%2Fcomments&post=2565"}],"version-history":[{"count":2,"href":"https:\/\/lelaboratoireanarchiste.noblogs.org\/index.php?rest_route=\/wp\/v2\/posts\/2565\/revisions"}],"predecessor-version":[{"id":2567,"href":"https:\/\/lelaboratoireanarchiste.noblogs.org\/index.php?rest_route=\/wp\/v2\/posts\/2565\/revisions\/2567"}],"wp:attachment":[{"href":"https:\/\/lelaboratoireanarchiste.noblogs.org\/index.php?rest_route=%2Fwp%2Fv2%2Fmedia&parent=2565"}],"wp:term":[{"taxonomy":"category","embeddable":true,"href":"https:\/\/lelaboratoireanarchiste.noblogs.org\/index.php?rest_route=%2Fwp%2Fv2%2Fcategories&post=2565"},{"taxonomy":"post_tag","embeddable":true,"href":"https:\/\/lelaboratoireanarchiste.noblogs.org\/index.php?rest_route=%2Fwp%2Fv2%2Ftags&post=2565"}],"curies":[{"name":"wp","href":"https:\/\/api.w.org\/{rel}","templated":true}]}}