{"id":2558,"date":"2015-08-01T05:28:21","date_gmt":"2015-08-01T03:28:21","guid":{"rendered":"http:\/\/lelaboratoireanarchiste.noblogs.org\/?p=2558"},"modified":"2015-08-01T05:28:38","modified_gmt":"2015-08-01T03:28:38","slug":"athenes-attaque-incendiaire-dun-concessionnaire-porsche-dans-une-banlieue-huppee","status":"publish","type":"post","link":"https:\/\/lelaboratoireanarchiste.noblogs.org\/?p=2558","title":{"rendered":"Ath\u00e8nes : attaque incendiaire d\u2019un concessionnaire Porsche dans une banlieue hupp\u00e9e"},"content":{"rendered":"<p>Un groupe anarchiste a revendiqu\u00e9 l\u2019attaque incendiaire d\u2019un concessionnaire automobile \u2018Porsche\u2019 <\/p>\n<p>Un groupe anarchiste a revendiqu\u00e9 l\u2019attaque incendiaire d\u2019un concessionnaire automobile \u2018Porsche\u2019 situ\u00e9 \u00e0 Glyfada, banlieue hupp\u00e9e d\u2019Ath\u00e8nes. L\u2019incendie, qui a caus\u00e9 de gros d\u00e9g\u00e2ts tant sur les v\u00e9hicules que sur le b\u00e2timent, s\u2019est d\u00e9roul\u00e9 dans la nuit du 26 au 27 juillet 2015. Il a fallu une vingtaine de pompiers pour \u00e9teindre l\u2019incendie. Voici quelques extraits du communiqu\u00e9 publi\u00e9 sur <a href=\"https:\/\/athens.indymedia.org\/post\/1547608\" title=\"\u0391\u03bd\u03ac\u03bb\u03b7\u03c8\u03b7 \u0395\u03c5\u03b8\u03cd\u03bd\u03b7\u03c2 \u03b3\u03b9\u03b1 \u03c4\u03bf\u03bd \u03b5\u03bc\u03c0\u03c1\u03b7\u03c3\u03bc\u03cc \u03c4\u03b7\u03c2 \u03b1\u03bd\u03c4\u03b9\u03c0\u03c1\u03bf\u03c3\u03c9\u03c0\u03b5\u03af\u03b1\u03c2 \u03c4\u03b7\u03c2 Porsche \u03c3\u03c4\u03b7 \u0393\u03bb\u03c5\u03c6\u03ac\u03b4\u03b1\">indymedia ath\u00e8nes<\/a> :<\/p>\n<p>\u201cDans la matin\u00e9e de lundi 27 juillet, nous avons choisi d\u2019attaquer le concessionnaire de voitures de luxe \u2018Porsche\u2019 de l\u2019avenue Vouliagmeni dans la zone de Glyfada. Nous avons mis le feu \u00e0 tous les v\u00e9hicules gar\u00e9s dans la cour ext\u00e9rieure du concessionnaire et, \u00e0 notre grande joie, des dommages importants ont \u00e9t\u00e9 caus\u00e9s \u00e0 l\u2019int\u00e9rieur du b\u00e2timent gr\u00e2ce \u00e0 l\u2019explosion des r\u00e9servoirs des voitures.<\/p>\n<p>Glyfada est une zone \u00e9minemment bourgeoise, une zone st\u00e9rile o\u00f9 la surveillance de la bourgeoisie privil\u00e9gi\u00e9e est synonyme de s\u00e9curit\u00e9. Une zone r\u00e9sidentielle qui offre une \u201chaute qualit\u00e9 de vie\u201d o\u00f9 les b\u00e2tards qui nous exploitent \u00e9talent leur richesse, qui est bien s\u00fbr notre propre sang en tous points.<\/p>\n<p>Nous devons clarifier que le choix de la cible n\u2019\u00e9tait pas focalis\u00e9 sur le fait que c\u2019est une entreprise d\u2019int\u00e9r\u00eat allemand. C\u2019\u00e9tait en raison du luxe et de la \u201csp\u00e9cificit\u00e9\u201d de l\u2019emplacement pr\u00e9sent. C\u2019est un symbole principal \u2013 un totem affichant la richesse et la prosp\u00e9rit\u00e9 dont jouissent les bourgeois. [\u2026]\u201d<\/p>\n<p>[Reformul\u00e9 et traduit de l\u2019anglais d\u2019Insurrection news par <a href=\"https:\/\/lechatnoiremeutier.noblogs.org\/post\/2015\/07\/31\/grece-attaque-incendiaire-dun-concessionnaire-porsche-dans-la-banlieue-huppee-dathenes\" title=\"[Gr\u00e8ce] Attaque incendiaire d\u2019un concessionnaire \u2018Porsche\u2019 dans la banlieue hupp\u00e9e d\u2019Ath\u00e8nes\">Le chat noir \u00e9meutier<\/a>, 2015\/07\/31]<\/p>\n<p>source :<a href=\"http:\/\/cettesemaine.info\/breves\/spip.php?article1140&amp;lang=fr\" title=\"Ath\u00e8nes : attaque incendiaire d\u2019un concessionnaire Porsche dans une banlieue hupp\u00e9e\"> Br\u00e8ves du D\u00e9sordre<\/a><\/p>\n","protected":false},"excerpt":{"rendered":"<p>Un groupe anarchiste a revendiqu\u00e9 l\u2019attaque incendiaire d\u2019un concessionnaire automobile \u2018Porsche\u2019 Un groupe anarchiste a revendiqu\u00e9 l\u2019attaque incendiaire d\u2019un concessionnaire automobile \u2018Porsche\u2019 situ\u00e9 \u00e0 Glyfada, banlieue hupp\u00e9e d\u2019Ath\u00e8nes. L\u2019incendie, qui a caus\u00e9 de gros d\u00e9g\u00e2ts tant sur les v\u00e9hicules que sur le b\u00e2timent, s\u2019est d\u00e9roul\u00e9 dans la nuit du 26 au 27 juillet 2015. Il [&hellip;]<\/p>\n","protected":false},"author":7964,"featured_media":0,"comment_status":"closed","ping_status":"closed","sticky":false,"template":"","format":"standard","meta":{"footnotes":""},"categories":[1],"tags":[],"class_list":["post-2558","post","type-post","status-publish","format-standard","hentry","category-general"],"_links":{"self":[{"href":"https:\/\/lelaboratoireanarchiste.noblogs.org\/index.php?rest_route=\/wp\/v2\/posts\/2558","targetHints":{"allow":["GET"]}}],"collection":[{"href":"https:\/\/lelaboratoireanarchiste.noblogs.org\/index.php?rest_route=\/wp\/v2\/posts"}],"about":[{"href":"https:\/\/lelaboratoireanarchiste.noblogs.org\/index.php?rest_route=\/wp\/v2\/types\/post"}],"author":[{"embeddable":true,"href":"https:\/\/lelaboratoireanarchiste.noblogs.org\/index.php?rest_route=\/wp\/v2\/users\/7964"}],"replies":[{"embeddable":true,"href":"https:\/\/lelaboratoireanarchiste.noblogs.org\/index.php?rest_route=%2Fwp%2Fv2%2Fcomments&post=2558"}],"version-history":[{"count":1,"href":"https:\/\/lelaboratoireanarchiste.noblogs.org\/index.php?rest_route=\/wp\/v2\/posts\/2558\/revisions"}],"predecessor-version":[{"id":2559,"href":"https:\/\/lelaboratoireanarchiste.noblogs.org\/index.php?rest_route=\/wp\/v2\/posts\/2558\/revisions\/2559"}],"wp:attachment":[{"href":"https:\/\/lelaboratoireanarchiste.noblogs.org\/index.php?rest_route=%2Fwp%2Fv2%2Fmedia&parent=2558"}],"wp:term":[{"taxonomy":"category","embeddable":true,"href":"https:\/\/lelaboratoireanarchiste.noblogs.org\/index.php?rest_route=%2Fwp%2Fv2%2Fcategories&post=2558"},{"taxonomy":"post_tag","embeddable":true,"href":"https:\/\/lelaboratoireanarchiste.noblogs.org\/index.php?rest_route=%2Fwp%2Fv2%2Ftags&post=2558"}],"curies":[{"name":"wp","href":"https:\/\/api.w.org\/{rel}","templated":true}]}}