{"id":2541,"date":"2015-07-30T21:55:14","date_gmt":"2015-07-30T19:55:14","guid":{"rendered":"http:\/\/lelaboratoireanarchiste.noblogs.org\/?p=2541"},"modified":"2015-07-30T21:59:40","modified_gmt":"2015-07-30T19:59:40","slug":"grece-affiche-a-propos-du-conflit-anarchiste","status":"publish","type":"post","link":"https:\/\/lelaboratoireanarchiste.noblogs.org\/?p=2541","title":{"rendered":"[Gr\u00e8ce] Affiche \u00e0 propos du conflit anarchiste"},"content":{"rendered":"<div class=\"entry-content\">\n<h4><strong>Contre<\/strong><\/h4>\n<p>Leur vision nationale<\/p>\n<p>Leurs divisions internes au syst\u00e8me (M\u00e9morandum vs Anti-m\u00e9morandum)<\/p>\n<p>Les efforts de l\u2019Etat et du capital pour s\u2019incruster carr\u00e9ment dans nos vies<\/p>\n<p>Nous r\u00e9pondons par notre action combattante<\/p>\n<p>Rendez-vous dans les rues pour le conflit anarchiste sans compromis<\/p>\n<p><a title=\"\u03a1\u0391\u039d\u03a4\u0395\u0392\u039f\u03a5 \u03a3\u03a4\u039f\u03a5\u03a3 \u0394\u03a1\u039f\u039c\u039f\u03a5\u03a3 \u03a4\u0397\u03a3 \u0391\u039d\u0391\u03a1\u03a7\u0399\u039a\u0397\u03a3 \u03a3\u03a5\u039a\u0393\u03a1\u039f\u03a5\u03a3\u0397\u03a3 \" href=\"http:\/\/antiekpaideutikhepithesh.blogspot.gr\/2015\/07\/blog-post_84.html\" target=\"_blank\"><em><strong>Groupe de lyc\u00e9ens anarchistes \u2013 Attaque anti-\u00e9ducative<\/strong><\/em><\/a><\/p>\n<p><img loading=\"lazy\" decoding=\"async\" class=\"aligncenter size-full wp-image-2398\" src=\"https:\/\/lechatnoiremeutier.noblogs.org\/files\/2015\/07\/06-%CE%A1%CE%B1%CE%BD%CF%84%CE%B5%CE%B2%CE%BF%CF%8D-%CF%83%CF%84%CE%BF%CF%85%CF%82-%CE%B4%CF%81%CF%8C%CE%BC%CE%BF%CF%85%CF%82-%CF%84%CE%B7%CF%82-%CE%B1%CF%83%CF%85%CE%BC%CE%B2%CE%AF%CE%B2%CE%B1%CF%83%CF%84%CE%B7%CF%82-%CE%B1%CE%BD%CE%B1%CF%81%CF%87%CE%B9%CE%BA%CE%AE%CF%82-%CF%83%CF%8D%CE%B3%CE%BA%CF%81%CE%BF%CF%85%CF%83%CE%B7%CF%82-%CE%99%CE%BF%CF%8D%CE%BB%CE%B9%CE%BF%CF%82-2015-e1438080953851.jpg\" alt=\"06 \u03a1\u03b1\u03bd\u03c4\u03b5\u03b2\u03bf\u03cd \u03c3\u03c4\u03bf\u03c5\u03c2 \u03b4\u03c1\u03cc\u03bc\u03bf\u03c5\u03c2 \u03c4\u03b7\u03c2 \u03b1\u03c3\u03c5\u03bc\u03b2\u03af\u03b2\u03b1\u03c3\u03c4\u03b7\u03c2, \u03b1\u03bd\u03b1\u03c1\u03c7\u03b9\u03ba\u03ae\u03c2 \u03c3\u03cd\u03b3\u03ba\u03c1\u03bf\u03c5\u03c3\u03b7\u03c2 (\u0399\u03bf\u03cd\u03bb\u03b9\u03bf\u03c2 2015)\" width=\"625\" height=\"876\" \/><\/p>\n<p>Traduit du grec par <a title=\"Gr\u00e8ce : Affiche du groupe de lyc\u00e9ens anarchistes - Attaque anti-\u00e9ducative\" href=\"http:\/\/www.non-fides.fr\/?Grece-Affiche-du-groupe-de-lyceens\" target=\"_blank\"><strong>non-fides<\/strong><\/a>, 22 juillet 2015<\/p>\n<p>&nbsp;<\/p>\n<p>lu et recopi\u00e9 \u00e0 partir du \u00ab\u00a0le <a title=\"[Gr\u00e8ce] Affiche \u00e0 propos du conflit anarchiste\" href=\"https:\/\/lechatnoiremeutier.noblogs.org\/post\/2015\/07\/30\/grece-affiche-a-propos-du-conflit-anarchiste\">chat noir \u00e9meutier\u00a0\u00bb<\/a><\/p>\n<p>&nbsp;<\/p>\n<\/div>\n","protected":false},"excerpt":{"rendered":"<p>Contre Leur vision nationale Leurs divisions internes au syst\u00e8me (M\u00e9morandum vs Anti-m\u00e9morandum) Les efforts de l\u2019Etat et du capital pour s\u2019incruster carr\u00e9ment dans nos vies Nous r\u00e9pondons par notre action combattante Rendez-vous dans les rues pour le conflit anarchiste sans compromis Groupe de lyc\u00e9ens anarchistes \u2013 Attaque anti-\u00e9ducative Traduit du grec par non-fides, 22 juillet [&hellip;]<\/p>\n","protected":false},"author":7964,"featured_media":0,"comment_status":"closed","ping_status":"closed","sticky":false,"template":"","format":"standard","meta":{"footnotes":""},"categories":[1],"tags":[],"class_list":["post-2541","post","type-post","status-publish","format-standard","hentry","category-general"],"_links":{"self":[{"href":"https:\/\/lelaboratoireanarchiste.noblogs.org\/index.php?rest_route=\/wp\/v2\/posts\/2541","targetHints":{"allow":["GET"]}}],"collection":[{"href":"https:\/\/lelaboratoireanarchiste.noblogs.org\/index.php?rest_route=\/wp\/v2\/posts"}],"about":[{"href":"https:\/\/lelaboratoireanarchiste.noblogs.org\/index.php?rest_route=\/wp\/v2\/types\/post"}],"author":[{"embeddable":true,"href":"https:\/\/lelaboratoireanarchiste.noblogs.org\/index.php?rest_route=\/wp\/v2\/users\/7964"}],"replies":[{"embeddable":true,"href":"https:\/\/lelaboratoireanarchiste.noblogs.org\/index.php?rest_route=%2Fwp%2Fv2%2Fcomments&post=2541"}],"version-history":[{"count":4,"href":"https:\/\/lelaboratoireanarchiste.noblogs.org\/index.php?rest_route=\/wp\/v2\/posts\/2541\/revisions"}],"predecessor-version":[{"id":2545,"href":"https:\/\/lelaboratoireanarchiste.noblogs.org\/index.php?rest_route=\/wp\/v2\/posts\/2541\/revisions\/2545"}],"wp:attachment":[{"href":"https:\/\/lelaboratoireanarchiste.noblogs.org\/index.php?rest_route=%2Fwp%2Fv2%2Fmedia&parent=2541"}],"wp:term":[{"taxonomy":"category","embeddable":true,"href":"https:\/\/lelaboratoireanarchiste.noblogs.org\/index.php?rest_route=%2Fwp%2Fv2%2Fcategories&post=2541"},{"taxonomy":"post_tag","embeddable":true,"href":"https:\/\/lelaboratoireanarchiste.noblogs.org\/index.php?rest_route=%2Fwp%2Fv2%2Ftags&post=2541"}],"curies":[{"name":"wp","href":"https:\/\/api.w.org\/{rel}","templated":true}]}}