{"id":2537,"date":"2015-07-30T02:54:07","date_gmt":"2015-07-30T00:54:07","guid":{"rendered":"http:\/\/lelaboratoireanarchiste.noblogs.org\/?p=2537"},"modified":"2015-07-30T02:56:39","modified_gmt":"2015-07-30T00:56:39","slug":"calais-plus-de-mille-migrants-a-lassaut-de-la-frontiere-deux-jours-de-suite","status":"publish","type":"post","link":"https:\/\/lelaboratoireanarchiste.noblogs.org\/?p=2537","title":{"rendered":"Calais : plus de mille migrants \u00e0 l\u2019assaut de la fronti\u00e8re deux jours de suite"},"content":{"rendered":"<p><strong>Plusieurs centaines de tentatives d\u2019intrusion sur le site du tunnel sous la Manche<\/strong><\/p>\n<p>Le Monde | 28.07.2015 \u00e0 21h14<\/p>\n<p>Eurotunnel a annonc\u00e9, mardi 28 juillet, avoir recens\u00e9 environ 2 000 migrants essayant \u00ab de rentrer \u00bb sur le site du tunnel sous la Manche \u00e0 Calais, dans la nuit de lundi \u00e0 mardi. Il s\u2019agirait de la plus importante tentative d\u2019intrusion sur le site depuis plus d\u2019un mois et demi, assure un porte-parole.<\/p>\n<p>Mais ce chiffre de 2 000, voire de 2 200 migrants, comme l\u2019affirme Le Figaro, est contest\u00e9 par plusieurs sources polici\u00e8res cit\u00e9es par l\u2019AFP, certaines parlant de 1 200 tentatives d\u2019intrusion et pr\u00e9cisant que certains candidats \u00e0 l\u2019exil ont tent\u00e9 de s\u2019introduire sur le site \u00e0 plusieurs reprises.<\/p>\n<p>\u00ab Il y a des tentatives r\u00e9guli\u00e8res d\u2019intrusion par des petits groupes qui sont repouss\u00e9s, mais il est inexact de dire qu\u2019il y a eu au m\u00eame moment 2 000 migrants. \u00bb<\/p>\n<p>\u00ab Il y a eu des interpellations et cela s\u2019est pass\u00e9 sans drame \u00bb, a pr\u00e9cis\u00e9 le minist\u00e8re de l\u2019int\u00e9rieur. La pr\u00e9fecture du Pas-de-Calais, elle, n\u2019\u00e9tait pas en mesure de pr\u00e9ciser ces chiffres.<br \/>\n<strong><br \/>\n\u00ab Ils ont \u00e9t\u00e9 intercept\u00e9s aux barri\u00e8res ou sur le terminal <\/strong>\u00bb<\/p>\n<p>Eurotunnel avait pr\u00e9venu ses usagers, peu avant 11 heures, que des retards avaient lieu au d\u00e9part de l\u2019Angleterre en raison de pertubations dues \u00e0 \u00ab la pr\u00e9sence de migrants dans la nuit \u00bb, sans donner davantage de pr\u00e9cisions.<\/p>\n<p>Toujours selon Le Figaro, <strong>ces migrants auraient \u00ab tent\u00e9 de s\u2019accrocher aux navettes en marche \u00bb et \u00ab une quinzaine \u00bb d\u2019entre eux auraient \u00e9t\u00e9 bless\u00e9s<\/strong>, ce qu\u2019Eurotunnel n\u2019a pas \u00e9t\u00e9 en mesure de confirmer au T\u00e9l\u00e9gramme, qui les a sollicit\u00e9s.<\/p>\n<p>Eurotunnel a insist\u00e9 sur le fait qu\u2019aucun migrant n\u2019est entr\u00e9 physiquement dans le tunnel. \u00ab Ils ont \u00e9t\u00e9 intercept\u00e9s aux barri\u00e8res ou sur le terminal, mais en aucun cas dans le tunnel \u00bb, ont-ils pr\u00e9cis\u00e9 au T\u00e9l\u00e9gramme. Pourtant, des m\u00e9dias reprenant l\u2019information publi\u00e9e par Le Figaro, dont Valeurs actuelles ou La Libre, n\u2019ont pas h\u00e9sit\u00e9 \u00e0 affirmer que ces migrants avaient \u00ab envahi \u00bb le tunnel.<\/p>\n<p><strong>Les migrants auraient, en fait, profit\u00e9 de la paralysie du trafic d\u00fb au conflit social entre la compagnie maritime MyFerryLink et le groupe Eurotunneltransmanche pour monter dans les camions \u00e0 l\u2019arr\u00eat \u00e0 Calais.<\/strong><\/p>\n<p><strong>7 millions de livres en plus pour la s\u00e9curit\u00e9 du terminal<\/strong><\/p>\n<p>A l\u2019issue d\u2019une r\u00e9union sur la question migratoire entre le ministre de l\u2019int\u00e9rieur, Bernard Cazeneuve, et son homologue britannique, Theresa May, cette derni\u00e8re a annonc\u00e9 une <strong>rallonge de 7 millions de livres (10 millions d\u2019euros) pour renforcer la s\u00e9curit\u00e9 du terminal d\u2019embarquement d\u2019Eurotunnel \u00e0 Coquelles. Cette somme s\u2019ajoute aux 15 millions d\u00e9j\u00e0 annonc\u00e9s pr\u00e9c\u00e9demment par Londres, <\/strong>et s\u2019inscrit dans le fonds sp\u00e9cial issu de l\u2019accord conclu en septembre sur la \u00ab gestion de la pression migratoire \u00bb \u00e0 Calais.<\/p>\n<p>De sources officielles, le d\u00e9part de quelque 5 000 migrants candidats \u00e0 l\u2019\u00e9migration vers la Grande-Bretagne a \u00e9t\u00e9 \u00e0 ce jour emp\u00each\u00e9, que ce soit sur le site d\u2019Eurotunnel ou via le port de Calais. Le groupe Eurotunnel a demand\u00e9 une indemnisation de 9,7 millions d\u2019euros aux gouvernements fran\u00e7ais et britannique, pour compenser ses d\u00e9penses et pertes d\u2019exploitation depuis le 1er janvier 2015, li\u00e9es \u00e0 l\u2019afflux de migrants.<\/p>\n<p><strong>Tunnel sous la Manche : un migrant \u00e9cras\u00e9 par un camion<\/strong><\/p>\n<p>AFP, 29\/07\/2015 | 09:37<\/p>\n<p>Un migrant est mort cette nuit, en tentant de traverser la Manche par le tunnel sous la Manche. Il a \u00e9t\u00e9 \u00e9cras\u00e9 par un camion. Ce d\u00e9c\u00e8s porte \u00e0 neuf le nombre de morts depuis d\u00e9but juin. \u00ab Nos \u00e9quipes ont retrouv\u00e9 un corps ce (mercredi) matin et les pompiers ont confirm\u00e9 le d\u00e9c\u00e8s de la personne \u00bb, a confirm\u00e9 un porte-parole d\u2019Eurotunnel. La personne d\u00e9c\u00e9d\u00e9e, d\u2019origine soudanaise, aurait \u00ab\u00a0entre 25 et 30 ans\u00a0\u00bb et aurait \u00e9t\u00e9 percut\u00e9e par un camion \u00ab\u00a0qui descendait d\u2019une navette pendant qu\u2019il essayait de grimper dessus\u00a0\u00bb, a indiqu\u00e9 une source polici\u00e8re.<\/p>\n<p>\u00ab\u00a0Tout s\u2019est pass\u00e9 cette nuit, et \u00e0 06h00, les policiers avaient encore pas mal de boulot\u00a0\u00bb, a-t-elle ajout\u00e9, pr\u00e9cisant qu\u2019on lui avait rapport\u00e9 la pr\u00e9sence \u00ab\u00a0entre 500 et 1.000 migrants\u00a0\u00bb aux abords du site du tunnel sous la Manche. \u00ab\u00a0Je ne suis pas \u00e9tonn\u00e9 par ce chiffre \u00e9lev\u00e9 de migrants. Un migrant fait deux ou trois tentatives, pas beaucoup plus\u00a0\u00bb, selon elle.<\/p>\n<p>A 7h30, un v\u00e9hicule de la gendarmerie prospectait encore aux alentours du site, a constat\u00e9 un journaliste de l\u2019AFP, expliquant que des files de camions \u00e9taient en train de se former \u00e0 l\u2019entr\u00e9e du tunnel.<\/p>\n<p><strong>Le site d\u2019Eurotunnel \u00e0 Calais a de nouveau \u00e9t\u00e9 l\u2019objet d\u2019au moins 1 500 tentatives d\u2019intrusions de la part de migrants dans la nuit de mardi \u00e0 mercredi, o\u00f9 un candidat \u00e0 l\u2019exil a perdu la vie, selon une source polici\u00e8re. Dans la nuit de lundi \u00e0 mardi, plus de 2 000 migrants s\u2019\u00e9taient introduits sur le site d\u2019Eurotunnel, dans l\u2019espoir de rejoindre l\u2019Angleterre via le tunnel sous la Manche.<\/strong><\/p>\n<p>repris du site <a href=\"http:\/\/cettesemaine.info\/breves\/spip.php?article1127&amp;lang=fr\" title=\"Calais : plus de mille migrants \u00e0 l\u2019assaut de la fronti\u00e8re deux jours de suite\">br\u00e8ves du d\u00e9sordre<\/a><\/p>\n","protected":false},"excerpt":{"rendered":"<p>Plusieurs centaines de tentatives d\u2019intrusion sur le site du tunnel sous la Manche Le Monde | 28.07.2015 \u00e0 21h14 Eurotunnel a annonc\u00e9, mardi 28 juillet, avoir recens\u00e9 environ 2 000 migrants essayant \u00ab de rentrer \u00bb sur le site du tunnel sous la Manche \u00e0 Calais, dans la nuit de lundi \u00e0 mardi. Il s\u2019agirait [&hellip;]<\/p>\n","protected":false},"author":7964,"featured_media":0,"comment_status":"closed","ping_status":"closed","sticky":false,"template":"","format":"standard","meta":{"footnotes":""},"categories":[1],"tags":[],"class_list":["post-2537","post","type-post","status-publish","format-standard","hentry","category-general"],"_links":{"self":[{"href":"https:\/\/lelaboratoireanarchiste.noblogs.org\/index.php?rest_route=\/wp\/v2\/posts\/2537","targetHints":{"allow":["GET"]}}],"collection":[{"href":"https:\/\/lelaboratoireanarchiste.noblogs.org\/index.php?rest_route=\/wp\/v2\/posts"}],"about":[{"href":"https:\/\/lelaboratoireanarchiste.noblogs.org\/index.php?rest_route=\/wp\/v2\/types\/post"}],"author":[{"embeddable":true,"href":"https:\/\/lelaboratoireanarchiste.noblogs.org\/index.php?rest_route=\/wp\/v2\/users\/7964"}],"replies":[{"embeddable":true,"href":"https:\/\/lelaboratoireanarchiste.noblogs.org\/index.php?rest_route=%2Fwp%2Fv2%2Fcomments&post=2537"}],"version-history":[{"count":3,"href":"https:\/\/lelaboratoireanarchiste.noblogs.org\/index.php?rest_route=\/wp\/v2\/posts\/2537\/revisions"}],"predecessor-version":[{"id":2540,"href":"https:\/\/lelaboratoireanarchiste.noblogs.org\/index.php?rest_route=\/wp\/v2\/posts\/2537\/revisions\/2540"}],"wp:attachment":[{"href":"https:\/\/lelaboratoireanarchiste.noblogs.org\/index.php?rest_route=%2Fwp%2Fv2%2Fmedia&parent=2537"}],"wp:term":[{"taxonomy":"category","embeddable":true,"href":"https:\/\/lelaboratoireanarchiste.noblogs.org\/index.php?rest_route=%2Fwp%2Fv2%2Fcategories&post=2537"},{"taxonomy":"post_tag","embeddable":true,"href":"https:\/\/lelaboratoireanarchiste.noblogs.org\/index.php?rest_route=%2Fwp%2Fv2%2Ftags&post=2537"}],"curies":[{"name":"wp","href":"https:\/\/api.w.org\/{rel}","templated":true}]}}