{"id":2525,"date":"2015-07-28T23:06:47","date_gmt":"2015-07-28T21:06:47","guid":{"rendered":"http:\/\/lelaboratoireanarchiste.noblogs.org\/?p=2525"},"modified":"2015-07-29T08:44:41","modified_gmt":"2015-07-29T06:44:41","slug":"valence-dans-la-chaleur-de-la-maison-darret-de-la-revolte-dans-lair","status":"publish","type":"post","link":"https:\/\/lelaboratoireanarchiste.noblogs.org\/?p=2525","title":{"rendered":"[Valence] Dans la chaleur de l&rsquo;\u00e9t\u00e9 \u00e0 la  Maison d&rsquo;arr\u00eat ,  des  r\u00e9voltes dans l&rsquo;air!"},"content":{"rendered":"<p>infos de <a href=\"http:\/\/www.francebleu.fr\/infos\/surveillants\/les-surveillants-de-la-prison-de-valence-se-sentent-abandonnes-par-la-justice-2501323\" title=\"Les surveillants de la prison de Valence se sentent abandonn\u00e9s par la justice\">france bleu Drome Ad\u00e8che<\/a><br \/>\ninformations:<br \/>\n\u00ab\u00a0Ce jeudi 23 juillet, le tribunal a relax\u00e9 un d\u00e9tenu qui comparaissait pour avoir frapp\u00e9 un gardien. Les juges ont estim\u00e9 qu&rsquo;il n&rsquo;y avait pas suffisamment de preuves mat\u00e9rielles pour condamner le prisonnier.\u00a0\u00bb  <strong>Cette agression \u00e9tait la deuxieme en une semaine \u00e0 la maison d&rsquo;arr\u00eat de Valence<\/strong>.<br \/>\n<strong>Le parquet de Valence<\/strong> a decid\u00e9 de faire appel de cette relaxe. Le jeune d\u00e9tenu devrait donc<strong> \u00eatre rejug\u00e9 \u00e0 Grenoble <\/strong>pour avoir frapp\u00e9 le surveillant.<\/p>\n<p>Commentaire:<br \/>\nDans la canicule de l&rsquo;\u00e9t\u00e9, alors que les prisonniers n&rsquo;ont droit qu&rsquo;une douche par semaine, la maison d&rsquo;arr\u00eat est archi pleine, , parfois trois prisonniers par cellule de 9 m\u00e9tre carr\u00e9, l&rsquo;\u00e9t\u00e9  il n&rsquo;y a plus d&rsquo;activit\u00e9( justificatif de l&rsquo;administration p\u00e9nitentiaire: manque de personnel) . Ces  tortures continuent depuis le d\u00e9but de l&rsquo;\u00e9t\u00e9. Les  matons se r\u00e9joissent  de cette situation : <strong>ces tortures ont  pour but d\u2019enlever aux prisonniers toutes les choses qui permettent de vivre un peu au sein de cet enfer carc\u00e9ral.<\/strong>les matons r\u00e9coltent sur leur gueules ce qu&rsquo;ils ont sem\u00e9  .<br \/>\n\u00a0\u00bb le pouvoir s\u00e8me la peur pour mieux contr\u00f4ler et r\u00e9gner, \u00ab c \u2019est reculer que d\u2019\u00eatre stationnaire \u00bb<br \/>\n: affirmons donc la  joie  de  lutter  librement,  la  fiert\u00e9 des id\u00e9es qui s\u2019opposent \u00e0 leurs \u0153u-<br \/>\nvres  morbides  et  la  solidarit\u00e9  entre ceux et celles qui ch\u00e9rissent toujours le  r\u00eave  d\u2019un  monde  d\u00e9barrass\u00e9  du pouvoir.   <strong>Continuons   les   hostilit\u00e9s contre tout ce qui nous \u00e9touffe<\/strong>\u00a0\u00bb<br \/>\n<strong>que la r\u00e9volte s&rsquo;amplifie<br \/>\nsolidarit\u00e9 aux r\u00e9volt\u00e9s de la guerre sociale<\/strong><\/p>\n","protected":false},"excerpt":{"rendered":"<p>infos de france bleu Drome Ad\u00e8che informations: \u00ab\u00a0Ce jeudi 23 juillet, le tribunal a relax\u00e9 un d\u00e9tenu qui comparaissait pour avoir frapp\u00e9 un gardien. Les juges ont estim\u00e9 qu&rsquo;il n&rsquo;y avait pas suffisamment de preuves mat\u00e9rielles pour condamner le prisonnier.\u00a0\u00bb Cette agression \u00e9tait la deuxieme en une semaine \u00e0 la maison d&rsquo;arr\u00eat de Valence. Le [&hellip;]<\/p>\n","protected":false},"author":7964,"featured_media":0,"comment_status":"closed","ping_status":"closed","sticky":false,"template":"","format":"standard","meta":{"footnotes":""},"categories":[1],"tags":[],"class_list":["post-2525","post","type-post","status-publish","format-standard","hentry","category-general"],"_links":{"self":[{"href":"https:\/\/lelaboratoireanarchiste.noblogs.org\/index.php?rest_route=\/wp\/v2\/posts\/2525","targetHints":{"allow":["GET"]}}],"collection":[{"href":"https:\/\/lelaboratoireanarchiste.noblogs.org\/index.php?rest_route=\/wp\/v2\/posts"}],"about":[{"href":"https:\/\/lelaboratoireanarchiste.noblogs.org\/index.php?rest_route=\/wp\/v2\/types\/post"}],"author":[{"embeddable":true,"href":"https:\/\/lelaboratoireanarchiste.noblogs.org\/index.php?rest_route=\/wp\/v2\/users\/7964"}],"replies":[{"embeddable":true,"href":"https:\/\/lelaboratoireanarchiste.noblogs.org\/index.php?rest_route=%2Fwp%2Fv2%2Fcomments&post=2525"}],"version-history":[{"count":11,"href":"https:\/\/lelaboratoireanarchiste.noblogs.org\/index.php?rest_route=\/wp\/v2\/posts\/2525\/revisions"}],"predecessor-version":[{"id":2536,"href":"https:\/\/lelaboratoireanarchiste.noblogs.org\/index.php?rest_route=\/wp\/v2\/posts\/2525\/revisions\/2536"}],"wp:attachment":[{"href":"https:\/\/lelaboratoireanarchiste.noblogs.org\/index.php?rest_route=%2Fwp%2Fv2%2Fmedia&parent=2525"}],"wp:term":[{"taxonomy":"category","embeddable":true,"href":"https:\/\/lelaboratoireanarchiste.noblogs.org\/index.php?rest_route=%2Fwp%2Fv2%2Fcategories&post=2525"},{"taxonomy":"post_tag","embeddable":true,"href":"https:\/\/lelaboratoireanarchiste.noblogs.org\/index.php?rest_route=%2Fwp%2Fv2%2Ftags&post=2525"}],"curies":[{"name":"wp","href":"https:\/\/api.w.org\/{rel}","templated":true}]}}