{"id":2518,"date":"2015-07-28T05:22:22","date_gmt":"2015-07-28T03:22:22","guid":{"rendered":"http:\/\/lelaboratoireanarchiste.noblogs.org\/?p=2518"},"modified":"2015-07-28T07:51:28","modified_gmt":"2015-07-28T05:51:28","slug":"turquie-kurdistanface-aux-attaques-contre-les-populations-civiles-comendite-par-le-parti-islamo-conservateur","status":"publish","type":"post","link":"https:\/\/lelaboratoireanarchiste.noblogs.org\/?p=2518","title":{"rendered":"[Turquie-Kurdistan]Face aux attaques contre les populations Kurdes commandit\u00e9es par le parti islamo conservateur"},"content":{"rendered":"<p>Nous \u00e9tions une <a href=\"http:\/\/rebellyon.info\/Une-cinquantaine-de-personnes-repondent-a.html\" title=\"Une cinquantaine de personnes r\u00e9pondent \u00e0 l\u2019appel \u00e0 solidarit\u00e9 de nos compagnons de l\u2019Initiative Anarchiste de Turquie\">cinquantaine de manifestant-e-s<\/a> devant le consulat de Turquie de Lyon le dimanche 26 \/07. Ilfaut noter que les CRS pr\u00e9sent faisait face au rassemblement  et les dos de ceux ci tourn\u00e9s vers le consulat. Que prot\u00e8ge la police ?. Comme toujours le pouvoir des dictateurs fasciste est d\u00e9fendu par la police  fran\u00e7aise .<br \/>\ninformations et photos sur <a href=\"http:\/\/rebellyon.info\/Une-cinquantaine-de-personnes-repondent-a.html\" title=\"Une cinquantaine de personnes r\u00e9pondent \u00e0 l\u2019appel \u00e0 solidarit\u00e9 de nos compagnons de l\u2019Initiative Anarchiste de Turquie\">rebellyon.info<\/a><br \/>\nLe 20 juillet 2015, au moins 32 personnes, dont trois  de nos camarades anarchistes, partis \u00e0 Suru\u00e7 pour la reconstruction de Koban\u00ea, ont \u00e9t\u00e9 tu\u00e9s dans l\u2019attaque d\u2019un kamikaze membre de l\u2019ISIS.Arrestations, frappes au Kurdistan\u2026 le triomphe des fascistes mais les <a href=\"http:\/\/tempsreel.nouvelobs.com\/galeries-photos\/monde\/20150727.OBS3239\/photos-la-turquie-s-embrase-a-l-extreme-gauche.html\" title=\"PHOTOS. La Turquie s'embrase \u00e0 l'extr\u00eame gauche\">\u00e9meutes continuent <\/a> <strong>dans toute la Turquie <\/strong>contre l&rsquo;Etat tenu par le parti de l&rsquo;AKP<br \/>\n ci dessous un tract , affiche  qui circule \u00e0 valence<br \/>\n<strong>Un  attentat suicide \u00e0  Suru\u00e7 le 20  juillet &#8230;, <\/strong><br \/>\nLe 20 juillet 2015, au moins 32 personnes, dont certains de nos camarades anarchistes, partis \u00e0 Suru\u00e7 pour la reconstruction de Koban\u00ea, ont \u00e9t\u00e9 tu\u00e9s dans l\u2019attaque d\u2019un kamikaze membre de l\u2019ISIS..La R\u00e9publique Turc continue sournoisement \u00e0 soutenir ISIS.  Apr\u00e8s  ce massacre,des \u00e9meutes se sont produites dans plusieurs ville tuc, . Les arrestations (pr\u00e8s de  1050 officielles) le Premier ministre a promis de continuer \u00e0 r\u00e9primer les oppositions les plus radicales. Les bombardements des villages kurdes ont eu lieu toute la fin de semaine   Nous tenons \u00e9galement \u00e0 affirmer que si les attentas ont pu avoir lieu, c&rsquo;est gr\u00e2ce \u00e0 la connivence de l\u2019\u00c9tat turc avec DAESH. En effet, le gouvernement turc, \u00e0 travers son soutien \u00e0 DAESH, voulait \u00e0 la fois affaiblir la r\u00e9sistance du peuple kurde et affirmer sa volont\u00e9 d&rsquo;\u00eatre une des puissances politiques influentes de la r\u00e9gion.<br \/>\nSi nous nous mobilisons aujourd&rsquo;hui, c&rsquo;est bien sur pour soutenir la r\u00e9sistance du peuple kurde mais c&rsquo;est aussi pour d\u00e9noncer et condamner la politique de l\u2019\u00c9tat fran\u00e7ais. En effet, pendant que dans de nombreuses villes du monde, on se mobilise pour soutenir la r\u00e9sistance kurde, Fran\u00e7ois Hollande, salue \u00ab l&rsquo;engagement courageux du pr\u00e9sident Erdogan contre le terrorisme \u00bb. C&rsquo;est un scandale ! Encore une fois l&rsquo;hypocrisie des puissances imp\u00e9rialistes se manifeste et nous laisse sans illusion sur le soutien de la communaut\u00e9 internationale vis \u00e0 vis du peuple kurde. Les organisations kurdes, qui sont en premi\u00e8re ligne face \u00e0 DAESH, sont encore consid\u00e9r\u00e9es comme terroristes dans l&rsquo;Union Europ\u00e9enne.<br \/>\nC&rsquo;est pour toutes ces raisons que le soutien au peuple kurde ne peut se faire que sur des bases internationalistes !<br \/>\n<strong>Construisons la solidarit\u00e9 internationale pour en faire notre arme afin que  la lutte contre l\u2019autorit\u00e9 , la domination, et l\u2019exploitation  ici et l\u00e0 bas soit victorieuse !<\/strong><br \/>\nVive la solidarit\u00e9 internationale !<br \/>\nVive la lutte du peuple kurde ! Biji Kurdistan !<\/p>\n<p>valence le 27 juillet<br \/>\ndes individu-e-s associ\u00e9-e-s  <\/p>\n","protected":false},"excerpt":{"rendered":"<p>Nous \u00e9tions une cinquantaine de manifestant-e-s devant le consulat de Turquie de Lyon le dimanche 26 \/07. Ilfaut noter que les CRS pr\u00e9sent faisait face au rassemblement et les dos de ceux ci tourn\u00e9s vers le consulat. Que prot\u00e8ge la police ?. Comme toujours le pouvoir des dictateurs fasciste est d\u00e9fendu par la police fran\u00e7aise [&hellip;]<\/p>\n","protected":false},"author":7964,"featured_media":0,"comment_status":"closed","ping_status":"closed","sticky":false,"template":"","format":"standard","meta":{"footnotes":""},"categories":[1],"tags":[],"class_list":["post-2518","post","type-post","status-publish","format-standard","hentry","category-general"],"_links":{"self":[{"href":"https:\/\/lelaboratoireanarchiste.noblogs.org\/index.php?rest_route=\/wp\/v2\/posts\/2518","targetHints":{"allow":["GET"]}}],"collection":[{"href":"https:\/\/lelaboratoireanarchiste.noblogs.org\/index.php?rest_route=\/wp\/v2\/posts"}],"about":[{"href":"https:\/\/lelaboratoireanarchiste.noblogs.org\/index.php?rest_route=\/wp\/v2\/types\/post"}],"author":[{"embeddable":true,"href":"https:\/\/lelaboratoireanarchiste.noblogs.org\/index.php?rest_route=\/wp\/v2\/users\/7964"}],"replies":[{"embeddable":true,"href":"https:\/\/lelaboratoireanarchiste.noblogs.org\/index.php?rest_route=%2Fwp%2Fv2%2Fcomments&post=2518"}],"version-history":[{"count":6,"href":"https:\/\/lelaboratoireanarchiste.noblogs.org\/index.php?rest_route=\/wp\/v2\/posts\/2518\/revisions"}],"predecessor-version":[{"id":2524,"href":"https:\/\/lelaboratoireanarchiste.noblogs.org\/index.php?rest_route=\/wp\/v2\/posts\/2518\/revisions\/2524"}],"wp:attachment":[{"href":"https:\/\/lelaboratoireanarchiste.noblogs.org\/index.php?rest_route=%2Fwp%2Fv2%2Fmedia&parent=2518"}],"wp:term":[{"taxonomy":"category","embeddable":true,"href":"https:\/\/lelaboratoireanarchiste.noblogs.org\/index.php?rest_route=%2Fwp%2Fv2%2Fcategories&post=2518"},{"taxonomy":"post_tag","embeddable":true,"href":"https:\/\/lelaboratoireanarchiste.noblogs.org\/index.php?rest_route=%2Fwp%2Fv2%2Ftags&post=2518"}],"curies":[{"name":"wp","href":"https:\/\/api.w.org\/{rel}","templated":true}]}}