{"id":2514,"date":"2015-07-27T11:44:25","date_gmt":"2015-07-27T09:44:25","guid":{"rendered":"http:\/\/lelaboratoireanarchiste.noblogs.org\/?p=2514"},"modified":"2015-07-27T11:46:11","modified_gmt":"2015-07-27T09:46:11","slug":"hambourg-allemagne-semaine-de-mobilisation-et-dagitation-en-solidarite-avec-les-accuses-de-laffaire-de-la-breite-strasse-3-au-9-aout-2015","status":"publish","type":"post","link":"https:\/\/lelaboratoireanarchiste.noblogs.org\/?p=2514","title":{"rendered":"[Hambourg, Allemagne] Semaine de mobilisation et d\u2019agitation en solidarit\u00e9 avec les accus\u00e9s de \u201cl\u2019affaire de la Breite strasse\u201d \u2013 3 au 9 ao\u00fbt 2015"},"content":{"rendered":"<p>repris sur <a href=\"https:\/\/fr.squat.net\/2015\/07\/27\/hambourg-allemagne-semaine-de-mobilisation-et-dagitation-en-solidarite-avec-les-accuses-de-laffaire-de-la-breite-strasse-du-3-au-9-aout-2015\" title=\"Hambourg (Allemagne): semaine de mobilisation et d\u2019agitation en solidarit\u00e9 avec les accus\u00e9s de \u201cl\u2019affaire de la Breite strasse\u201d, du 3 au 9 ao\u00fbt 2015\">indymedia.nantes<\/a><\/p>\n<p>Pour rappel: une<a href=\"https:\/\/fr.squat.net\/2014\/10\/08\/hambourg-allemagne-solidarite-avec-les-squatteur-euse-s-de-la-breite-strasse\" title=\"Hambourg (Allemagne): solidarit\u00e9 avec les squatteur-euse-s de la Breite Strasse !\"> maison de la Breite strasse a \u00e9t\u00e9 occup\u00e9e le 27 ao\u00fbt 2014<\/a> \u00e0 Hambourg. Les squatters ont attaqu\u00e9 les flics qui p\u00e9n\u00e9traient dans la maison et les ont bombard\u00e9s de peinture, de feux d\u2019artifice et d\u2019autres objets.<\/p>\n<p><a href=\"http:\/\/www.lechatnoiremeutier.antifa-net.fr\/hambourg-allemagne-contre-la-ville-dautorite-contre-la-domestication-de-nos-vies\" title=\"[Hambourg, Allemagne] Contre la ville d\u2019autorit\u00e9 ! Contre la domestication de nos vies !\">Fin ao\u00fbt d\u00e9butera le proc\u00e8s contre six personnes qui sont accus\u00e9es d\u2019avoir \u00e9t\u00e9 impliqu\u00e9es dans le squat et les affrontements \u00e0 la Breite strasse<\/a> le 27 ao\u00fbt 2014 \u00e0 Hambourg. Les accusations sont lourdes et vont chez plusieurs personnes jusqu\u2019\u00e0 la tentative d\u2019homicide volontaire. A travers la propagande m\u00e9diatique et les flics indign\u00e9s, un proc\u00e8s doit \u00eatre men\u00e9 contre une action qui a remis en cause le monopole de la violence dominante, de l\u2019oppression et de l\u2019exploitation de la normalit\u00e9 \u00e9tablie.<\/p>\n<p>Pendant le proc\u00e8s ainsi que par principe, nous voulons nous montrer solidaires avec les accus\u00e9s qui sont rest\u00e9s non coop\u00e9ratifs \u00e0 l\u2019\u00e9gard de la justice.<\/p>\n<p><strong>Aucun rebelle entre les mains de l\u2019Eta<\/strong>t !<\/p>\n<p>Du 3 au 9 ao\u00fbt, il y aura une semaine de mobilisation et d\u2019agitation en solidarit\u00e9 avec les accus\u00e9s.<\/p>\n<p><strong>Rendons notre solidarit\u00e9 visible, peu importe o\u00f9 et comment !<br \/>\nContre toute autorit\u00e9, contre toute domination !<\/strong><\/p>\n<p>[Publi\u00e9 le 24 juillet 2015 sur le <a href=\"https:\/\/lechatnoiremeutier.noblogs.org\/post\/2015\/07\/24\/hambourg-allemagne-semaine-de-mobilisation-et-dagitation-en-solidarite-avec-les-accuses-de-laffaire-de-la-breite-strasse-3-au-9-aout-2015\" title=\"[Hambourg, Allemagne] Semaine de mobilisation et d\u2019agitation en solidarit\u00e9 avec les accus\u00e9s de \u201cl\u2019affaire de la Breite strasse\u201d \u2013 3 au 9 ao\u00fbt 2015\">Chat Noir \u00c9meutier<\/a>, qui a traduit un texte paru en allemand le 22 juin 2015 sur <a href=\"http:\/\/de.contrainfo.espiv.net\/2015\/07\/22\/hamburg-03-09-august-2015-woche-der-mobilisierung-und-agitation-in-solidaritat-mit-den-angeklagten-des-breite-strase-verfahrens\" title=\"Hamburg: 03.-09. August 2015 \u2013 Woche der Mobilisierung und Agitation in Solidarit\u00e4t mit den Angeklagten des Breite Stra\u00dfe Verfahrens\">Contrainfo<\/a>.]<\/p>\n","protected":false},"excerpt":{"rendered":"<p>repris sur indymedia.nantes Pour rappel: une maison de la Breite strasse a \u00e9t\u00e9 occup\u00e9e le 27 ao\u00fbt 2014 \u00e0 Hambourg. Les squatters ont attaqu\u00e9 les flics qui p\u00e9n\u00e9traient dans la maison et les ont bombard\u00e9s de peinture, de feux d\u2019artifice et d\u2019autres objets. Fin ao\u00fbt d\u00e9butera le proc\u00e8s contre six personnes qui sont accus\u00e9es d\u2019avoir [&hellip;]<\/p>\n","protected":false},"author":7964,"featured_media":0,"comment_status":"closed","ping_status":"closed","sticky":false,"template":"","format":"standard","meta":{"footnotes":""},"categories":[1],"tags":[],"class_list":["post-2514","post","type-post","status-publish","format-standard","hentry","category-general"],"_links":{"self":[{"href":"https:\/\/lelaboratoireanarchiste.noblogs.org\/index.php?rest_route=\/wp\/v2\/posts\/2514","targetHints":{"allow":["GET"]}}],"collection":[{"href":"https:\/\/lelaboratoireanarchiste.noblogs.org\/index.php?rest_route=\/wp\/v2\/posts"}],"about":[{"href":"https:\/\/lelaboratoireanarchiste.noblogs.org\/index.php?rest_route=\/wp\/v2\/types\/post"}],"author":[{"embeddable":true,"href":"https:\/\/lelaboratoireanarchiste.noblogs.org\/index.php?rest_route=\/wp\/v2\/users\/7964"}],"replies":[{"embeddable":true,"href":"https:\/\/lelaboratoireanarchiste.noblogs.org\/index.php?rest_route=%2Fwp%2Fv2%2Fcomments&post=2514"}],"version-history":[{"count":2,"href":"https:\/\/lelaboratoireanarchiste.noblogs.org\/index.php?rest_route=\/wp\/v2\/posts\/2514\/revisions"}],"predecessor-version":[{"id":2516,"href":"https:\/\/lelaboratoireanarchiste.noblogs.org\/index.php?rest_route=\/wp\/v2\/posts\/2514\/revisions\/2516"}],"wp:attachment":[{"href":"https:\/\/lelaboratoireanarchiste.noblogs.org\/index.php?rest_route=%2Fwp%2Fv2%2Fmedia&parent=2514"}],"wp:term":[{"taxonomy":"category","embeddable":true,"href":"https:\/\/lelaboratoireanarchiste.noblogs.org\/index.php?rest_route=%2Fwp%2Fv2%2Fcategories&post=2514"},{"taxonomy":"post_tag","embeddable":true,"href":"https:\/\/lelaboratoireanarchiste.noblogs.org\/index.php?rest_route=%2Fwp%2Fv2%2Ftags&post=2514"}],"curies":[{"name":"wp","href":"https:\/\/api.w.org\/{rel}","templated":true}]}}