{"id":2509,"date":"2015-07-26T09:20:32","date_gmt":"2015-07-26T07:20:32","guid":{"rendered":"http:\/\/lelaboratoireanarchiste.noblogs.org\/?p=2509"},"modified":"2015-07-26T09:41:00","modified_gmt":"2015-07-26T07:41:00","slug":"e-camp-de-bure-approche-et-il-nous-a-semble-utile-de-renvoyer-quelques-informations-fraiches","status":"publish","type":"post","link":"https:\/\/lelaboratoireanarchiste.noblogs.org\/?p=2509","title":{"rendered":"Le camp de Bure approche, et il nous a sembl\u00e9 utile de renvoyer quelques informations fra\u00eeches."},"content":{"rendered":"\n<p>    <strong>Le camp de Bure approche, et il nous a sembl\u00e9 utile de renvoyer quelques informations fra\u00eeche<\/strong>s.<\/p>\n<p>Pour toutes les info <a href=\"http:\/\/vmc.camp\" title=\"Antirep] URGENT Appel \u00e0 rassemblement dimanche 26 juillet \u00e0 partir de 10h \u00e0 Bar-le-Duc\">: http:\/\/vmc.camp\/ <\/a><\/p>\n<p> Deux personnes interpell\u00e9s dans le cadre de contr\u00f4les du c\u00f4t\u00e9 de Bure. L&rsquo;un toujours en garde \u00e0 vue sera pr\u00e9sent\u00e9 ce dimanche 26 juillet 2015 devant le juge des libert\u00e9s et de la d\u00e9tention. Appel \u00e0 rassemblement devant le tribunal de Bar-le-Duc, m\u00eame jour, m\u00eame heure.<\/p>\n<p>&#8211; Des r\u00e9quisitions du procureur quant aux contr\u00f4les d&rsquo;identit\u00e9 et fouilles de v\u00e9hicule (celles du 24 juillet probablement r\u00e9guli\u00e8rement renouvel\u00e9e : <a href=\"http:\/\/vmc.camp\/wp-content\/uploads\/2015\/07\/IMG_5915-e1437741794492.jpg\">http:\/\/vmc.camp\/wp-content\/uploads\/2015\/07\/IMG_5915-e1437741794492.jpg)<\/a><\/p>\n<p>&#8211; Communiqu\u00e9 sur le sujet : http:\/\/vmc.camp\/2015\/07\/24\/<a href=\"http:\/\/vmc.camp\/2015\/07\/24\/communique-bure-comment-la-prefecture-fabrique-la-tension\" title=\"[Communiqu\u00e9] Bure, comment la pr\u00e9fecture fabrique la tension \">communique-bure-comment-la-prefecture-fabrique-la-tension\/<\/a><br \/>\net ci dessous :<\/p>\n<p> Bure, comment la pr\u00e9fecture fabrique la tension !<\/p>\n<p>Sur les deux personnes arr\u00eat\u00e9es, une a \u00e9t\u00e9 rel\u00e2ch\u00e9e avec suspension de permis de conduire, l\u2019autre est en garde \u00e0 vue et passe devant le juge des libert\u00e9s dimanche 26 juillet. Un appel \u00e0 rassemblement devant le tribunal de Bar-le-Duc \u00e0 partir de 10h a \u00e9t\u00e9 lanc\u00e9.<\/p>\n<p>Alors que la pr\u00e9fecture projette une conf\u00e9rence de presse lundi prochain pour nous expliquinterpellationer comment le territoire va \u00eatre consciencieusement quadrill\u00e9 sur 30 km \u00e0 la ronde autour de Bure, sur place on en a eu un avant-go\u00fbt en ce matin ensoleill\u00e9.<\/p>\n<p>Toute la fin de matin\u00e9e, les voitures de gendarmes, civiles, militaires ou conventionnelles se sont d\u00e9multipli\u00e9es sur les routes. Sur r\u00e9quisition du procureur, on contr\u00f4le \u00e0 tout va, \u00e0 chaque carrefour autour de Bure, en qu\u00eate d\u2019explosifs, d\u2019armements, de produits de recel et d\u2019individus dangereux et recherch\u00e9s. \u00c0 d\u00e9faut, on embarque sur le moindre pr\u00e9texte : deux interpellations ont ainsi eu lieu \u00e0 Bure \u00e0 11h. Quand on leur demande ce qui justifie tout ce remue-m\u00e9nage, on nous r\u00e9pond qu\u2019on aurait vu \u00ab un drone survoler l\u2019ANDRA \u00bb. Un drone invisible pour le groupe de musiciens (les Bure-Haleurs) qui campe paisiblement devant l\u2019ANDRA depuis lundi [1]. Sans doute un drone policier furtif..<\/p>\n<p>Alors que tout se passait paisiblement dans le sud de la Meuse depuis une semaine, on a du mal \u00e0 voir dans cette d\u00e9bauche de moyens policiers autre chose qu\u2019une fabrication de la tension. Si on voulait cr\u00e9er un climat de conflit on ne s\u2019y prendrait pas autrement. Ce n\u2019est pas faute d\u2019avoir anticip\u00e9 cette situation dans un pr\u00e9c\u00e9dent communiqu\u00e9 [2]. Il faut croire que les autorit\u00e9s continuent \u00e0 reproduire, d\u00e9lib\u00e9remment et partout, les m\u00eames sch\u00e9mas [3] d\u2019escalade du conflit et d\u2019intimidation des populations locales.<\/p>\n<p>Nous appelons tous nos ami-es \u00e0 \u00eatre vigilant-es sur les routes en venant et \u00e0 d\u00e9noncer cette mise sous tension injustifi\u00e9e \u00e0 une semaine du campement qui se tiendra entre Mandres-en-Barrois et Lum\u00e9ville-en-Ornois du 1er au 10 ao\u00fbt prochains. Nous esp\u00e9rons que les jours prochains retourneront au calme qui nous avait accompagn\u00e9 jusqu\u2019alors sur notre chantier de pr\u00e9paration du campement.<\/p>\n<p>L\u2019\u00e9quipe autom\u00e9dia de pr\u00e9paration du campement VMC<\/p>\n<p>vmc+presse@riseup.net<\/p>\n<p>Contact presse : 07.58.23.08.97<\/p>\n<p>[1] http:\/\/vmc.camp\/2015\/07\/23\/<a href=\"http:\/\/vmc.camp\/2015\/07\/23\/communique-bure-un-campement-peut-en-cacher-un-autre\" title=\"[Communiqu\u00e9] Bure : un campement peut en cacher un autre\">communique-bure-un-campement-peut-en-cacher-un-autre<\/a>\/<\/p>\n<p>[2] http:\/\/vmc.camp\/2015\/07\/17\/<a href=\"http:\/\/vmc.camp\/2015\/07\/17\/communique-un-prefet-averti-en-vaut-deux\" title=\"Communiqu\u00e9 : un pr\u00e9fet averti en vaut deux !\">communique-un-prefet-averti-en-vaut-deux<\/a>\/<\/p>\n<p>[3] Voir l\u2019article d\u2019analyse des strat\u00e9gies polici\u00e8res et politiques produit suite \u00e0 la manifestation du 22 f\u00e9vrier 2014 \u00e0 Nantes : https:\/\/paris-luttes.info\/manif-du-22-fevrier-a-nantes-3-3<\/p>\n<p><strong> re\u00e7u par mail<\/strong><\/p>\n","protected":false},"excerpt":{"rendered":"<p>Le camp de Bure approche, et il nous a sembl\u00e9 utile de renvoyer quelques informations fra\u00eeches. Pour toutes les info : http:\/\/vmc.camp\/ Deux personnes interpell\u00e9s dans le cadre de contr\u00f4les du c\u00f4t\u00e9 de Bure. L&rsquo;un toujours en garde \u00e0 vue sera pr\u00e9sent\u00e9 ce dimanche 26 juillet 2015 devant le juge des libert\u00e9s et de la [&hellip;]<\/p>\n","protected":false},"author":7964,"featured_media":0,"comment_status":"closed","ping_status":"closed","sticky":false,"template":"","format":"standard","meta":{"footnotes":""},"categories":[1],"tags":[],"class_list":["post-2509","post","type-post","status-publish","format-standard","hentry","category-general"],"_links":{"self":[{"href":"https:\/\/lelaboratoireanarchiste.noblogs.org\/index.php?rest_route=\/wp\/v2\/posts\/2509","targetHints":{"allow":["GET"]}}],"collection":[{"href":"https:\/\/lelaboratoireanarchiste.noblogs.org\/index.php?rest_route=\/wp\/v2\/posts"}],"about":[{"href":"https:\/\/lelaboratoireanarchiste.noblogs.org\/index.php?rest_route=\/wp\/v2\/types\/post"}],"author":[{"embeddable":true,"href":"https:\/\/lelaboratoireanarchiste.noblogs.org\/index.php?rest_route=\/wp\/v2\/users\/7964"}],"replies":[{"embeddable":true,"href":"https:\/\/lelaboratoireanarchiste.noblogs.org\/index.php?rest_route=%2Fwp%2Fv2%2Fcomments&post=2509"}],"version-history":[{"count":3,"href":"https:\/\/lelaboratoireanarchiste.noblogs.org\/index.php?rest_route=\/wp\/v2\/posts\/2509\/revisions"}],"predecessor-version":[{"id":2512,"href":"https:\/\/lelaboratoireanarchiste.noblogs.org\/index.php?rest_route=\/wp\/v2\/posts\/2509\/revisions\/2512"}],"wp:attachment":[{"href":"https:\/\/lelaboratoireanarchiste.noblogs.org\/index.php?rest_route=%2Fwp%2Fv2%2Fmedia&parent=2509"}],"wp:term":[{"taxonomy":"category","embeddable":true,"href":"https:\/\/lelaboratoireanarchiste.noblogs.org\/index.php?rest_route=%2Fwp%2Fv2%2Fcategories&post=2509"},{"taxonomy":"post_tag","embeddable":true,"href":"https:\/\/lelaboratoireanarchiste.noblogs.org\/index.php?rest_route=%2Fwp%2Fv2%2Ftags&post=2509"}],"curies":[{"name":"wp","href":"https:\/\/api.w.org\/{rel}","templated":true}]}}