{"id":2497,"date":"2015-07-24T09:12:38","date_gmt":"2015-07-24T07:12:38","guid":{"rendered":"http:\/\/lelaboratoireanarchiste.noblogs.org\/?p=2497"},"modified":"2015-07-24T09:46:44","modified_gmt":"2015-07-24T07:46:44","slug":"lyon-appel-a-solidarite-de-nos-compagnons-de-linitiative-anarchiste-de-turquie","status":"publish","type":"post","link":"https:\/\/lelaboratoireanarchiste.noblogs.org\/?p=2497","title":{"rendered":"[Lyon] Appel \u00e0 solidarit\u00e9 de nos compagnons de l\u2019Initiative Anarchiste de Turquie"},"content":{"rendered":"<p>La r\u00e9pression qui frappe aujourd&rsquo;hui en Turquie contre les jeunes kurdes qui se battent apr\u00e8s l&rsquo;<a href=\"https:\/\/lelaboratoireanarchiste.noblogs.org\/post\/2015\/07\/22\/massacre-a-suruc-kurdistan-de-turquie\" title=\"Turquie] Massacre \u00e0 Suru\u00e7 (mise \u00e0 jour )\">attaque fasciste perp\u00e9t\u00e9 \u00e0 Suru\u00e7<\/a> L&rsquo;\u00e9tat turque met sur le m\u00eame plan les militants kurdes avec les fascistes de Daesh.Les \u00e9meutier-e-s qui ont attaqu\u00e9 la police \u00e0 Istambul , Ankara, Izmir sont dans les objectifs de r\u00e9pression de la police turc.<\/p>\n<p>Appel \u00e0 solidarit\u00e9 de nos compagnons de l\u2019Initiative Anarchiste de Turquie, dont<strong> 2 de leurs fr\u00e8res, Alper SAPAN, et Evrim deniz EROL, respectivement 19 et 18 ans, sont tomb\u00e9s dans l\u2019attentat de Soru\u00e7 !<br \/>\n<\/strong><br \/>\n    Le 20 juillet 2015, au moins 32 personnes, dont certains de nos camarades anarchistes, partis \u00e0 Suru\u00e7 pour la reconstruction de Koban\u00ea, ont \u00e9t\u00e9 tu\u00e9s dans l\u2019attaque d\u2019un kamikaze membre de l\u2019ISIS.<br \/>\n    La R\u00e9publique Turc continue sournoisement \u00e0 soutenir l\u2019ISIS. Nous allons continuer notre lutte afin de les emp\u00eacher d\u2019agir de quelque fa\u00e7on que ce soit.<br \/>\n    <strong>Nous appelons les anarchiste du monde entier &#8230;<br \/>\n<\/strong><br \/>\n    Le 26 juillet \u00e0 19h pour r\u00e9pandre notre col\u00e8re et notre r\u00e9volte devant les consulats et ambassades de la R\u00e9publique de Turquie o\u00f9 que vous vous trouviez !<\/p>\n<p>Le consulat de Turquie de Lyon se trouve 87 Rue de S\u00e8ze, 69006 Lyon<br \/>\nRassemblement dimanche 26 \u00e0 partir de 19h.<br \/>\n <a href=\"http:\/\/rebellyon.info\/Appel-a-solidarite-de-nos-compagnons-de-l.html\" title=\"Appel \u00e0 solidarit\u00e9 de nos compagnons de l\u2019Initiative Anarchiste de Turquie\">lu sur rebellyon.infos<\/a><\/p>\n","protected":false},"excerpt":{"rendered":"<p>La r\u00e9pression qui frappe aujourd&rsquo;hui en Turquie contre les jeunes kurdes qui se battent apr\u00e8s l&rsquo;attaque fasciste perp\u00e9t\u00e9 \u00e0 Suru\u00e7 L&rsquo;\u00e9tat turque met sur le m\u00eame plan les militants kurdes avec les fascistes de Daesh.Les \u00e9meutier-e-s qui ont attaqu\u00e9 la police \u00e0 Istambul , Ankara, Izmir sont dans les objectifs de r\u00e9pression de la police [&hellip;]<\/p>\n","protected":false},"author":7964,"featured_media":0,"comment_status":"closed","ping_status":"closed","sticky":false,"template":"","format":"standard","meta":{"footnotes":""},"categories":[1],"tags":[],"class_list":["post-2497","post","type-post","status-publish","format-standard","hentry","category-general"],"_links":{"self":[{"href":"https:\/\/lelaboratoireanarchiste.noblogs.org\/index.php?rest_route=\/wp\/v2\/posts\/2497","targetHints":{"allow":["GET"]}}],"collection":[{"href":"https:\/\/lelaboratoireanarchiste.noblogs.org\/index.php?rest_route=\/wp\/v2\/posts"}],"about":[{"href":"https:\/\/lelaboratoireanarchiste.noblogs.org\/index.php?rest_route=\/wp\/v2\/types\/post"}],"author":[{"embeddable":true,"href":"https:\/\/lelaboratoireanarchiste.noblogs.org\/index.php?rest_route=\/wp\/v2\/users\/7964"}],"replies":[{"embeddable":true,"href":"https:\/\/lelaboratoireanarchiste.noblogs.org\/index.php?rest_route=%2Fwp%2Fv2%2Fcomments&post=2497"}],"version-history":[{"count":5,"href":"https:\/\/lelaboratoireanarchiste.noblogs.org\/index.php?rest_route=\/wp\/v2\/posts\/2497\/revisions"}],"predecessor-version":[{"id":2502,"href":"https:\/\/lelaboratoireanarchiste.noblogs.org\/index.php?rest_route=\/wp\/v2\/posts\/2497\/revisions\/2502"}],"wp:attachment":[{"href":"https:\/\/lelaboratoireanarchiste.noblogs.org\/index.php?rest_route=%2Fwp%2Fv2%2Fmedia&parent=2497"}],"wp:term":[{"taxonomy":"category","embeddable":true,"href":"https:\/\/lelaboratoireanarchiste.noblogs.org\/index.php?rest_route=%2Fwp%2Fv2%2Fcategories&post=2497"},{"taxonomy":"post_tag","embeddable":true,"href":"https:\/\/lelaboratoireanarchiste.noblogs.org\/index.php?rest_route=%2Fwp%2Fv2%2Ftags&post=2497"}],"curies":[{"name":"wp","href":"https:\/\/api.w.org\/{rel}","templated":true}]}}