{"id":2495,"date":"2015-07-23T18:41:40","date_gmt":"2015-07-23T16:41:40","guid":{"rendered":"http:\/\/lelaboratoireanarchiste.noblogs.org\/?p=2495"},"modified":"2015-07-23T18:42:11","modified_gmt":"2015-07-23T16:42:11","slug":"italie-apres-genes-2001-solidarite-avec-les-prisonnier-e-s-de-la-guerre-sociale","status":"publish","type":"post","link":"https:\/\/lelaboratoireanarchiste.noblogs.org\/?p=2495","title":{"rendered":"[ Italie] Apr\u00e8s G\u00eanes 2001 SOLIDARIT\u00c9 AVEC LES PRISONNIER-E-S DE LA GUERRE SOCIALE"},"content":{"rendered":"<p>SOLIDARIT\u00c9 AVEC LES PRISONNIER-E-S DE LA GUERRE SOCIALE<br \/>\n<strong>Le vendredi 20 juillet 2001, Carlo Giuliani est tu\u00e9 par la police \u00e0 G\u00eanes<\/strong><\/p>\n<p><a href=\"http:\/\/cettesemaine.info\/breves\/spip.php?article195\" title=\"Une centaine d\u2019ann\u00e9es de prison confirm\u00e9e en cassation contre 10 \u00e9meutiers du contre-sommet de G\u00eanes en juillet 2001\">le 13 juillet 2012<\/a>, la Cour de Cassation de Rome a rendu son arr\u00eat contre dix manifestants arr\u00eat\u00e9s \u00e0 G\u00eanes, lors du contre-sommet du G8 des 20 et 21 juillet 2001. Elle a confirm\u00e9 leur condamnation pour \u00ab d\u00e9vastation \u00bb et \u00ab pillage \u00bb, avec des peines de six \u00e0 quinze ans de prison (l\u00e9g\u00e8rement r\u00e9duites par rapport \u00e0 celles prononc\u00e9es par la Cour d\u2019Appel de G\u00eanes du 9 octobre 2009).<br \/>\nD\u2019un autre c\u00f4t\u00e9, le verdict d\u2019appel de G\u00eanes d\u2019octobre 2009 devient ex\u00e9cutoire contre les 5 derniers camarades, ce qui signifie leur incarc\u00e9ration imm\u00e9diate. Ce sont les plus lourdement condamn\u00e9s, ceux accus\u00e9s d\u2019une partie des attaques du Black Bloc. Il s\u2019agit de Francesco Puglisi (14 ans), Vincenzo Vecchi (12 ans et 6 mois), Marina Cugnaschi (11 ans et 6 mois), Alberto Funaro (10 ans) et Ines Morasca (6 ans et 6 mois).<\/p>\n<p>Marina Cugnascho et Francesco Puglisi, condamn\u00e9es pour \u00eatre des blaks bloc sont toujours en prison.<br \/>\nExprimons notre solidarit\u00e9 en \u00e9crivant \u00e0 Marina et Gimmy molotov :<br \/>\nMarina Cugnaschi<br \/>\nc\/o C.R. di Bollate &#8211; Via Cristina Belgioioso 120<br \/>\n20157 Milano<br \/>\nFrancesco Puglisi<br \/>\nC.C. di Rebibbia Nuovo Complesso (G9 cella 9 &#8211; piano 2 sezione c)<br \/>\nVia Raffaele Majetti 70<br \/>\n00156 Roma<\/p>\n","protected":false},"excerpt":{"rendered":"<p>SOLIDARIT\u00c9 AVEC LES PRISONNIER-E-S DE LA GUERRE SOCIALE Le vendredi 20 juillet 2001, Carlo Giuliani est tu\u00e9 par la police \u00e0 G\u00eanes le 13 juillet 2012, la Cour de Cassation de Rome a rendu son arr\u00eat contre dix manifestants arr\u00eat\u00e9s \u00e0 G\u00eanes, lors du contre-sommet du G8 des 20 et 21 juillet 2001. Elle a [&hellip;]<\/p>\n","protected":false},"author":7964,"featured_media":0,"comment_status":"closed","ping_status":"closed","sticky":false,"template":"","format":"standard","meta":{"footnotes":""},"categories":[1],"tags":[],"class_list":["post-2495","post","type-post","status-publish","format-standard","hentry","category-general"],"_links":{"self":[{"href":"https:\/\/lelaboratoireanarchiste.noblogs.org\/index.php?rest_route=\/wp\/v2\/posts\/2495","targetHints":{"allow":["GET"]}}],"collection":[{"href":"https:\/\/lelaboratoireanarchiste.noblogs.org\/index.php?rest_route=\/wp\/v2\/posts"}],"about":[{"href":"https:\/\/lelaboratoireanarchiste.noblogs.org\/index.php?rest_route=\/wp\/v2\/types\/post"}],"author":[{"embeddable":true,"href":"https:\/\/lelaboratoireanarchiste.noblogs.org\/index.php?rest_route=\/wp\/v2\/users\/7964"}],"replies":[{"embeddable":true,"href":"https:\/\/lelaboratoireanarchiste.noblogs.org\/index.php?rest_route=%2Fwp%2Fv2%2Fcomments&post=2495"}],"version-history":[{"count":1,"href":"https:\/\/lelaboratoireanarchiste.noblogs.org\/index.php?rest_route=\/wp\/v2\/posts\/2495\/revisions"}],"predecessor-version":[{"id":2496,"href":"https:\/\/lelaboratoireanarchiste.noblogs.org\/index.php?rest_route=\/wp\/v2\/posts\/2495\/revisions\/2496"}],"wp:attachment":[{"href":"https:\/\/lelaboratoireanarchiste.noblogs.org\/index.php?rest_route=%2Fwp%2Fv2%2Fmedia&parent=2495"}],"wp:term":[{"taxonomy":"category","embeddable":true,"href":"https:\/\/lelaboratoireanarchiste.noblogs.org\/index.php?rest_route=%2Fwp%2Fv2%2Fcategories&post=2495"},{"taxonomy":"post_tag","embeddable":true,"href":"https:\/\/lelaboratoireanarchiste.noblogs.org\/index.php?rest_route=%2Fwp%2Fv2%2Ftags&post=2495"}],"curies":[{"name":"wp","href":"https:\/\/api.w.org\/{rel}","templated":true}]}}