{"id":2452,"date":"2015-07-19T08:40:31","date_gmt":"2015-07-19T06:40:31","guid":{"rendered":"http:\/\/lelaboratoireanarchiste.noblogs.org\/?p=2452"},"modified":"2015-07-19T15:49:41","modified_gmt":"2015-07-19T13:49:41","slug":"aveyron-saint-victor-et-melvieu-fete-du-vent-le-28-29-30-aout-2015","status":"publish","type":"post","link":"https:\/\/lelaboratoireanarchiste.noblogs.org\/?p=2452","title":{"rendered":"(Aveyron) Saint  -victor- et- Melvieu.   F\u00eate du vent ( le  week end du 28, 29, 30 aout 2015)"},"content":{"rendered":"<p>note : <\/p>\n<blockquote><p>nous relayons cette information d&rsquo;une lutte en cours en Aveyron . Un lieu de lutte l&rsquo;ambassada, des informations <a href=\"https:\/\/notht05.noblogs.org\/post\/2015\/07\/04\/rendez-vous-de-lete-dans-la-vallee-et-ailleurs\" title=\"En Haute Durance et ailleurs contre la THT, le nucl\u00e9aire et son monde\">ici<\/a><\/p>\n<p>Le<strong> projet (de RTE<\/strong>) : construction d\u2019un m\u00e9ga-transformateur qui permettrait de r\u00e9colter l\u2019\u00e9lectricit\u00e9 produite par les parcs \u00e9oliens des environs pour l\u2019envoyer \u00e0 des milliers de kilom\u00e8tres.<\/p>\n<p>Le projet (de <a href=\"https:\/\/douze.noblogs.org\/\" title=\" L'AMASSADA \">l\u2019Ambassada<\/a>) : organisation de la Grande F\u00eate du Vent les 28, 29 et 30 ao\u00fbt \u00e0 Saint-Victor-et-Melvieu (12) sur le site pr\u00e9vu par RTE pour le m\u00e9ga-transformateur aux 1000 \u00e9oliennes.<\/p>\n<p>Depuis quelques ann\u00e9es des promoteurs sans scrupules r\u00f4dent dans nos venteuses contr\u00e9es rouergates. Ces bonimenteurs cherchent par tous les moyens \u00e0 nous faire avaler jusqu\u2019\u00e0 la lie leurs milliers d\u2019\u00e9oliennes industrielles, seule valorisation possible selon eux de cette intarissable \u00e9nergie qu\u2019est le vent.<br \/>\n\u00c0 l\u2019inverse, les habitants de ce territoire ont de tout temps tiss\u00e9 avec ce souffle et l\u2019ensemble des \u00e9l\u00e9ments un savant m\u00e9lange de connaissances, de savoir-faire et d\u2019imaginaires. C\u2019est ce riche h\u00e9ritage et ces nombreux prolongements que nous allons faire vivre et c\u00e9l\u00e9brer en cette fin d\u2019\u00e9t\u00e9 2015.<\/p>\n<p><strong>Car un territoire ne se d\u00e9fend que depuis la richesse des mani\u00e8res dont on l\u2019habite.<\/strong><br \/>\n il y a une <a href=\"https:\/\/www.infokiosques.net\/spip.php?article933\" title=\"Le vent nous porte sur le syst\u00e8me ...ou comment \u00eatre anti-nucl\u00e9aire sans devenir pro-\u00e9olien\">brochure<\/a> qui permettra de comprendre notre point de vue contre ces \u00e9oliennes industriels. Un point de vue tr\u00e8s utile car deux parcs \u00e9olienssu<a href=\"https:\/\/fr.wikipedia.org\/wiki\/Plateau_de_Chambaran\" title=\"Plateau de Chambaran\">rle plateau Chambaran<\/a> \u00e0  Mont mirail soit(8) et \u00e0 Montrigaud soit (12) vont \u00eatre construit. Notre point de vue contre ces \u00e9nergies renouvelables est largement renforcer dans le livre : les illusions renouvelables de Jos\u00e9 Ardillo<br \/>\n<strong>Programme provisoire.<\/strong><\/p>\n<p><strong>Vendredi 28 ao\u00fbt<\/strong><\/p>\n<p>18H. Au village de Saint-Victor.<\/p>\n<p>Marche d\u2019ouverture de la f\u00eate du vent. Nous d\u00e9ambulerons en musique et en chansons du village jusqu\u2019au site de la Plaine o\u00f9 RTE voudrait implanter son transformateur aux mille \u00e9oliennes. Ap\u00e9ritif et repas \u00e0 l\u2019Amassada.<\/p>\n<p><strong>Samedi 29 ao\u00fbt<\/strong><\/p>\n<p>10h30. Salle des f\u00eates. \u00ab Agir ensemble pour stopper l\u2019invasion. \u00bb<\/p>\n<p>Assembl\u00e9e avec toutes les associations, groupes, collectifs et individus qui luttent contre les \u00e9oliennes industrielles. Discussion sur les strat\u00e9gies \u00e0 employer et les actions \u00e0 mener pour l\u2019ann\u00e9e qui vient. \u00c0 midi inauguration de la maquette, une construction qui mod\u00e9lise les implantations d\u2019\u00e9oliennes industrielles de notre r\u00e9gion.<\/p>\n<p>10h30. Amassada. Assemblage d\u2019une \u00e9olienne auto-construite. Initiation \u00e0 la construction et au fonctionnement de ces machines.<\/p>\n<p>12h30 Repas \u00e0 l\u2019Amassada.<\/p>\n<p>14h00. Amassada. Montage et inauguration de l\u2019\u00e9olienne auto-construite.<\/p>\n<p>15h00. Conf\u00e9rence sur le transformateur de Saint-Victor et le r\u00e9seau d\u2019RTE. T\u00e9moignages : la vie sous les \u00e9oliennes industrielles.<\/p>\n<p>16h00. Nombreuses tables rondes. Tout savoir sur les compteurs Linky. L\u2019effet des \u00e9oliennes industrielles sur les oiseaux. Les moulins \u00e0 eau et l\u2019\u00e9nergie hydraulique en Aveyron. Lutter contre de grandes infrastructures depuis un territoire : les mouvement ZAD et No TAV\u2026<\/p>\n<p>18h00. Cl\u00f4ture des tables rondes. \u00c0 la salle des f\u00eate. La lutte de Saint-Victor : quelles \u00e9ch\u00e9ances dans les mois qui viennent ?<\/p>\n<p>18h30. D\u00e9but de soir\u00e9e. Spectacles, fanfares et ap\u00e9ritif.<\/p>\n<p>20h00. Repas \u00e0 la salle des f\u00eates.<\/p>\n<p>22h00. Concerts.<\/p>\n<p><strong>Dimanche 30 ao\u00fbt.<\/strong><\/p>\n<p>10h30. Dans le village. Lecture de textes et de contes autour du vent et du territoire. En fran\u00e7ais et en occitan.<\/p>\n<p>12h00. Repas<\/p>\n<p>14h00. Grande assembl\u00e9e des luttes territoriales.<\/p>\n<p>\u00c0 la nuit tomb\u00e9e : cin\u00e9ma en plein air.<\/p>\n<p>Tout le week-end des fils rouges sur le site de l\u2019Amassada.<\/p>\n<p>\u2013 Apprendre \u00e0 construire en pierre s\u00e8che<\/p>\n<p>\u2013 Un barnum jeux anim\u00e9 par l\u2019association \u00ab Crayons de couleur \u00bb pour petits et grands. Courses de petites voiture \u00e0 \u00e9nergie \u00e9olienne.<\/p>\n<p>\u2013 Initiation au gonflage de voile de parapente<\/p>\n<p>\u2013 Concours de cerfs-volants<\/p>\n<p>\u2013 Camping sur le site<\/p>\n","protected":false},"excerpt":{"rendered":"<p>note : nous relayons cette information d&rsquo;une lutte en cours en Aveyron . Un lieu de lutte l&rsquo;ambassada, des informations ici Le projet (de RTE) : construction d\u2019un m\u00e9ga-transformateur qui permettrait de r\u00e9colter l\u2019\u00e9lectricit\u00e9 produite par les parcs \u00e9oliens des environs pour l\u2019envoyer \u00e0 des milliers de kilom\u00e8tres. Le projet (de l\u2019Ambassada) : organisation de [&hellip;]<\/p>\n","protected":false},"author":7964,"featured_media":0,"comment_status":"closed","ping_status":"closed","sticky":false,"template":"","format":"standard","meta":{"footnotes":""},"categories":[1],"tags":[],"class_list":["post-2452","post","type-post","status-publish","format-standard","hentry","category-general"],"_links":{"self":[{"href":"https:\/\/lelaboratoireanarchiste.noblogs.org\/index.php?rest_route=\/wp\/v2\/posts\/2452","targetHints":{"allow":["GET"]}}],"collection":[{"href":"https:\/\/lelaboratoireanarchiste.noblogs.org\/index.php?rest_route=\/wp\/v2\/posts"}],"about":[{"href":"https:\/\/lelaboratoireanarchiste.noblogs.org\/index.php?rest_route=\/wp\/v2\/types\/post"}],"author":[{"embeddable":true,"href":"https:\/\/lelaboratoireanarchiste.noblogs.org\/index.php?rest_route=\/wp\/v2\/users\/7964"}],"replies":[{"embeddable":true,"href":"https:\/\/lelaboratoireanarchiste.noblogs.org\/index.php?rest_route=%2Fwp%2Fv2%2Fcomments&post=2452"}],"version-history":[{"count":11,"href":"https:\/\/lelaboratoireanarchiste.noblogs.org\/index.php?rest_route=\/wp\/v2\/posts\/2452\/revisions"}],"predecessor-version":[{"id":2463,"href":"https:\/\/lelaboratoireanarchiste.noblogs.org\/index.php?rest_route=\/wp\/v2\/posts\/2452\/revisions\/2463"}],"wp:attachment":[{"href":"https:\/\/lelaboratoireanarchiste.noblogs.org\/index.php?rest_route=%2Fwp%2Fv2%2Fmedia&parent=2452"}],"wp:term":[{"taxonomy":"category","embeddable":true,"href":"https:\/\/lelaboratoireanarchiste.noblogs.org\/index.php?rest_route=%2Fwp%2Fv2%2Fcategories&post=2452"},{"taxonomy":"post_tag","embeddable":true,"href":"https:\/\/lelaboratoireanarchiste.noblogs.org\/index.php?rest_route=%2Fwp%2Fv2%2Ftags&post=2452"}],"curies":[{"name":"wp","href":"https:\/\/api.w.org\/{rel}","templated":true}]}}