{"id":2450,"date":"2015-07-18T19:35:34","date_gmt":"2015-07-18T17:35:34","guid":{"rendered":"http:\/\/lelaboratoireanarchiste.noblogs.org\/?p=2450"},"modified":"2015-07-18T19:35:34","modified_gmt":"2015-07-18T17:35:34","slug":"massat-ariege-le-tour-de-france-deja-creve","status":"publish","type":"post","link":"https:\/\/lelaboratoireanarchiste.noblogs.org\/?p=2450","title":{"rendered":"Massat (Ari\u00e8ge) : le Tour de France d\u00e9j\u00e0 crev\u00e9"},"content":{"rendered":"<p><strong>Vandalisme : des milliers de clous r\u00e9pandus sur la route du Tour<\/strong><\/p>\n<p>La D\u00e9p\u00eache, 16\/07\/2015 \u00e0 08:27<\/p>\n<p><strong>Une grande quantit\u00e9 de clous de tapissier a \u00e9t\u00e9 m\u00e9thodiquement r\u00e9pandue hier, en tout d\u00e9but d\u2019apr\u00e8s-midi, sur la route du Tour, dans la mont\u00e9e du port de Lers, apr\u00e8s Massat, et dans la descente vers Vicdessos. Des milliers de clous, selon diff\u00e9rents t\u00e9moignages recueillis sur place aupr\u00e8s des passionn\u00e9s du Tour de France comme aupr\u00e8s d\u2019agents des services des routes du conseil d\u00e9partemental<\/strong>.<\/p>\n<p>\u00ab Les clous, ils ont \u00e9t\u00e9 r\u00e9pandus par l\u00e0-bas, croit savoir l\u2019occupante d\u2019un camping-car \u00e9pargn\u00e9 par les crevaisons, d\u00e9signant le d\u00e9but de la descente vers Vicdessos. J\u2019ai vu les gendarmes, ils en ramass\u00e9 plein \u00bb. Mais sur place, l\u2019une des victimes, venue de Toulouse avec son camping-car, explique qu\u2019il est arriv\u00e9 par\u2026 Massat. Plusieurs conducteurs confirment : ils ont bien rencontr\u00e9 les clous dans cette partie du col. De leur c\u00f4t\u00e9, les agents du conseil d\u00e9partemental ont \u00e9galement trouv\u00e9 des clous dans la descente : \u00ab Jusqu\u2019\u00e0 Vicdessos \u00bb, pr\u00e9cise l\u2019un d\u2019eux.<strong> Des deux c\u00f4t\u00e9s du col, finalement.<\/strong><\/p>\n<p><strong>Des camping-caristes, des cyclistes venus se frotter \u00e0 ce col class\u00e9 en premi\u00e8re cat\u00e9gorie, et m\u00eame des gendarmes de la Garde R\u00e9publicaine, selon nos informations figurent parmi les victimes.<\/strong><\/p>\n<p>\u00ab Je suis furieux, confie un camping-cariste. J\u2019ai trois pneus endommag\u00e9s. Il faut que j\u2019arrive \u00e0 me faire d\u00e9panner. Je ne comprends pas ceux qui ont fait \u00e7a \u00bb. Un second ajoute : \u00ab Pourquoi on s\u2019en prend \u00e0 nous ? Nous ne sommes pas d\u2019ici, mais on participe \u00e0 l\u2019\u00e9conomie locale. On s\u2019est arr\u00eat\u00e9 \u00e0 Massat en arrivant pour faire les courses \u00bb.<\/p>\n<p>Hier, une enqu\u00eate a \u00e9t\u00e9 ouverte sur cet acte de vandalisme survenu \u00e0 quelques heures du passage du Tour. Les gendarmes ont \u00e9t\u00e9 vus dans les environs du col \u00e0 plusieurs reprises. Mais, comme en 2012, l\u2019enqu\u00eate promet d\u2019\u00eatre compliqu\u00e9e.<\/p>\n<p><a href=\"http:\/\/cettesemaine.info\/spip\/article.php3_id_article=5158.html\" title=\"Col de P\u00e9gu\u00e8re (Limoux) : si j\u2019suis tomb\u00e9 par terre, c\u2019est la faute au tapissier !\">C\u2019est la seconde fois qu\u2019en Ari\u00e8ge, des clous sont r\u00e9pandus sur la chauss\u00e9e \u00e0 l\u2019occasion du passage du Tour. En 2012, d\u00e9j\u00e0, des clous de tapissier avaient \u00e9t\u00e9 dispers\u00e9s sur la route du col de P\u00e9gu\u00e8re, entre le passage de la caravane et l\u2019arriv\u00e9e des coureurs, d\u00e9clenchant une s\u00e9rie de crevaisons et de chutes parfois graves. L\u2019enqu\u00eate n\u2019a pas permis d\u2019identifier les auteurs de ce premier acte de vandalisme.<\/a><\/p>\n<p>Hier, les \u00e9quipes du conseil d\u00e9partemental ont effectu\u00e9 plusieurs passages avec une balayeuse pour s\u00e9curiser la route. L\u2019inqui\u00e9tude, \u00e0 quelques heures de l\u2019arriv\u00e9e du Tour, \u00e9tait palpable.<\/p>\n<p>source <a href=\"http:\/\/cettesemaine.info\/breves\/spip.php?article1119&amp;lang=fr\" title=\"Massat (Ari\u00e8ge) : le Tour de France d\u00e9j\u00e0 crev\u00e9\">br\u00e8ve du d\u00e9sordre<\/a><\/p>\n","protected":false},"excerpt":{"rendered":"<p>Vandalisme : des milliers de clous r\u00e9pandus sur la route du Tour La D\u00e9p\u00eache, 16\/07\/2015 \u00e0 08:27 Une grande quantit\u00e9 de clous de tapissier a \u00e9t\u00e9 m\u00e9thodiquement r\u00e9pandue hier, en tout d\u00e9but d\u2019apr\u00e8s-midi, sur la route du Tour, dans la mont\u00e9e du port de Lers, apr\u00e8s Massat, et dans la descente vers Vicdessos. Des milliers [&hellip;]<\/p>\n","protected":false},"author":7964,"featured_media":0,"comment_status":"closed","ping_status":"closed","sticky":false,"template":"","format":"standard","meta":{"footnotes":""},"categories":[1],"tags":[],"class_list":["post-2450","post","type-post","status-publish","format-standard","hentry","category-general"],"_links":{"self":[{"href":"https:\/\/lelaboratoireanarchiste.noblogs.org\/index.php?rest_route=\/wp\/v2\/posts\/2450","targetHints":{"allow":["GET"]}}],"collection":[{"href":"https:\/\/lelaboratoireanarchiste.noblogs.org\/index.php?rest_route=\/wp\/v2\/posts"}],"about":[{"href":"https:\/\/lelaboratoireanarchiste.noblogs.org\/index.php?rest_route=\/wp\/v2\/types\/post"}],"author":[{"embeddable":true,"href":"https:\/\/lelaboratoireanarchiste.noblogs.org\/index.php?rest_route=\/wp\/v2\/users\/7964"}],"replies":[{"embeddable":true,"href":"https:\/\/lelaboratoireanarchiste.noblogs.org\/index.php?rest_route=%2Fwp%2Fv2%2Fcomments&post=2450"}],"version-history":[{"count":1,"href":"https:\/\/lelaboratoireanarchiste.noblogs.org\/index.php?rest_route=\/wp\/v2\/posts\/2450\/revisions"}],"predecessor-version":[{"id":2451,"href":"https:\/\/lelaboratoireanarchiste.noblogs.org\/index.php?rest_route=\/wp\/v2\/posts\/2450\/revisions\/2451"}],"wp:attachment":[{"href":"https:\/\/lelaboratoireanarchiste.noblogs.org\/index.php?rest_route=%2Fwp%2Fv2%2Fmedia&parent=2450"}],"wp:term":[{"taxonomy":"category","embeddable":true,"href":"https:\/\/lelaboratoireanarchiste.noblogs.org\/index.php?rest_route=%2Fwp%2Fv2%2Fcategories&post=2450"},{"taxonomy":"post_tag","embeddable":true,"href":"https:\/\/lelaboratoireanarchiste.noblogs.org\/index.php?rest_route=%2Fwp%2Fv2%2Ftags&post=2450"}],"curies":[{"name":"wp","href":"https:\/\/api.w.org\/{rel}","templated":true}]}}