{"id":2421,"date":"2015-07-15T17:29:34","date_gmt":"2015-07-15T15:29:34","guid":{"rendered":"http:\/\/lelaboratoireanarchiste.noblogs.org\/?p=2421"},"modified":"2015-07-15T17:32:03","modified_gmt":"2015-07-15T15:32:03","slug":"vaulx-en-velinvenissieux-lyon-barricades-enflammees-mortiers-et-grenade-contre-le-comico","status":"publish","type":"post","link":"https:\/\/lelaboratoireanarchiste.noblogs.org\/?p=2421","title":{"rendered":"Vaulx-en-Velin\/Venissieux (Lyon) : barricades enflamm\u00e9es, mortiers et grenade contre le comico"},"content":{"rendered":"<p><strong>voitures br\u00fbl\u00e9es, tirs de mortiers contre la police : Vaulx-en-Velin s\u2019embrase un peu plus<\/strong><\/p>\n<p>Lyon Mag, 14-07-2015 \u00e0 06:40<\/p>\n<p>Apr\u00e8s une fin de week-end marqu\u00e9e par des affrontements entre Vaudais et policiers\/pompiers, la nuit de lundi \u00e0 mardi a de nouveau \u00e9t\u00e9 le th\u00e9\u00e2tre de d\u00e9bordements.<\/p>\n<p><strong>Vaulx-en-Velin s\u2019est embras\u00e9e, plus de 5 voitures ont \u00e9t\u00e9 incendi\u00e9es et des barricades, elles aussi enflamm\u00e9es, ont \u00e9t\u00e9 dress\u00e9es sur diff\u00e9rents axes pour ralentir voire emp\u00eacher l\u2019intervention des secours<\/strong>. Selon nos informations, aucun bless\u00e9 ne serait \u00e0 d\u00e9plorer.<strong> Huit personnes ont \u00e9t\u00e9 interpell\u00e9es parmi les groupes qui tiraient au mortier sur les policiers.<\/strong><br \/>\nUn important dispositif avait pourtant \u00e9t\u00e9 d\u00e9ploy\u00e9 au Carr\u00e9 de Soie o\u00f9 \u00e9tait tir\u00e9 le feu d\u2019artifice lundi soir.<\/p>\n<p>La veille, la maire PS de Vaulx-en-Velin avait r\u00e9clam\u00e9 ces renforts de police \u00e0 l\u2019occasion du 14 juillet, expliquant dans un communiqu\u00e9 avoir re\u00e7u l\u2019assurance de la part du pr\u00e9fet du Rh\u00f4ne que \u00ab\u00a0les forces de l\u2019ordre seraient en nombre important ce (lundi) soir et les jours suivants pour faire face aux \u00e9ventuels d\u00e9bordements\u00a0\u00bb.<br \/>\nH\u00e9l\u00e8ne Geoffroy a par ailleurs reconnu que sa ville devait \u00ab\u00a0commencer \u00e0 combler en partie le retard accumul\u00e9 par la commune ces derni\u00e8res ann\u00e9es en mati\u00e8re de pr\u00e9vention et de r\u00e9pression de la d\u00e9linquance\u00a0\u00bb.<\/p>\n<p><strong>Pour rappel, dans la nuit de dimanche \u00e0 lundi, les pompiers et les policiers avaient \u00e9t\u00e9 victimes de jets de pierre et de tirs de mortiers. Une grenade \u00e0 pl\u00e2tre avait m\u00eame \u00e9t\u00e9 lanc\u00e9e contre le commissariat de l\u2019avenue George Dimitrov, n\u00e9cessitant l\u2019intervention des d\u00e9mineurs.<\/strong><\/p>\n<p><strong><br \/>\nV\u00e9nissieux : le magasin Dia en partie incendi\u00e9<\/strong><\/p>\n<p>Lyon Mag, 14-07-2015 \u00e0 08:23<\/p>\n<p>En marge des affrontements entre jeunes et policiers \u00e0 Vaulx-en-Velin, les pompiers ont \u00e9galement du intervenir \u00e0 V\u00e9nissieux dans la nuit de lundi \u00e0 mardi.<\/p>\n<p>Le magasin Dia du 19 avenue Jean Cagne a \u00e9t\u00e9 la cible d\u2019un incendie probablement d\u2019origine criminelle. Selon le SDIS 69, seule la facade a \u00e9t\u00e9 atteinte par les flammes et l\u2019intervention rapide des soldats du feu a permis de venir \u00e0 bout du sinistre. Les d\u00e9g\u00e2ts restent \u00e0 estimer mais Dia devrait pouvoir rouvrir rapidement ses portes.<\/p>\n<p><strong>Rh\u00f4ne : Plusieurs interpellations dans l\u2019Est Lyonnais apr\u00e8s une s\u00e9rie de d\u00e9bordements<br \/>\n<\/strong><br \/>\n20Minutes, 14.07.2015 \u00e0 12:59<\/p>\n<p>Le gros dispositif de s\u00e9curit\u00e9 d\u00e9ploy\u00e9 sur l\u2019agglom\u00e9ration pour \u00e9viter les d\u00e9bordements habituels des 13 et 14 juillet n\u2019a pas emp\u00each\u00e9 les incidents. Dans la nuit de lundi \u00e0 mardi, huit personnes auraient \u00e9t\u00e9 interpell\u00e9es pour des violences urbaines, selon l\u2019AFP, perp\u00e9tr\u00e9es essentiellement dans l\u2019Est Lyonnais. Apr\u00e8s deux nuits tr\u00e8s tendues \u00e0 Vaulx-en-Velin, o\u00f9 ce week-end, les pompiers et policiers intervenant pour des feux de mobilier urbain, ont \u00e9t\u00e9 la cible de jets de projectiles et de tirs de mortiers d\u2019artifices, la soir\u00e9e de lundi a de nouveau \u00e9t\u00e9 perturb\u00e9e.<br \/>\n<strong><br \/>\nAffrontements et v\u00e9hicules incendi\u00e9s<\/strong><\/p>\n<p><strong>A Vaulx-en-Velin<\/strong>, des affrontements ont oppos\u00e9 des groupes de jeunes aux forces de l\u2019ordre et de multiples d\u00e9gradations ont \u00e9t\u00e9 commises la nuit pass\u00e9e, au cours de laquelle plusieurs communes voisines de Lyon avaient choisi de f\u00eater le 14 juillet avant l\u2019heure.<\/p>\n<p><strong>A V\u00e9nissieux<\/strong>, la soir\u00e9e a \u00e9galement d\u00e9bord\u00e9. \u00ab Toute l\u2019agglom\u00e9ration a \u00e9t\u00e9 marqu\u00e9e par des agissements inadmissibles cette nuit. A V\u00e9nissieux, incendies de v\u00e9hicules, d\u00e9gradations d\u2019abribus, force de s\u00e9curit\u00e9 et de police prises pour cible et feux de broussailles, qui en cette p\u00e9riode, nous le savons, peuvent avoir des cons\u00e9quences dramatiques \u00bb, a pr\u00e9cis\u00e9 ce mardi la maire de V\u00e9nissieux Mich\u00e8le Picard, condamnant fermement, dans un communiqu\u00e9, \u00ab ces actes intol\u00e9rables \u00bb.<\/p>\n<p>Les forces de l\u2019ordre devraient de nouveau \u00eatre mobilis\u00e9es en grand nombre ce soir, la soir\u00e9e festive du 14 juillet attirant chaque ann\u00e9e des milliers de personnes dans le centre de Lyon. L\u2019Est Lyonnais sera \u00e9galement plac\u00e9 sous haute surveillance.<br \/>\nsource <a href=\"http:\/\/cettesemaine.info\/breves\/spip.php?article1114&amp;lang=fr\" title=\"Vaulx-en-Velin\/Venissieux (Lyon) : barricades enflamm\u00e9es, mortiers et grenade contre le comico\">br\u00e8ves du d\u00e9sordre<\/a><\/p>\n","protected":false},"excerpt":{"rendered":"<p>voitures br\u00fbl\u00e9es, tirs de mortiers contre la police : Vaulx-en-Velin s\u2019embrase un peu plus Lyon Mag, 14-07-2015 \u00e0 06:40 Apr\u00e8s une fin de week-end marqu\u00e9e par des affrontements entre Vaudais et policiers\/pompiers, la nuit de lundi \u00e0 mardi a de nouveau \u00e9t\u00e9 le th\u00e9\u00e2tre de d\u00e9bordements. Vaulx-en-Velin s\u2019est embras\u00e9e, plus de 5 voitures ont \u00e9t\u00e9 [&hellip;]<\/p>\n","protected":false},"author":7964,"featured_media":0,"comment_status":"closed","ping_status":"closed","sticky":false,"template":"","format":"standard","meta":{"footnotes":""},"categories":[1],"tags":[],"class_list":["post-2421","post","type-post","status-publish","format-standard","hentry","category-general"],"_links":{"self":[{"href":"https:\/\/lelaboratoireanarchiste.noblogs.org\/index.php?rest_route=\/wp\/v2\/posts\/2421","targetHints":{"allow":["GET"]}}],"collection":[{"href":"https:\/\/lelaboratoireanarchiste.noblogs.org\/index.php?rest_route=\/wp\/v2\/posts"}],"about":[{"href":"https:\/\/lelaboratoireanarchiste.noblogs.org\/index.php?rest_route=\/wp\/v2\/types\/post"}],"author":[{"embeddable":true,"href":"https:\/\/lelaboratoireanarchiste.noblogs.org\/index.php?rest_route=\/wp\/v2\/users\/7964"}],"replies":[{"embeddable":true,"href":"https:\/\/lelaboratoireanarchiste.noblogs.org\/index.php?rest_route=%2Fwp%2Fv2%2Fcomments&post=2421"}],"version-history":[{"count":3,"href":"https:\/\/lelaboratoireanarchiste.noblogs.org\/index.php?rest_route=\/wp\/v2\/posts\/2421\/revisions"}],"predecessor-version":[{"id":2424,"href":"https:\/\/lelaboratoireanarchiste.noblogs.org\/index.php?rest_route=\/wp\/v2\/posts\/2421\/revisions\/2424"}],"wp:attachment":[{"href":"https:\/\/lelaboratoireanarchiste.noblogs.org\/index.php?rest_route=%2Fwp%2Fv2%2Fmedia&parent=2421"}],"wp:term":[{"taxonomy":"category","embeddable":true,"href":"https:\/\/lelaboratoireanarchiste.noblogs.org\/index.php?rest_route=%2Fwp%2Fv2%2Fcategories&post=2421"},{"taxonomy":"post_tag","embeddable":true,"href":"https:\/\/lelaboratoireanarchiste.noblogs.org\/index.php?rest_route=%2Fwp%2Fv2%2Ftags&post=2421"}],"curies":[{"name":"wp","href":"https:\/\/api.w.org\/{rel}","templated":true}]}}