{"id":2396,"date":"2015-07-11T05:13:33","date_gmt":"2015-07-11T03:13:33","guid":{"rendered":"http:\/\/lelaboratoireanarchiste.noblogs.org\/?p=2396"},"modified":"2015-07-11T05:16:22","modified_gmt":"2015-07-11T03:16:22","slug":"chili-nouveau-coup-repressif-pour-une-attaque-incendiaire-contre-la-brigade-criminelle","status":"publish","type":"post","link":"https:\/\/lelaboratoireanarchiste.noblogs.org\/?p=2396","title":{"rendered":"[Chili] : Nouveau coup repressif pour une attaque incendiaire contre la Brigade Criminelle"},"content":{"rendered":"<p>lu et copi\u00e9 : <a href=\"http:\/\/sous-la-cendre.info\/3543\/chili-nouveau-coup-repressif-pour-une-attaque-incendiaire-contre-la-brigade-criminelle\" title=\"Chili : Nouveau coup repressif pour une attaque incendiaire contre la Brigade Criminelle\">sous la cendre<\/a><br \/>\nEn novembre 2014, un groupe de personnes cagoul\u00e9es cadenasse les portes de la Brigade Criminelle de la Police judiciaire pour lancer ensuite un grand nombre de cocktails Molotov contre le repaire policier, en plus d\u2019incendier la voiture d\u2019un flic [voir ici en espagnol, NdT]. Rapidement, les personnes masqu\u00e9es se retirent sans que les mis\u00e9rables policiers ne parviennent \u00e0 sortir de leur surprise et \u00e0 r\u00e9pondre. La journ\u00e9e s\u2019ach\u00e8ve sans aucune arrestation et l\u2019orgueil des policiers est pi\u00e9tin\u00e9 et calcin\u00e9.<\/p>\n<p>L\u2019autoproclam\u00e9e Unit\u00e9 de Force de Mission pour les D\u00e9lits Complexes de la Police Judiciaire form\u00e9e sp\u00e9cialement pour enqu\u00eater sur des attaques incendiaires et explosives, s\u2019empare de l\u2019affaire pour retrouver les auteurs de l\u2019attaque. Apr\u00e8s 7 mois d\u2019\u00ab investigations \u00bb, la police vient arr\u00eater 5 compagnon-ne-s en les accusant de participation \u00e0 l\u2019attaque incendiaire.<\/p>\n<p><strong>V\u00edctor Quijada, Felipe Rom\u00e1n, Manuel Espinoza, Natalia Alvarado et Mar\u00eda Paz Vera <\/strong>sont arr\u00eat\u00e9-e-s au matin du 2 juin dans diff\u00e9rents domiciles de Santiago pour \u00eatre men\u00e9-e-s sur l\u2019autel de la justice.<\/p>\n<p>Les compagnon-ne-s sont accus\u00e9-e-s de port d\u2019arme (cocktails Molotov) ainsi que d\u2019incendie d\u2019un lieu habit\u00e9, de plus on aurait signal\u00e9 la pr\u00e9sence d\u2019un engin explosif dans la maison d\u2019un des compagnons. Le 8e tribunal a envoy\u00e9 les compagnon-ne-s en d\u00e9tention pr\u00e9ventive. Les compagnonnes sont \u00e0 la prison de San Miguel, tandis qu\u2019on esp\u00e8re que les compagnons seront envoy\u00e9s \u00e0 la prison\/usine Santiago 1. Le tribunal a fix\u00e9 un d\u00e9lai de 45 jours pour les enqu\u00eates.<\/p>\n<p><strong>En dehors du tribunal, des ami-e-s et proches se sont affront\u00e9-e-s avec les maton-ne-s et les journalistes,<\/strong> soutenant directement leurs ami-e-s et enfants incarc\u00e9r\u00e9-e-s.<\/p>\n<p><strong>La police a affirm\u00e9 \u00eatre arriv\u00e9e \u00e0 eux gr\u00e2ce \u00e0 une emprunte digitale trouv\u00e9e sur un sac plastique laiss\u00e9 par les personnes masqu\u00e9es \u00e0 l\u2019int\u00e9rieur de l\u2019universit\u00e9 avec les v\u00eatements utilis\u00e9s pour l\u2019attaque, puis avec cette donn\u00e9e et l\u2019identification suppos\u00e9e d\u2019un des participants, ils auraient fait des \u00e9coutes t\u00e9l\u00e9phoniques qui, \u00e0 leurs oreilles et apr\u00e8s r\u00e9interpr\u00e9tation polici\u00e8re, leur auraient permis de retrouver les 4 autres personnes arr\u00eat\u00e9es. Les flics qui gardaient les 5 compagnon-ne-s ont commenc\u00e9 \u00e0 collecter des m\u00e9gots de cigarettes et des emballages de nourriture qu\u2019ils laissaient pour comparer leur ADN avec celui trouv\u00e9 sur les v\u00eatements, et avec cette comparaison ils auraient d\u00e9cid\u00e9 de les inculper<\/strong>. Cette information est celle donn\u00e9e par la police et le parquet.<\/p>\n<p>Loin de pr\u00e9tendre \u00e0 la culpabilit\u00e9 ou \u00e0 l\u2019innocence des compagnon-ne-s nous souhaitons \u00e9loigner la peur et la parano\u00efa que construisent les discours des puissants et en particulier la Police Judiciaire qui se vante de ses moyens techniques et scientifiques et ses brigades sp\u00e9cialis\u00e9es. Ses griffes et ses scientifiques parapoliciers ne pourront pas freiner le combat irr\u00e9ductible et contagieux, nous ne laisserons pas la peur et leur pr\u00e9tendue omnipr\u00e9sence freiner la solidarit\u00e9 avec les compagnon-ne-s inculp\u00e9-e-s et la haine des flics.<\/p>\n<p><strong>Nous faisons un appel ouvert \u00e0 la solidarit\u00e9 avec les compagnon-ne-s<\/strong> !<\/p>\n<p>Nous esp\u00e9rons que toute information, de solidarit\u00e9, sur la situation carc\u00e9rale ou informative puisse \u00eatre envoy\u00e9e pour pouvoir \u00eatre plus pr\u00e9cis dans l\u2019information.<\/p>\n<p><strong>Toute notre solidarit\u00e9 avec les inculp\u00e9-e-s<\/strong> !<\/p>\n<p>_<\/p>\n<p>[Traduit de l\u2019espagnol par nos soins de Publicaci\u00f3n Refractario.]<\/p>\n<p><strong>Diffusons l\u2019attaque contre le Pouvoir et tout le corps policier<\/strong><\/p>\n<p>Le 24 novembre 2014, des personnes masqu\u00e9es ont attaqu\u00e9 avec des cocktails Molotov la Brigade Criminelle de la Police Judiciaire rue Condell, en face de l\u2019Acad\u00e9mie d\u2019Humanisme Chr\u00e9tien, dans la commune de Providencia [\u00e0 Santiago, NdT]. Au cours de l\u2019attaque incendiaire, deux voitures des mis\u00e9rables policiers ont \u00e9t\u00e9 br\u00fbl\u00e9es et, selon la presse mercenaire, quelques flics ont \u00e9t\u00e9 bless\u00e9s durant l\u2019action.<\/p>\n<p>La r\u00e9ponse du Pouvoir et de son bras policier et propagandiste a \u00e9t\u00e9 de vocif\u00e9rer des menaces et de promettre vengeance contre les combattant-e-s ayant cibl\u00e9 l\u2019action et attaqu\u00e9 de front la mis\u00e9rable institution de la PJ. Dans ces moments difficiles pour la pratique insurrectionnelle, ce fut un beau geste de violence r\u00e9volutionnaire qui remplit d\u2019air et de moral nos c\u0153urs sinc\u00e8res et anarchistes.<\/p>\n<p>Pr\u00e9venant les jours pr\u00e9c\u00e9dents \u00e0 travers la presse [i], la police a concr\u00e9tis\u00e9 ses menaces, et le jeudi 2 juillet elle a arr\u00eat\u00e9 5 compagnon-ne-s suppos\u00e9ment impliqu\u00e9-e-s dans l\u2019attaque.<strong> Nous refusons cat\u00e9goriquement toute position victimisante qui parlerait de montages et de criminalisation de la contestation sociale ou du mouvement \u00e9tudiant<\/strong>. Les demandes de r\u00e9formes ne nous int\u00e9ressent pas, nous n\u2019en faisons pas partie, mais nous nous infiltrons dans ses carnavals et ses marches avec notre artillerie antiautoritaire et une attitude de combat permanent cherchant \u00e0 rompre \u00e0 tout moment la normalit\u00e9 et la paix sociale.<\/p>\n<p>L\u2019action r\u00e9volutionnaire se d\u00e9fend en radicalisant nos irr\u00e9conciliables tensions et convictions de Guerre. <strong>L\u2019action r\u00e9volutionnaire n\u2019est pas un montage, c\u2019est un coup offensif, la r\u00e9ponse du Pouvoir n\u2019est pas un montage, c\u2019est la r\u00e9ponse r\u00e9pressive contre ceux qui attaquent ses structures et entonnent des chants de Guerre.<\/strong><\/p>\n<p>Aujourd\u2019hui, le Pouvoir, ayant les compagnon-ne-s entre ses griffes, annonce d\u00e9j\u00e0 de lourdes condamnations et une vengeance sournoise, devant ce pronostic et ce sc\u00e9nario r\u00e9pressif nous ne devons pas perdre le moral, il faut s\u2019\u00e9lever ensemble avec la conflictualit\u00e9 et les gestes solidaires avec chacun-e des compagnon-ne-s en affinit\u00e9 enferm\u00e9-e-s entre les murs des prisons. Nous faisons un appel ouvert \u00e0 la solidarit\u00e9 combative, et \u00e0 serrer les rangs face aux positions victimisantes qui continuent chaque fois que le Pouvoir frappe et enferme des proches.<\/p>\n<p><strong>SOlIDARITE ACTIVE ET INSURRECTIONNELLE AVEC LES INCULPE-E-S DE L\u2019ATTAQUE CONTRE LA CASERNE DE LA PJ ! SOLIDARITE ACTIVE ET INSURRECTIONNELLE AVEC LES PRISONNIER-E-S DE LA GUERRE SOCIALE !<\/strong><\/p>\n<p>_<\/p>\n<p>[Traduit de l\u2019espagnol par nos soins de <a href=\"http:\/\/es.contrainfo.espiv.net\/2015\/07\/06\/chile-a-extender-el-ataque-contra-el-poder-y-todo-el-cuerpo-policiaco\" title=\"Chile: A extender el ataque contra el Poder y todo el cuerpo policiaco\">Contrainfo.<\/a>]<br \/>\nNotes<\/p>\n<p>[i] El Mercurio, \u00e9dition du 16\/06\/15, page 5 : \u00ab Des pistes \u00e9mergent sur l\u2019attaque de la Brigade des Homicides \u00bb. De la m\u00eame mani\u00e8re, La Segunda publie en page 15 le m\u00eame jour que l\u2019arrestation d\u2019Enrique Guzm\u00e1n : \u00ab Un quatri\u00e8me identifi\u00e9 dans l\u2019attaque \u00e0 la bombe de l\u2019Ecole Militaire \u00bb.<\/p>\n<p>Source : Base de donn\u00e9es anarchistes.<\/p>\n","protected":false},"excerpt":{"rendered":"<p>lu et copi\u00e9 : sous la cendre En novembre 2014, un groupe de personnes cagoul\u00e9es cadenasse les portes de la Brigade Criminelle de la Police judiciaire pour lancer ensuite un grand nombre de cocktails Molotov contre le repaire policier, en plus d\u2019incendier la voiture d\u2019un flic [voir ici en espagnol, NdT]. Rapidement, les personnes masqu\u00e9es [&hellip;]<\/p>\n","protected":false},"author":7964,"featured_media":0,"comment_status":"closed","ping_status":"closed","sticky":false,"template":"","format":"standard","meta":{"footnotes":""},"categories":[1],"tags":[],"class_list":["post-2396","post","type-post","status-publish","format-standard","hentry","category-general"],"_links":{"self":[{"href":"https:\/\/lelaboratoireanarchiste.noblogs.org\/index.php?rest_route=\/wp\/v2\/posts\/2396","targetHints":{"allow":["GET"]}}],"collection":[{"href":"https:\/\/lelaboratoireanarchiste.noblogs.org\/index.php?rest_route=\/wp\/v2\/posts"}],"about":[{"href":"https:\/\/lelaboratoireanarchiste.noblogs.org\/index.php?rest_route=\/wp\/v2\/types\/post"}],"author":[{"embeddable":true,"href":"https:\/\/lelaboratoireanarchiste.noblogs.org\/index.php?rest_route=\/wp\/v2\/users\/7964"}],"replies":[{"embeddable":true,"href":"https:\/\/lelaboratoireanarchiste.noblogs.org\/index.php?rest_route=%2Fwp%2Fv2%2Fcomments&post=2396"}],"version-history":[{"count":3,"href":"https:\/\/lelaboratoireanarchiste.noblogs.org\/index.php?rest_route=\/wp\/v2\/posts\/2396\/revisions"}],"predecessor-version":[{"id":2399,"href":"https:\/\/lelaboratoireanarchiste.noblogs.org\/index.php?rest_route=\/wp\/v2\/posts\/2396\/revisions\/2399"}],"wp:attachment":[{"href":"https:\/\/lelaboratoireanarchiste.noblogs.org\/index.php?rest_route=%2Fwp%2Fv2%2Fmedia&parent=2396"}],"wp:term":[{"taxonomy":"category","embeddable":true,"href":"https:\/\/lelaboratoireanarchiste.noblogs.org\/index.php?rest_route=%2Fwp%2Fv2%2Fcategories&post=2396"},{"taxonomy":"post_tag","embeddable":true,"href":"https:\/\/lelaboratoireanarchiste.noblogs.org\/index.php?rest_route=%2Fwp%2Fv2%2Ftags&post=2396"}],"curies":[{"name":"wp","href":"https:\/\/api.w.org\/{rel}","templated":true}]}}