{"id":2129,"date":"2015-05-18T09:22:57","date_gmt":"2015-05-18T07:22:57","guid":{"rendered":"http:\/\/lelaboratoireanarchiste.noblogs.org\/?p=2129"},"modified":"2015-05-18T09:24:15","modified_gmt":"2015-05-18T07:24:15","slug":"a-partir-dun-tract-sur-la-loi-macron","status":"publish","type":"post","link":"https:\/\/lelaboratoireanarchiste.noblogs.org\/?p=2129","title":{"rendered":"\u00c0 partir d\u2019un tract sur la loi Macron"},"content":{"rendered":"<p> Note:la question du travail traverse le lieu le laboratoire,plusieurs positions th\u00e9orique s&rsquo;affrontent.Le d\u00e9bat continuera lors des futures projections de film au laboratoire anarchiste. Cette question du travail est laiss\u00e9 de c\u00f4t\u00e9 par une piouette avec la distinction travail salari\u00e9 et activit\u00e9 vers une production<br \/>\nlu et recopi\u00e9 \u00e0 partir du blog <a href=\"http:\/\/blog.tempscritiques.net\/archives\/1222\" title=\"\u00c0 partir d\u2019un tract sur la loi Macron\">temps critiques<\/a><\/p>\n<p>ci-dessous un tract sign\u00e9 d\u2019anarchistes Valentinois diffus\u00e9 au moment de la manif contre la loi Macron du 9 avril. Ce tract a suscit\u00e9 des remarques \u00e0 J.Wajnsztejn et Gzavier que nous mettons \u00e0 la suite.<\/p>\n<p><strong>Loi Macron, r\u00e9forme du ch\u00f4mage, ANI1\u2026<\/strong><br \/>\n<strong><br \/>\nPassons \u00e0 l\u2019offensive<\/strong><\/p>\n<p>Apr\u00e8s le passage en force de la loi Macron \u00e0 l\u2019Assembl\u00e9e Nationale, par l\u2019utilisation de l\u2019article 49\/3 de la Constitution, il devient plus qu\u2019important de r\u00e9agir. Cette loi constitue un v\u00e9ritable danger pour les travailleurs et marque une nouvelle \u00e9tape dans leur pr\u00e9carisation.<br \/>\n Si elle est adopt\u00e9e, elle facilitera le travail les dimanches et de nuit (habilement renomm\u00e9 en \u00ab travail en soir\u00e9e \u00bb). Ce travail ne sera pas n\u00e9cessairement pay\u00e9 davantage. La loi permettra \u00e9galement aux patrons de faire travailler gratuitement des personnes handicap\u00e9es. Autre cons\u00e9quence : auparavant, les patrons qui entravaient le droit syndical risquaient la prison, d\u00e9sormais ils seront soumis seulement \u00e0 des sanctions financi\u00e8res.<br \/>\n Mais plus g\u00e9n\u00e9ralement, c\u2019est le Droit du travail dans son ensemble qui va \u00eatre remis en cause. Cette loi va encore une fois va faciliter l\u2019\u00e9conomie num\u00e9rique plus de perte d\u2019emploi( exemple \u00e0 la poste,la s\u00e9curit\u00e9 sociale y compris dans les services de retraite) , plus de contr\u00f4le et aussi les TICES dans l\u2019\u00e9ducation nationale( et e-learning)2 . C\u2019est tout cela cette loi<\/p>\n<p><strong>Qu\u2019est-ce que la loi Macron<\/strong> ?<br \/>\n<strong><br \/>\nContrat de travail attaqu\u00e9<\/strong><\/p>\n<p>Aujourd\u2019hui, le droit fran\u00e7ais reconnait une in\u00e9galit\u00e9 de fait entre le salari\u00e9 et son employeur. Le Code du travail est un ensemble de lois qui garantit partiellement au salari\u00e9 des protections dans le cadre du travail qu\u2019il fournit. C\u2019est toujours le rapport de force construit sur les lieux de travail et dans nos quartiers qui obligera les exploiteurs \u00e0 nous respecter.<br \/>\n Avec la loi Macron, le droit fran\u00e7ais ne reconna\u00eetra plus cette in\u00e9galit\u00e9. Le contrat de travail sera d\u00e9sormais une convention entre deux personnes suppos\u00e9es au m\u00eame niveau : comme si nous avions le choix de ne pas travailler. C\u2019est un retour de plus de 200 ans en arri\u00e8re, qui permettra aux patrons d\u2019\u00e9viter le tribunal des Prud\u2019hommes pour r\u00e9gler les litiges, voire d\u2019\u00e9tablir des contrats de travail ne d\u00e9pendant pas des conventions collectives.<br \/>\n En clair, il s\u2019agit d\u2019une destruction pure et simple du droit du travail !<\/p>\n<p>Licenciements \u00e9conomiques facilit\u00e9s<br \/>\n\u2022Simplification des licenciements \u00e9conomiques (de moins de 10 salari\u00e9s) dans les entreprises de plus de 50 salari\u00e9s.<br \/>\n Changement des crit\u00e8res d\u2019ordre de licenciement : l\u2019employeur pourra d\u00e9sormais cibler les salari\u00e9s qu\u2019il voudra licencier en d\u00e9finissant des \u00ab p\u00e9rim\u00e8tres \u00bb au sein de l\u2019entreprise.<br \/>\n\u2022Inversion de la logique de reclassement : un salari\u00e9 licenci\u00e9 \u00e9conomiquement devra postuler \u00e0 un nouvel emploi dans l\u2019entreprise au lieu d\u2019\u00eatre reclass\u00e9.<br \/>\n\u2022Redressement et liquidation des entreprises : un groupe auquel appartiendrait une entreprise liquid\u00e9e n\u2019est d\u00e9sormais plus dans l\u2019obligation de reclasser, l\u2019obligation de reclassement est maintenant limit\u00e9e \u00e0 l\u2019entreprise.<br \/>\n\u2022Plan de licenciement en faveur de l\u2019employeur : Dans le cadre de l\u2019annulation d\u2019un plan de sauvegarde pour l\u2019emploi par le tribunal administratif pour \u00abinsuffisance de motivation\u00bb, les employ\u00e9s ne pourront plus demander leur r\u00e9int\u00e9gration ou une indemnit\u00e9.<\/p>\n<p><strong>Prud\u2019hommes \u00e9cras\u00e9s<\/strong><\/p>\n<p>Les conseillers prud\u2019homaux seront soumis \u00e0 encadrement disciplinaire.<br \/>\n Les repr\u00e9sentants de salari\u00e9s et de patrons ne si\u00e8geront plus aux Prud\u2019hommes et seul un juge r\u00e9glera les litiges entre les salari\u00e9s et leurs employeurs.<br \/>\n Les sanctions deviennent forfaitaires : l\u2019employeur peut d\u00e9sormais \u00e9valuer \u00e0 l\u2019avance ce qu\u2019il lui co\u00fbtera d\u2019aller \u00e0 l\u2019encontre du Droit du travail.<br \/>\n Pourquoi la loi Macron ?<\/p>\n<p>Cette offensive contre les r\u00e8gles qui r\u00e9gissent le travail en France marque un tournant dans la logique de r\u00e9duction du co\u00fbt du travail qui est \u00e0 l\u2019\u0153uvre depuis quelques d\u00e9cennies. En rel\u00e9guant le droit du travail \u00e0 de l\u2019histoire ancienne, elle va donner carte blanche aux patrons pour nous utiliser et se d\u00e9barrasser de nous quand bon leur semble !<br \/>\n Cela signifie pour toutes et tous des conditions de travail d\u00e9plorables, des horaires \u00e9puisants, moins d\u2019argent et plus de pr\u00e9carit\u00e9. En clair, nous allons \u00eatre davantage plong\u00e9s dans la mis\u00e8re. Les exemples grec, italien et espagnol sont l\u00e0 pour nous le rappeler.<br \/>\n Il s\u2019agit d\u2019une offensive mondiale. Les capitalistes utilisent tous les outils habituels pour organiser leur pillage : depuis les institutions nationales, europ\u00e9ennes et mondiales, jusqu\u2019aux appareils politiques, syndicaux et associatifs r\u00e9formistes dans le but de nous d\u00e9sorienter et nous paralyser. Ainsi, les gr\u00e8ves d\u2019un jour et les rassemblements citoyens n\u2019emp\u00eacheront pas le FMI, la BCE et consorts, aux ordres des banquiers et des industriels, de poursuivre la vertigineuse d\u00e9gradation de nos conditions de vie pour maintenir leur profit.<\/p>\n<p>La porte de sortie reste \u00e0 construire, elle repose sur notre capacit\u00e9 \u00e0 nous mobiliser, \u00e0 nous organiser, par nous-m\u00eames, pour nous-m\u00eames ! Elle repose sur notre capacit\u00e9 \u00e0 cr\u00e9er une soci\u00e9t\u00e9 o\u00f9 nous d\u00e9cidons nous-m\u00eames de ce que nous voulons vivre libre , sans aucune domination, sans productions nuisibles3, avec une \u00e9gale r\u00e9partition des richesses sociales !<\/p>\n<p><strong>Vive la sociale<\/strong><\/p>\n<p>des invidu-e-s anarchiste<\/p>\n<p>Post scriptum : on peut se retrouver apr\u00e8s la manifestation du 9 avril pour une assembl\u00e9e ouverte( travailleurs ou sans travail, volontaires ou non) mais en dehors des cam\u00e9ras de vid\u00e9o surveillance.<\/p>\n<p>Le 08 avril 2015<\/p>\n<p>Plusieurs remarques<\/p>\n<p>&#8211; sur la forme il me para\u00eet peu coh\u00e9rent de signaler que le texte provient d\u2019anarchistes quand son contenu est finalement tr\u00e8s syndical et pourrait \u00eatre sign\u00e9 par la CNT ou m\u00eame la CGT Vinatier par exemple.<\/p>\n<p>&#8211; en effet qu\u2019est-ce qui est demand\u00e9 dans le tract ? le respect du droit du travail fran\u00e7ais c\u2019est-\u00e0-dire celui qui inscrit dans le marbre de la loi que le contrat typique est le CDI ? Tu cites notre texte sur l\u2019ANI mais justement celui-ci n\u2019\u00e9tait pas du tout dans cette optique puisqu\u2019il s\u2019appuyait sur le fait qu\u2019en France le travail en CDI continue \u00e0 concerner plus de 85 % des actifs et que c\u2019\u00e9tait surtout les \u00ab flux \u00bbqui \u00e9taient touch\u00e9s par les CDD ou l\u2019int\u00e9rim et non les \u00ab stocks \u00bb. D\u2019autre part la proportion de ces CDI reste tr\u00e8s \u00e9lev\u00e9e dans l\u2019industrie et c\u2019est dans les services que les CDD augmentent mais surtout du fait des caract\u00e9ristiques de ces nouveaux emplois, dans des secteurs o\u00f9 de toute fa\u00e7on le droit du travail \u00e9tait plus ou moins inconnu (aides \u00e0 la personne) ou largement d\u00e9rogatoire (caf\u00e9, h\u00f4tellerie, restauration, coiffure etc). Il n\u2019y a donc pas un recul de 200 ans comme tu le pr\u00e9tends. Si on prend par exemple les fast food on va m\u00eame plut\u00f4t vers une normalisation par rapport au capitalisme sauvage que Macdo et Disney ont essay\u00e9 d\u2019imposer en France ; pareil pour les nourrices maintenant salari\u00e9es etc.<\/p>\n<p>&#8211; on signalait aussi un point important \u00e0 propos de l\u2019ANI qui est que celui-ci pr\u00e9sentait quand m\u00eame de nouvelles garanties pour les plus pr\u00e9caires \u2026aux d\u00e9pens des plus garantis. M\u00eame si on n\u2019est pas d\u2019accord avec les positions syndicales de la CFDT, qui peut \u00eatre contre un r\u00e9\u00e9quilibrage des disparit\u00e9s de situation en p\u00e9riode de \u00ab crise \u00bb \u00e9co et de rapport de force d\u00e9favorable quand en plus le ton du tract indique qu\u2019il se range dans la revendication de la cr\u00e9ation d\u2019emploi ou de la lutte contre le ch\u00f4mage ? Bien s\u00fbr qu\u2019une \u00e9galisation des conditions par le bas donne l\u2019impression d\u2019un recul pour le haut mais si cette impression est juste n\u2019est-ce pas justement parce que les pr\u00e9caires restent tr\u00e8s minoritaires au sein de la population active et que donc leur voix porte encore moins que celle des autres ?<\/p>\n<p>&#8211; enfin le texte donne l\u2019impression d\u2019un \u00ab plan du capital \u00bb qui, tel un m\u00e9chant, viendrait prendre le travail au travailleurs et capter la richesse sociale.<br \/>\n L\u2019\u00c9tat et le patronat n\u2019ont justement pas de \u00ab plan \u00bb et c\u2019est pour cela qu\u2019en phase de faible croissance, ils jouent la comp\u00e9titivit\u00e9 et la productivit\u00e9 plus qu\u2019ils n\u2019investissent pour accro\u00eetre une production sur des march\u00e9s d\u00e9j\u00e0 satur\u00e9s. Or la variable d\u2019ajustement la plus facile \u00e0 utiliser parce qu\u2019elle est encore nationale, c\u2019est celle des salaires alors que le prix des mati\u00e8res premi\u00e8res et de l\u2019\u00e9nergie est mondial.<br \/>\n Mais ce n\u2019est pas pour faire suer les salari\u00e9s qu\u2019ils jouent la mod\u00e9ration salariale et les \u00ab d\u00e9graissages \u00bb. C\u2019est aussi qu\u2019ils ne veulent pas toucher \u00e0 la part des profits par rapport \u00e0 la part des salaires quand le taux de marge est \u00e0 la baisse et ce dernier d\u00e9pend essentiellement d\u2019un red\u00e9marrage de la production \u00e0 un haut niveau. C\u2019est le serpent qui se mord la queue puisque ce red\u00e9marrage d\u00e9pend lui m\u00eame d\u2019une hausse de la consommation des entreprises et des m\u00e9nages qui etc, etc.<\/p>\n<p>Dernier point : \u00e0 partir d\u2019exemples dans la fonction publique Gzavier t\u2019indiquera qu\u2019un certain nombre de mesures prises (stages et mises en CDI des vacataires) contredisent une marche irr\u00e9vocable vers la pr\u00e9carisation. Il ne faut d\u2019ailleurs pas confondre flexibilisation et pr\u00e9carisation. L\u2019ouverture des biblioth\u00e8que en soir\u00e9e ou le dimanche ce n\u2019est pas de la pr\u00e9carisation en soi. Le travail le dimanche dont tu parles n\u2019est pas pire que les 3\/8 et les 4\/8 qui \u00e9taient la norme des \u00ab Trente glorieuses \u00bb dans les usines. Tout n\u2019est pas toujours pire sinon le capitalisme aurait \u00e9t\u00e9 \u00e9croul\u00e9 depuis longtemps. Toujours sur le travail le dimanche, il faut aussi savoir de quel travail on parle. Par exemple serait-il scandaleux que les biblioth\u00e8ques soient ouvertes le dimanche ? Puisque ton tract se place du point de vue du travail et non de sa critique, la seule chose qui compte serait donc les am\u00e9nagements concrets de travail pour qui travaillerait ces jours l\u00e0. J\u2019en profite pour \u00ab rebondir \u00bb sur ton \u00ab partage des richesses \u00bb, tarte \u00e0 la cr\u00e8me de tous les textes anars ou NPA. Que des services publics , en dehors \u00e9videmment de toute perspective r\u00e9volutionnaire, ce qui est le cas pour le moment, soit plus ouverts qu\u2019ils le sont de fa\u00e7on \u00e0 permettre qu\u2019ils b\u00e9n\u00e9ficient \u00e0 un plus large public, n\u2019est-ce pas \u00e7a aussi un partage des richesses, parce que quand m\u00eame on ne va pas partager que la merde dans ton \u00ab programme \u00bb !<br \/>\nCe qui cloche dans le tract c\u2019est qu\u2019au-del\u00e0 de l\u2019interpr\u00e9tation qu\u2019on peut avoir de telle ou telle mesure, comme beaucoup d\u2019autre tracts il repose sur un pr\u00e9suppos\u00e9 fatal qui est de croire qu\u2019en pr\u00e9sentant la noirceur d\u2019une situation ou pire encore en la noircissant, les personnes \u00e0 qui ils sont adress\u00e9s en seront r\u00e9volt\u00e9s. Outre l\u2019erreur \u00e0 la base du raisonnement, l\u2019exp\u00e9rience montre que \u00e7a ne marche pas.<\/p>\n<p>JW<\/p>\n<p>Le 08 avril 2015<\/p>\n<p>en compl\u00e9ment de JW et le tract pour le 9 avril deux points pour signaler que l\u2019Etat flexibilise autant qu\u2019il encadre :<\/p>\n<p>Pour exemple il faut voir les derni\u00e8res mesures en faveur des stagiaires mises en place fin 2014. Ce n\u2019est pas rien et je t\u2019invite \u00e0 lire ceci :<\/p>\n<p><a href=\"http:\/\/vosdroits.service-public.fr\/professionnels-entreprises\/F20559.xhtml\" title=\"Stages : les obligations de l'employeur\">http:\/\/vosdroits.service-public.fr\/professionnels-entreprises\/F20559.xhtml<\/a><\/p>\n<p>L\u00e0 o\u00f9 il y avait une sous-classe de salari\u00e9 se profile une normalisation, relative avec la mesure, symbolique pour certains, mais r\u00e9v\u00e9latrice, avec l\u2019acc\u00e8s au restaurant d\u2019entreprise pour tous  stagiaire. Comment mieux dire qu\u2019ils appartiennent aussi au monde du travail ?<\/p>\n<p>Second point celui de la r\u00e9sorption de la pr\u00e9carit\u00e9 dans la fonction publique avec la loi Sauvadet. La loi en question devait permettre de  titulariser les CDD et CDI longue dur\u00e9e de la fonction publique via un concours r\u00e9serv\u00e9. Cela a march\u00e9 de fa\u00e7on fort in\u00e9gale selon les  fonctions publiques et minist\u00e8res. L\u2019esprit de cette loi est de faire rentrer dans la fonction publiques des travailleurs sur un poste depuis une \u00e9ternit\u00e9 sans avoir d\u2019\u00e9galit\u00e9 avec les titulaires. Vu la lenteur et  le manque de volont\u00e9 de certains minist\u00e8re, le dispositif de la loi  Sauvadet a \u00e9t\u00e9 prolong\u00e9. Succ\u00e8s relatif donc mais, pour des corps de la  fonction publique comme celui des biblioth\u00e8ques cette loi a plut\u00f4t bien  fonctionn\u00e9 et le message est l\u00e0 : nous r\u00e9gulariserons si besoin est.<\/p>\n<p>Mon propos est donc de souligner que l\u2019Etat est dans un mouvement autant \u00c0de flexibilisation que d\u2019encadrement.Il est capable de cr\u00e9e des postes  de fa\u00e7on tactique et non pas simplement de supprimer pour supprimer. De  l\u2019autre cot\u00e9 les flexibles doivent l\u2019\u00eatre de plus en plus, c\u2019est le second effet Sauvadet, compens\u00e9 pour les mieux lotis par des primes.<\/p>\n<p>a+<br \/>\n Gzavier<br \/>\n1.Un texte de la revue Temps critiques diffus\u00e9 lors des manifestation s \u00e0 valence contre l\u2019ANI a \u00e9t\u00e9 re publi\u00e9 sur le blog de temps critique <a href=\"http:\/\/blog.tempscritiques.net\/archives\/570\" title=\"La double voie \u2013 partie 1\">http:\/\/blog.tempscritiques.net\/archives\/570<\/a> permettra de discuter et de r\u00e9fl\u00e9chir sur \u201cles transformations du rapport salarial\u201d [\u21a9]<br \/>\n2.page 27 -30 du livre \u201c\u00e9cole, la servitude au programme\u201d collection La lenteur [\u21a9]<br \/>\n3.lire pour comprendre un des aspects des productions nuisibles le recueil de textes contre le g\u00e9nie g\u00e9n\u00e9tique et la domination : \u00bb le champ de conntr\u00f4le \u00bb https:\/\/www.infokiosques.net\/spip.php?article1173 [\u21a9]<\/p>\n<p>T\u00e9l\u00e9charger l&rsquo;article au format PDF <\/p>\n","protected":false},"excerpt":{"rendered":"<p>Note:la question du travail traverse le lieu le laboratoire,plusieurs positions th\u00e9orique s&rsquo;affrontent.Le d\u00e9bat continuera lors des futures projections de film au laboratoire anarchiste. Cette question du travail est laiss\u00e9 de c\u00f4t\u00e9 par une piouette avec la distinction travail salari\u00e9 et activit\u00e9 vers une production lu et recopi\u00e9 \u00e0 partir du blog temps critiques ci-dessous un [&hellip;]<\/p>\n","protected":false},"author":7964,"featured_media":0,"comment_status":"closed","ping_status":"closed","sticky":false,"template":"","format":"standard","meta":{"footnotes":""},"categories":[1],"tags":[],"class_list":["post-2129","post","type-post","status-publish","format-standard","hentry","category-general"],"_links":{"self":[{"href":"https:\/\/lelaboratoireanarchiste.noblogs.org\/index.php?rest_route=\/wp\/v2\/posts\/2129","targetHints":{"allow":["GET"]}}],"collection":[{"href":"https:\/\/lelaboratoireanarchiste.noblogs.org\/index.php?rest_route=\/wp\/v2\/posts"}],"about":[{"href":"https:\/\/lelaboratoireanarchiste.noblogs.org\/index.php?rest_route=\/wp\/v2\/types\/post"}],"author":[{"embeddable":true,"href":"https:\/\/lelaboratoireanarchiste.noblogs.org\/index.php?rest_route=\/wp\/v2\/users\/7964"}],"replies":[{"embeddable":true,"href":"https:\/\/lelaboratoireanarchiste.noblogs.org\/index.php?rest_route=%2Fwp%2Fv2%2Fcomments&post=2129"}],"version-history":[{"count":2,"href":"https:\/\/lelaboratoireanarchiste.noblogs.org\/index.php?rest_route=\/wp\/v2\/posts\/2129\/revisions"}],"predecessor-version":[{"id":2131,"href":"https:\/\/lelaboratoireanarchiste.noblogs.org\/index.php?rest_route=\/wp\/v2\/posts\/2129\/revisions\/2131"}],"wp:attachment":[{"href":"https:\/\/lelaboratoireanarchiste.noblogs.org\/index.php?rest_route=%2Fwp%2Fv2%2Fmedia&parent=2129"}],"wp:term":[{"taxonomy":"category","embeddable":true,"href":"https:\/\/lelaboratoireanarchiste.noblogs.org\/index.php?rest_route=%2Fwp%2Fv2%2Fcategories&post=2129"},{"taxonomy":"post_tag","embeddable":true,"href":"https:\/\/lelaboratoireanarchiste.noblogs.org\/index.php?rest_route=%2Fwp%2Fv2%2Ftags&post=2129"}],"curies":[{"name":"wp","href":"https:\/\/api.w.org\/{rel}","templated":true}]}}