{"id":2125,"date":"2015-05-18T08:44:51","date_gmt":"2015-05-18T06:44:51","guid":{"rendered":"http:\/\/lelaboratoireanarchiste.noblogs.org\/?p=2125"},"modified":"2015-05-18T08:48:33","modified_gmt":"2015-05-18T06:48:33","slug":"espagne-monica-caballero-transferee-a-la-prison-de-villabona-asturies","status":"publish","type":"post","link":"https:\/\/lelaboratoireanarchiste.noblogs.org\/?p=2125","title":{"rendered":"Espagne : Monica Caballero transf\u00e9r\u00e9e \u00e0 la prison de Villabona (Asturies)"},"content":{"rendered":"<p>info de <a href=\"http:\/\/cettesemaine.info\/breves\/spip.php?article990&amp;lang=fr\" title=\"Espagne : Monica Caballero transf\u00e9r\u00e9e \u00e0 la prison de Villabona (Asturies)\">br\u00e8ves du d\u00e9sordre<\/a><br \/>\nLa compagnonne anarchiste Monica Caballero a r\u00e9cemment \u00e9t\u00e9 transf\u00e9r\u00e9e de la prison de Brieva (Avila) \u00e0 la prison de Villabona dans les Asturies, o\u00f9 le compagnon Francisco Solar est \u00e9galement enferm\u00e9. Il se peut que ce transfert soit seulement provisoire et qu\u2019elle soit de nouveau transf\u00e9r\u00e9e \u00e0 Brieva ou dans une autre prison dans quelques semaines ou quelques mois.<\/p>\n<p>Le code postal de la prison de Villabona a \u00e9t\u00e9 chang\u00e9. Voici les nouvelles adresses correctes et mises-\u00e0-jour des deux compagnonNEs :<\/p>\n<p>M\u00f3nica Caballero Sep\u00falveda<br \/>\n C.P. Villabona<br \/>\n Finca Tabladiello s\/n<br \/>\n 33422 Villabona-Llanera<br \/>\n (Asturias)<\/p>\n<p>Francisco Solar Dom\u00ednguez<br \/>\n C.P. Villabona<br \/>\n Finca Tabladiello s\/n<br \/>\n 33422 Villabona-Llanera<br \/>\n (Asturias)<\/p>\n<p>[Traduit par Lechatnoiremeutier de l\u2019espagnol de <a href=\"http:\/\/es.contrainfo.espiv.net\/2015\/05\/11\/estado-espanol-monica-caballero-ha-sido-trasladada-en-asturias\" title=\"Estado Espa\u00f1ol: M\u00f3nica Caballero ha sido trasladada en Asturias\">contrainf<\/a>o, 11 mai 2015]<\/p>\n","protected":false},"excerpt":{"rendered":"<p>info de br\u00e8ves du d\u00e9sordre La compagnonne anarchiste Monica Caballero a r\u00e9cemment \u00e9t\u00e9 transf\u00e9r\u00e9e de la prison de Brieva (Avila) \u00e0 la prison de Villabona dans les Asturies, o\u00f9 le compagnon Francisco Solar est \u00e9galement enferm\u00e9. Il se peut que ce transfert soit seulement provisoire et qu\u2019elle soit de nouveau transf\u00e9r\u00e9e \u00e0 Brieva ou dans [&hellip;]<\/p>\n","protected":false},"author":7964,"featured_media":0,"comment_status":"closed","ping_status":"closed","sticky":false,"template":"","format":"standard","meta":{"footnotes":""},"categories":[1],"tags":[],"class_list":["post-2125","post","type-post","status-publish","format-standard","hentry","category-general"],"_links":{"self":[{"href":"https:\/\/lelaboratoireanarchiste.noblogs.org\/index.php?rest_route=\/wp\/v2\/posts\/2125","targetHints":{"allow":["GET"]}}],"collection":[{"href":"https:\/\/lelaboratoireanarchiste.noblogs.org\/index.php?rest_route=\/wp\/v2\/posts"}],"about":[{"href":"https:\/\/lelaboratoireanarchiste.noblogs.org\/index.php?rest_route=\/wp\/v2\/types\/post"}],"author":[{"embeddable":true,"href":"https:\/\/lelaboratoireanarchiste.noblogs.org\/index.php?rest_route=\/wp\/v2\/users\/7964"}],"replies":[{"embeddable":true,"href":"https:\/\/lelaboratoireanarchiste.noblogs.org\/index.php?rest_route=%2Fwp%2Fv2%2Fcomments&post=2125"}],"version-history":[{"count":3,"href":"https:\/\/lelaboratoireanarchiste.noblogs.org\/index.php?rest_route=\/wp\/v2\/posts\/2125\/revisions"}],"predecessor-version":[{"id":2128,"href":"https:\/\/lelaboratoireanarchiste.noblogs.org\/index.php?rest_route=\/wp\/v2\/posts\/2125\/revisions\/2128"}],"wp:attachment":[{"href":"https:\/\/lelaboratoireanarchiste.noblogs.org\/index.php?rest_route=%2Fwp%2Fv2%2Fmedia&parent=2125"}],"wp:term":[{"taxonomy":"category","embeddable":true,"href":"https:\/\/lelaboratoireanarchiste.noblogs.org\/index.php?rest_route=%2Fwp%2Fv2%2Fcategories&post=2125"},{"taxonomy":"post_tag","embeddable":true,"href":"https:\/\/lelaboratoireanarchiste.noblogs.org\/index.php?rest_route=%2Fwp%2Fv2%2Ftags&post=2125"}],"curies":[{"name":"wp","href":"https:\/\/api.w.org\/{rel}","templated":true}]}}