{"id":2121,"date":"2015-05-17T10:26:23","date_gmt":"2015-05-17T08:26:23","guid":{"rendered":"http:\/\/lelaboratoireanarchiste.noblogs.org\/?p=2121"},"modified":"2015-05-17T10:31:57","modified_gmt":"2015-05-17T08:31:57","slug":"belgique-ceux-qui-dessinent-et-construisent-des-cages-recoltent-notre-rage","status":"publish","type":"post","link":"https:\/\/lelaboratoireanarchiste.noblogs.org\/?p=2121","title":{"rendered":"[Belgique] Ceux qui dessinent et construisent des cages r\u00e9coltent notre rage"},"content":{"rendered":"<p>repris du blog le<a href=\"https:\/\/lechatnoiremeutier.noblogs.org\/post\/2015\/05\/16\/belgique-ceux-qui-dessinent-et-construisent\" title=\"Belgique] Ceux qui dessinent et construisent des cages r\u00e9coltent notre rage\">chat noir \u00e9meutier<\/a><br \/>\n<strong>Dessine des cages, r\u00e9colte notre rage<\/strong><\/p>\n<p>Le bureau d\u2019architectes CERAU, qui a dessin\u00e9 les plans de la nouvelle prison de Marche-en-Famenne, a \u00e9t\u00e9 confront\u00e9, selon ses dires, plusieurs fois \u00e0 des faits qui ont remis les pendules \u00e0 l\u2019heure concernant leur responsabilit\u00e9 dans l\u2019\u00e9dification d\u2019une horreur telle qu\u2019une prison.<\/p>\n<p>La premi\u00e8re fois, un grand tag : \u201cDessine des cages, r\u00e9colte notre rage\u201d appara\u00eet sur la fa\u00e7ade de leur bureau. La deuxi\u00e8me fois, toutes les vitres de leur secr\u00e9tariat donnant sur la rue seront cass\u00e9s.<\/p>\n<p>678929.jpg<\/p>\n<p>*******************************************************************************************************************<\/p>\n<p><strong>Bam, Bam\u2026 br\u00fble !<\/strong><\/p>\n<p>LOUVAIN \u2013 Vers 3h30 du matin, un bulldozer a \u00e9t\u00e9 d\u00e9truit par les flammes. L\u2019engin \u00e9tait stationn\u00e9 sur un chantier dans la Kolonel Begaultlaan, pr\u00e8s du Engels Plein. Comme on peut voir sur la photo, il appartenait \u00e0 la soci\u00e9t\u00e9 de construction BAM, notoire constructeur de prisons en Belgique (et ailleurs).<\/p>\n<p>bambam bam-f520f-92f36<\/p>\n<p>A partir de la presse, 24\/04\/2015<\/p>\n<p>****************************************************************************************************************<\/p>\n<p><strong>Un incendie nocturne ravage les bureaux de Fabricom<\/strong><\/p>\n<p>ANVERS \u2013 Apr\u00e8s minuit, un incendie s\u2019est d\u00e9clar\u00e9 sur les terrains de l\u2019entreprise Fabricom (GDF Suez) \u00e0 Hoboken. Le feu a ravag\u00e9 plus de 24 conteneurs, utilis\u00e9s comme bureaux par l\u2019entreprise. L\u2019incendie \u00e9tait particuli\u00e8rement violent \u00e0 cause d\u2019un vent fort, les pompiers ont eu beaucoup de mal \u00e0 l\u2019\u00e9teindre.<\/p>\n<p>Fabricom est une entreprise qui est tr\u00e8s impliqu\u00e9e dans la gestion des prisons existantes, ainsi que dans la construction des nouvelles prisons. Elle installe et maintient notamment les installations d\u2019\u00e9lectricit\u00e9, de vid\u00e9osurveillance, de chauffage etc. C\u2019est aussi Fabricom qui a install\u00e9 le r\u00e9seau de vid\u00e9osurveillance de police dans diff\u00e9rentes zones de Bruxelles.<\/p>\n<p>Que ces structures soient ravag\u00e9s par des incendies nocturnes ne peut d\u00e8s lors qu\u2019\u00eatre une bonne nouvelle.<\/p>\n<p>fabrikom<\/p>\n<p>[A partir de la presse, d\u00e9but avril 2015].<\/p>\n<p>**************************************************************************************************************<\/p>\n<p><strong>L\u2019architecte principale de la maxi-prison &amp; sa responsabilit\u00e9<\/strong><\/p>\n<p>architecte-9bc76Mi-f\u00e9vrier 2015, des inconnus ont mis le feu \u00e0 la maison du nomm\u00e9 Phil\u00e9mon Wachtelaer \u00e0 Bruxelles. Une explosion retentit dans la nuit, incendiant la fa\u00e7ade, la voiture gar\u00e9e dans la cour et provoquant un d\u00e9but d\u2019incendie dans une pi\u00e8ce de la maison. A l\u2019origine de l\u2019explosion et de l\u2019incendie serait un engin incendiaire compos\u00e9 d\u2019une bonbonne de gaz, plong\u00e9 dans un bassin d\u2019essence mis sous pression. <\/p>\n<p>Celui qui a \u00e9t\u00e9 vis\u00e9 par cet acte n\u2019est pas n\u2019importe qui. Il s\u2019agit en effet de l\u2019architecte principale de la future maxi-prison, administrateur-g\u00e9n\u00e9ral du bureau d\u2019architectes Buro II &amp; Archi+I qui se fait du fric en dessinant les futures cages de la maxi-prison. Si son domicile a \u00e9t\u00e9 vis\u00e9, c\u2019est probablement que quelqu\u2019un a voulu lui demander personnellement  des comptes quant \u00e0 sa responsabilit\u00e9 individuelle  et \u00e9crasante dans cet \u0153uvre de r\u00e9pression.<\/p>\n<p>Dans les prisons existantes c\u2019est d\u00e9j\u00e0 comme \u00e7a, et dans la maxi-prison dont r\u00eave ce monsieur Wachtelaer, des milliers d\u2019individus souffriront sous le fouet de la Loi, pourriront dans les cellules, seront tortur\u00e9s par les coups des gardiens et par les inventions technologiques de contr\u00f4le qu\u2019a dessin\u00e9 monsieur Wachtelaer. Et ils tenteront d\u2019escalader les murs dont le monsieur Wachtelaer a calcul\u00e9 la hauteur, ils creuseront des tunnels pour contourner les fondations dont le monsieur Wachtelaer a fix\u00e9 l\u2019\u00e9paisseur, ils scieront les barreaux dont le monsieur Wachtelaer a promis aux donneurs d\u2019ordre qu\u2019ils r\u00e9sisteront aux r\u00eaves de libert\u00e9. Dans chaque coup port\u00e9 contre cet \u00e9difice de la souffrance et de la torture l\u00e9gale, contre sa construction m\u00eame, r\u00e9sonnera aussi la responsabilit\u00e9 individuelle de ce monsieur Wachtelaer qui a choisi de servir, de fa\u00e7on pr\u00e9cise et en tant que grand ma\u00eetre responsable, l\u2019\u0153uvre de la r\u00e9pression. Il n\u2019a donc pas \u00e0 s\u2019\u00e9tonner qu\u2019un \u00e9cho qui est d\u00e9j\u00e0 arriv\u00e9 jusque devant la porte de sa maison.<\/p>\n<p>D\u00e9but novembre 2014 \u00e0 Anvers, un chantier d\u2019un projet de gentrification pour lequel trois contructeurs de prisons travaillent (Willemen, Interbuild et BAM) a \u00e9t\u00e9 incendi\u00e9<\/p>\n<p>________________________________________________________________________<\/p>\n<p>Lire le bulletin &lsquo;Ricochets n\u00b06&rsquo;<br \/>\nLire le bulletin \u2018Ricochets n\u00b06\u2032 de mai 2015<\/p>\n<p>Repris de <a href=\"http:\/\/www.lacavale.be\/spip.php?article215\" title=\"Ricochets n\u00b0 06 - mai 2015\">la cavale<br \/>\n<\/a><\/p>\n","protected":false},"excerpt":{"rendered":"<p>repris du blog lechat noir \u00e9meutier Dessine des cages, r\u00e9colte notre rage Le bureau d\u2019architectes CERAU, qui a dessin\u00e9 les plans de la nouvelle prison de Marche-en-Famenne, a \u00e9t\u00e9 confront\u00e9, selon ses dires, plusieurs fois \u00e0 des faits qui ont remis les pendules \u00e0 l\u2019heure concernant leur responsabilit\u00e9 dans l\u2019\u00e9dification d\u2019une horreur telle qu\u2019une prison. [&hellip;]<\/p>\n","protected":false},"author":7964,"featured_media":0,"comment_status":"closed","ping_status":"closed","sticky":false,"template":"","format":"standard","meta":{"footnotes":""},"categories":[1],"tags":[],"class_list":["post-2121","post","type-post","status-publish","format-standard","hentry","category-general"],"_links":{"self":[{"href":"https:\/\/lelaboratoireanarchiste.noblogs.org\/index.php?rest_route=\/wp\/v2\/posts\/2121","targetHints":{"allow":["GET"]}}],"collection":[{"href":"https:\/\/lelaboratoireanarchiste.noblogs.org\/index.php?rest_route=\/wp\/v2\/posts"}],"about":[{"href":"https:\/\/lelaboratoireanarchiste.noblogs.org\/index.php?rest_route=\/wp\/v2\/types\/post"}],"author":[{"embeddable":true,"href":"https:\/\/lelaboratoireanarchiste.noblogs.org\/index.php?rest_route=\/wp\/v2\/users\/7964"}],"replies":[{"embeddable":true,"href":"https:\/\/lelaboratoireanarchiste.noblogs.org\/index.php?rest_route=%2Fwp%2Fv2%2Fcomments&post=2121"}],"version-history":[{"count":3,"href":"https:\/\/lelaboratoireanarchiste.noblogs.org\/index.php?rest_route=\/wp\/v2\/posts\/2121\/revisions"}],"predecessor-version":[{"id":2124,"href":"https:\/\/lelaboratoireanarchiste.noblogs.org\/index.php?rest_route=\/wp\/v2\/posts\/2121\/revisions\/2124"}],"wp:attachment":[{"href":"https:\/\/lelaboratoireanarchiste.noblogs.org\/index.php?rest_route=%2Fwp%2Fv2%2Fmedia&parent=2121"}],"wp:term":[{"taxonomy":"category","embeddable":true,"href":"https:\/\/lelaboratoireanarchiste.noblogs.org\/index.php?rest_route=%2Fwp%2Fv2%2Fcategories&post=2121"},{"taxonomy":"post_tag","embeddable":true,"href":"https:\/\/lelaboratoireanarchiste.noblogs.org\/index.php?rest_route=%2Fwp%2Fv2%2Ftags&post=2121"}],"curies":[{"name":"wp","href":"https:\/\/api.w.org\/{rel}","templated":true}]}}