{"id":2114,"date":"2015-05-15T20:16:35","date_gmt":"2015-05-15T18:16:35","guid":{"rendered":"http:\/\/lelaboratoireanarchiste.noblogs.org\/?p=2114"},"modified":"2015-05-15T20:16:35","modified_gmt":"2015-05-15T18:16:35","slug":"avigliana-piemont-italie-la-merco-dun-collabo-part-en-fumee","status":"publish","type":"post","link":"https:\/\/lelaboratoireanarchiste.noblogs.org\/?p=2114","title":{"rendered":"Avigliana (Pi\u00e9mont, Italie) : la Merco d\u2019un collabo part en fum\u00e9e"},"content":{"rendered":"<p>lu sur<a href=\"http:\/\/cettesemaine.info\/breves\/spip.php?article997&amp;lang=fr\" title=\"Avigliana (Pi\u00e9mont, Italie) : la Merco d\u2019un collabo part en fum\u00e9e\"> Br\u00e8ves du d\u00e9sordre<\/a><br \/>\n9 mai. Avigliana (TO) : Une Mercedes gar\u00e9e sur le parking de l\u2019H\u00f4tel Ninfa a \u00e9t\u00e9 incendi\u00e9e. Cet h\u00f4tel a eu les honneurs de la presse pour avoir h\u00e9berg\u00e9 les flics et les carabiniers en route pour le Val Susa, et un colloque du PD [g\u00f4che, au pouvoir] pour d\u00e9fendre la Grande Vitesse. Il semblerait m\u00eame que la Mercedes appartienne justement au propri\u00e9taire de l\u2019h\u00f4tel, Enzo Savant.<\/p>\n","protected":false},"excerpt":{"rendered":"<p>lu sur Br\u00e8ves du d\u00e9sordre 9 mai. Avigliana (TO) : Une Mercedes gar\u00e9e sur le parking de l\u2019H\u00f4tel Ninfa a \u00e9t\u00e9 incendi\u00e9e. Cet h\u00f4tel a eu les honneurs de la presse pour avoir h\u00e9berg\u00e9 les flics et les carabiniers en route pour le Val Susa, et un colloque du PD [g\u00f4che, au pouvoir] pour d\u00e9fendre [&hellip;]<\/p>\n","protected":false},"author":7964,"featured_media":0,"comment_status":"closed","ping_status":"closed","sticky":false,"template":"","format":"standard","meta":{"footnotes":""},"categories":[1],"tags":[],"class_list":["post-2114","post","type-post","status-publish","format-standard","hentry","category-general"],"_links":{"self":[{"href":"https:\/\/lelaboratoireanarchiste.noblogs.org\/index.php?rest_route=\/wp\/v2\/posts\/2114","targetHints":{"allow":["GET"]}}],"collection":[{"href":"https:\/\/lelaboratoireanarchiste.noblogs.org\/index.php?rest_route=\/wp\/v2\/posts"}],"about":[{"href":"https:\/\/lelaboratoireanarchiste.noblogs.org\/index.php?rest_route=\/wp\/v2\/types\/post"}],"author":[{"embeddable":true,"href":"https:\/\/lelaboratoireanarchiste.noblogs.org\/index.php?rest_route=\/wp\/v2\/users\/7964"}],"replies":[{"embeddable":true,"href":"https:\/\/lelaboratoireanarchiste.noblogs.org\/index.php?rest_route=%2Fwp%2Fv2%2Fcomments&post=2114"}],"version-history":[{"count":1,"href":"https:\/\/lelaboratoireanarchiste.noblogs.org\/index.php?rest_route=\/wp\/v2\/posts\/2114\/revisions"}],"predecessor-version":[{"id":2115,"href":"https:\/\/lelaboratoireanarchiste.noblogs.org\/index.php?rest_route=\/wp\/v2\/posts\/2114\/revisions\/2115"}],"wp:attachment":[{"href":"https:\/\/lelaboratoireanarchiste.noblogs.org\/index.php?rest_route=%2Fwp%2Fv2%2Fmedia&parent=2114"}],"wp:term":[{"taxonomy":"category","embeddable":true,"href":"https:\/\/lelaboratoireanarchiste.noblogs.org\/index.php?rest_route=%2Fwp%2Fv2%2Fcategories&post=2114"},{"taxonomy":"post_tag","embeddable":true,"href":"https:\/\/lelaboratoireanarchiste.noblogs.org\/index.php?rest_route=%2Fwp%2Fv2%2Ftags&post=2114"}],"curies":[{"name":"wp","href":"https:\/\/api.w.org\/{rel}","templated":true}]}}