{"id":1979,"date":"2015-04-16T08:23:55","date_gmt":"2015-04-16T06:23:55","guid":{"rendered":"http:\/\/lelaboratoireanarchiste.noblogs.org\/?p=1979"},"modified":"2015-04-16T08:26:42","modified_gmt":"2015-04-16T06:26:42","slug":"toulouse-lump-expulse-expulsons-lump","status":"publish","type":"post","link":"https:\/\/lelaboratoireanarchiste.noblogs.org\/?p=1979","title":{"rendered":"Toulouse : l\u2019UMP expulse ! Expulsons l\u2019UMP"},"content":{"rendered":"<p>lu et copi\u00e9 <a href=\"http:\/\/cettesemaine.info\/breves\/spip.php?article928&amp;lang=fr\" title=\"Toulouse : attaque solidaire du si\u00e8ge d\u00e9partemental de l\u2019UMP\">sur cette semaine<\/a><\/p>\n<p><a href=\"https:\/\/nantes.indymedia.org\/articles\/31376\" title=\"Toulouse: l'UMP expulse ! Expulsons l'UMP \">Indy Nantes<\/a>, 15 avril 2015<\/p>\n<p>Mardi 14 avril 2015 le local UMP de Toulouse a \u00e9t\u00e9 expuls\u00e9.<\/p>\n<p>La mairie UMP de Calais organise depuis de nombreuses ann\u00e9es une politique raciste et s\u00e9curitaire contre les pauvres et notamment les migrant-e-s.<br \/>\nDerni\u00e8rement elle a ouvert un centre d\u2019accueil de jour dans le but d\u2019\u00e9loigner les migrant-e-s du centre ville et de pouvoir mieux les controler.<\/p>\n<p>Elle a tout fait ces derni\u00e8res semaines pour les forcer \u00e0 se regrouper sur une ancienne dechetterie pr\u00e8s du centre de jour.<br \/>\nLe 8 avril 2015 des \u00e9lus de la mairie UMP, \u00e9paul\u00e9s par des employ\u00e9s municipaux, se sont rendus dans un squat de migrant-e-s, \u00e0 Calais, et ont forc\u00e9 les occupant-e-s \u00e0 partir.<br \/>\nIls ont ensuite saccag\u00e9 la maison afin de la rendre inutilisable.<\/p>\n<p>LA MAIRIE UMP DE CALAIS EXPULSE !<\/p>\n<p>A Toulouse aussi la Mairie UMP d\u00e9signe des boucs emmissaires, que ce soient les zonard-e-s, les putes, les gal\u00e9riens et gal\u00e9riennes du logement. Chaque fois, ce parti assoie sa l\u00e9gitimit\u00e9 sur les oppositions de classe, de race, de sexe, en choisissant fi\u00e8rement le camp des oppresseurs.<br \/>\nAussi un groupe s\u2019est introduit dans ses locaux, en plein coeur de Toulouse, afin de leur rappeler leur sale besogne. Leur mobilier a \u00e9t\u00e9 d\u00e9plac\u00e9 sur la chauss\u00e9e, leurs dossiers quelque peu d\u00e9sordonn\u00e9s, leur fa\u00e7ade red\u00e9cor\u00e9e : ce n\u2019est rien compar\u00e9 \u00e0 ce que subissent quotidiennement les migrant-e-s de Calais (pressions, d\u00e9placements forc\u00e9s, expulsions, harc\u00e8lement policier et administratif).<\/p>\n<p>Aujourd\u2019hui c\u2019est l\u2019UMP qui \u00e9tait vis\u00e9 mais n\u2019oublions pas la responsabilit\u00e9 du PS, de l\u2019Etat ou des fachos.<\/p>\n<p><strong>De nuit ou en plein jour, tout-e seul-e ou \u00e0 300, chacun et chacune peut agir !<\/strong><\/p>\n<p>Ci-dessous, le tract distribu\u00e9 pendant le d\u00e9m\u00e9nagement forc\u00e9 de l\u2019UMP.<\/p>\n<p><strong>L\u2019UMP de Calais expulse !<br \/>\nExpulsons l\u2019UMP !<\/strong><\/p>\n<p>En France, comme partout ailleurs, des milliers de migrantes et de migrants font les frais de la guerre aux pauvres, engag\u00e9e par les Etats, et d\u00e9sormais par l\u00b4Europe. Oblig\u00e9es de quitter leur pays -bien souvent \u00e0 cause de d\u00e9sordres occasionn\u00e9s par l\u00b4avidit\u00e9 des puissances occidentales- ces personnes se retrouvent traqu\u00e9es par la police, mises en danger de mort lorsqu\u00b4elles tentent de passer une fronti\u00e8re, et m\u00e9pris\u00e9es par toutes les admnistrations. Tandis que cette situation s\u00b4aggrave, certains et certaines consid\u00e8rent que toutes les vies ne se valent pas : cela leur permet de fuir leurs responsabilit\u00e9s. Nous crions l\u00b4inverse : personne n\u00b4est ill\u00e9gal, bienvenue \u00e0 toutes et \u00e0 tous les r\u00e9fugi\u00e9-e-s.<\/p>\n<p>A Calais, la mairie UMP cherche \u00e0 profiter de mani\u00e8re obsc\u00e8ne de cet \u00e9tat de fait. Elle n\u00b4a de cesse de favoriser le racisme vis \u00e0 vis des migrantes et des migrants, quand elle n\u00b4envoie pas tout bonnement ses employ\u00e9s municipaux faire le sale boulot d\u00b4expulsion g\u00e9n\u00e9ralement r\u00e9serv\u00e9 aux flics. Ce parti naus\u00e9abond tente de creuser la fracture entre diff\u00e9rentes populations, en fonction de leur couleur de peau, de leur langage ou de leur pays d\u2019origine.<\/p>\n<p>Nous ciblons aujourd\u2019hui ce rep\u00e8re de r\u00e9actionnaires : si les flics n\u2019ont m\u00eame pas eu \u00e0 expulser manu militari cette fois-ci, la pression exerc\u00e9e sur les sans-papiers reste tout autant inadmissible. Mais qu\u2019on ne s\u2019y trompe pas, il serait absurde de pointer un parti politique comme seul responsable. En effet, la pr\u00e9fecture \u00ab\u00a0socialiste\u00a0\u00bb du Pas-de-Calais n\u2019est pas en reste quand il s\u2019agit d\u2019envoyer ses sbires en uniforme terroriser les migrantes et les migrants. Nous n\u2019attendons rien des politiques, qui ne trouvent pas mieux \u00e0 faire que de dresser les unes et les uns contre les autres. Nous consid\u00e9rons en revanche que la solidarit\u00e9 entre celles et ceux qui subissent la violence de l\u2019Etat est la seule r\u00e9ponse ad\u00e9quate face \u00e0 leur cynisme.<\/p>\n<p>Nous attaquerons les responsables et les structures qui cautionnent de tels mefaits.<br \/>\nNous continuerons \u00e0 combattre le racisme, o\u00f9 qu\u2019il se trouve.<\/p>\n<p><strong>A bas les fronti\u00e8res !<br \/>\nMort aux Etats et aux nations !<\/strong><\/p>\n<p><strong>Toulouse : Un commando masqu\u00e9 saccage les locaux de l\u2019UMP<\/strong><\/p>\n<p>20Minutes, 14.04.2015 \u00e0 21:35<\/p>\n<p>Les locaux de l\u2019UMP31, situ\u00e9s rue Gabriel-P\u00e9ri, \u00e0 Toulouse, ont \u00e9t\u00e9 saccag\u00e9s mardi apr\u00e8s-midi par un commando d\u2019une dizaine de personnes cagoul\u00e9es. Apr\u00e8s s\u2019\u00eatre introduits dans les locaux, ils ont sorti les bureaux, les chaises, ainsi que de nombreux dossiers, qu\u2019ils ont lanc\u00e9s par la fen\u00eatre sur le trottoir.<\/p>\n<p><strong>Deux tags, \u00ab Expulsons l\u2019UMP \u00bb et \u00ab Solidarit\u00e9 Calais \u00bb, ont \u00e9galement \u00e9t\u00e9 inscrits sur la fa\u00e7ade du parti de droite. Un tract revendiquant le soutien aux expuls\u00e9s de Calais a \u00e9t\u00e9 retrouv\u00e9 sur place.<\/strong><\/p>\n<p><strong>Plainte de l\u2019UMP<\/strong><\/p>\n<p>Mardi apr\u00e8s-midi, Harmonie, une jeune femme qui travaille dans une rue adjacente \u00e0 l\u2019UMP31, a vu arriver le commando vers 15h40. \u00ab Ils portaient tous des masques blancs et des gants, raconte-t-elle. Ils ont d\u00e9boul\u00e9 dans la rue en provenance du Canal du Midi, en courant comme des malades \u00bb.<\/p>\n<p>La police \u00e9tait sur place pour les premi\u00e8res constatations. Un masque blanc a d\u2019ailleurs \u00e9t\u00e9 retrouv\u00e9 sous une voiture dans la rue. L\u2019UMP31 a indiqu\u00e9 qu\u2019elle porterait plainte pour ces d\u00e9gradations.<\/p>\n<p><strong>Locaux de l\u2019UMP de Toulouse vandalis\u00e9s : \u00ab Solidarit\u00e9 aux r\u00e9fugi\u00e9s de Calais \u00bb<\/strong><\/p>\n<p>La Voix du Nord, 14\/04\/2015<\/p>\n<p>Les locaux de l\u2019UMP Haute-Garonne \u00e0 Toulouse ont \u00e9t\u00e9 vandalis\u00e9s mardi apr\u00e8s-midi par une dizaine d\u2019individus revendiquant leur \u00ab solidarit\u00e9 aux r\u00e9fugi\u00e9s de Calais \u00bb, une revendication qui a surpris un responsable local de cette formation politique, Pierre Esplugas.<\/p>\n<p>Le si\u00e8ge de l\u2019UMP Haute-Garonne, situ\u00e9 dans le centre-ville de Toulouse, a \u00e9t\u00e9 \u00ab visit\u00e9 mardi apr\u00e8s-midi par huit ou dix personnes qui ont jet\u00e9 des papiers, des si\u00e8ges et des t\u00e9l\u00e9phones dans la rue \u00bb, a indiqu\u00e9 une source polici\u00e8re par t\u00e9l\u00e9phone \u00e0 l\u2019AFP.<\/p>\n<p>Deux inscriptions, \u00ab Expulsons l\u2019UMP \u00bb et \u00ab Solidarit\u00e9 aux r\u00e9fugi\u00e9s de Calais \u00bb, ont \u00e9t\u00e9 inscrites sur les murs ext\u00e9rieurs du b\u00e2timent, a-t-on pr\u00e9cis\u00e9 de m\u00eame source.<\/p>\n<p>\u00ab Les individus ont remis un tract \u00e0 la b\u00e9n\u00e9vole de permanence intitul\u00e9 l\u2019UMP de Calais expulse : expulsons l\u2019UMP \u00bb avant de prendre la fuite, a-t-il ajout\u00e9.<\/p>\n<p>Interrog\u00e9, le porte-parole de l\u2019UMP 31 Pierre Esplugas a d\u00e9nonc\u00e9 \u00ab des m\u00e9thodes violentes et inacceptables \u00bb. \u00ab Ces gens se trompent de bouc \u00e9missaire : l\u2019UMP n\u2019est en rien responsable des expulsions de Calais \u00bb, a-t-il d\u00e9clar\u00e9 \u00e0 l\u2019AFP en se r\u00e9f\u00e9rant au gouvernement socialiste.<\/p>\n<p><strong>Et en ce qui concerne le d\u00e9mant\u00e8lement du camp de Sangatte en 2002 alors que Nicolas Sarkozy \u00e9tait ministre de l\u2019Int\u00e9rieur, M. Esplugas a exprim\u00e9 sa \u00ab surprise \u00bb<\/strong> \u00e0 la lecture du tract en sa possession, jugeant que \u00ab la question de Sangatte \u00e9tait ancienne \u00bb.<\/p>\n<p>Le centre de Sangatte \u00e0 Calais (Pas-de-Calais), qui h\u00e9bergeait en moyenne 1.500 migrants, avait \u00e9t\u00e9 ferm\u00e9 en 2002. Depuis, nombre de r\u00e9fugi\u00e9s dorment dans des parcs, dans le port et en divers endroits un peu dissimul\u00e9s de la ville en attendant de pouvoir embarquer clandestinement pour l\u2019Angleterre.<\/p>\n<p><strong>La ville de Calais a pour s\u00e9natrice-maire et conseill\u00e8re g\u00e9n\u00e9rale l\u2019UMP Natacha Bouchart. Elle administre les Calaisiens depuis 2008.<\/strong><\/p>\n","protected":false},"excerpt":{"rendered":"<p>lu et copi\u00e9 sur cette semaine Indy Nantes, 15 avril 2015 Mardi 14 avril 2015 le local UMP de Toulouse a \u00e9t\u00e9 expuls\u00e9. La mairie UMP de Calais organise depuis de nombreuses ann\u00e9es une politique raciste et s\u00e9curitaire contre les pauvres et notamment les migrant-e-s. Derni\u00e8rement elle a ouvert un centre d\u2019accueil de jour dans [&hellip;]<\/p>\n","protected":false},"author":7964,"featured_media":0,"comment_status":"closed","ping_status":"closed","sticky":false,"template":"","format":"standard","meta":{"footnotes":""},"categories":[1],"tags":[],"class_list":["post-1979","post","type-post","status-publish","format-standard","hentry","category-general"],"_links":{"self":[{"href":"https:\/\/lelaboratoireanarchiste.noblogs.org\/index.php?rest_route=\/wp\/v2\/posts\/1979","targetHints":{"allow":["GET"]}}],"collection":[{"href":"https:\/\/lelaboratoireanarchiste.noblogs.org\/index.php?rest_route=\/wp\/v2\/posts"}],"about":[{"href":"https:\/\/lelaboratoireanarchiste.noblogs.org\/index.php?rest_route=\/wp\/v2\/types\/post"}],"author":[{"embeddable":true,"href":"https:\/\/lelaboratoireanarchiste.noblogs.org\/index.php?rest_route=\/wp\/v2\/users\/7964"}],"replies":[{"embeddable":true,"href":"https:\/\/lelaboratoireanarchiste.noblogs.org\/index.php?rest_route=%2Fwp%2Fv2%2Fcomments&post=1979"}],"version-history":[{"count":2,"href":"https:\/\/lelaboratoireanarchiste.noblogs.org\/index.php?rest_route=\/wp\/v2\/posts\/1979\/revisions"}],"predecessor-version":[{"id":1981,"href":"https:\/\/lelaboratoireanarchiste.noblogs.org\/index.php?rest_route=\/wp\/v2\/posts\/1979\/revisions\/1981"}],"wp:attachment":[{"href":"https:\/\/lelaboratoireanarchiste.noblogs.org\/index.php?rest_route=%2Fwp%2Fv2%2Fmedia&parent=1979"}],"wp:term":[{"taxonomy":"category","embeddable":true,"href":"https:\/\/lelaboratoireanarchiste.noblogs.org\/index.php?rest_route=%2Fwp%2Fv2%2Fcategories&post=1979"},{"taxonomy":"post_tag","embeddable":true,"href":"https:\/\/lelaboratoireanarchiste.noblogs.org\/index.php?rest_route=%2Fwp%2Fv2%2Ftags&post=1979"}],"curies":[{"name":"wp","href":"https:\/\/api.w.org\/{rel}","templated":true}]}}