{"id":1934,"date":"2015-04-13T11:36:28","date_gmt":"2015-04-13T09:36:28","guid":{"rendered":"http:\/\/lelaboratoireanarchiste.noblogs.org\/?p=1934"},"modified":"2015-04-13T11:39:06","modified_gmt":"2015-04-13T09:39:06","slug":"solidarite-avec-les-prisonniers-grecs-et-ceux-de-la-section-as2-de-ferrara-en-lutte","status":"publish","type":"post","link":"https:\/\/lelaboratoireanarchiste.noblogs.org\/?p=1934","title":{"rendered":"Solidarit\u00e9 avec les prisonniers grecs et ceux de la section AS2 de Ferrara en lutte\u00a0\u00bb."},"content":{"rendered":"<p> Une affiche trouv\u00e9e dans les rues de Valence et de Portes les valence<br \/>\n<strong><br \/>\nLutte contre les prisons de type C en Gr\u00e8ce<\/strong><br \/>\nSi la nouvelle loi sur les prisons de type C est une nouvelle offensive d\u00e9gueulasse de ce monde carc\u00e9ral contre l\u2019irr\u00e9ductible esprit de r\u00e9volte qu\u2019aucune loi ni r\u00e9pression ne pourra jamais \u00e9touffer, elle n\u2019est pas plus que cela. Sur le mod\u00e8le des Quartiers de Haute S\u00e9curit\u00e9 en France ou du r\u00e9gime FIES en Espagne, elle n\u2019est qu\u2019une pierre ajout\u00e9e \u00e0 l\u2019\u00e9difice de la lutte des autorit\u00e9s contre les prisonniers de la guerre sociale. Tout particuli\u00e8rement dans un contexte comme celui de la Gr\u00e8ce, o\u00f9 la lutte arm\u00e9e et la proposition de l\u2019attaque diffuse, permanente et d\u00e9centralis\u00e9e, obtiennent l\u2019appui d\u2019un mouvement large et l\u2019approbation tacite de plusieurs parties de la population. Il s\u2019agit aussi pour l\u2019\u00c9tat grec d\u2019une partie de son offensive contre le mouvement r\u00e9volutionnaire et la r\u00e9volte diffuse qui l\u2019agite depuis les d\u00e9buts de leur \u00ab crise \u00bb et un certain mois de d\u00e9cembre 2008. Ce qui nous int\u00e9resse ici n\u2019est donc pas l\u2019\u00e9ni\u00e8me loi sc\u00e9l\u00e9rate du pouvoir, mais le souffle de rage qu\u2019elle a provoqu\u00e9, qu\u2019elle provoque encore et qu\u2019elle provoquera probablement jusqu\u2019\u00e0 la destruction de son id\u00e9e m\u00eame. Depuis le 2 Mars des prisonniers en Gr\u00e8ce luttent  contre les prisons de type c et l\u2018abolition de la loi anti-cagoule, abolition de l\u2019usage de l\u2019ADN en justice. Huit prisonniers anarchistes, tous membres du DAK, sont toujours en gr\u00e8ve de la faim dans divers h\u00f4pitaux et prisons grecs. Fivos Harisis a perdu 22% de son poids, il est \u00e0 l\u2019h\u00f4pital Attikon, \u00e0 Ath\u00e8nes, dans un \u00e9tat grave. En gr\u00e8ve depuis le 2 mars.Antonis Stamboulos a perdu 20,5% de son poids initial, il est \u00e0 l\u2019hopital Larissa, dans un \u00e9tat grave. En gr\u00e8ve depuis le 2 mars.Argyris Ntalios a perdu 18% de son poids initial, il est \u00e0 l\u2019h\u00f4pital Nikiaia \u00e0 Pir\u00e9e, dans un \u00e9tat grave. En gr\u00e8ve depuis le 2 mars.Giorgos Karagiannidis a perdu 17% de son poids initial, il est \u00e0 la prison de Koridallos, dans un \u00e9tat grave. En gr\u00e8ve depuis le 2 mars.Grigoris Sarafoudis a perdu 16% de son poids initial, il est \u00e0 la prison de Koridallos, dans un \u00e9tat grave. En gr\u00e8ve depuis le 9 marsDimitris Politis a perdu 10% de son poids initial, il est \u00e0 la prison de Koridallos. En gr\u00e8ve depuis le 16 mars.Andreas-Dimitris Bourzoukos a perdu 10% de son poids, il est \u00e0 la prison de Koridallos. En gr\u00e8ve de la faim depuis le 16 mars.Yannis Michailidis a perdu 8% de son poids initial, il est \u00e0 la prison de Koridallos. En gr\u00e8ve de la faim depuis le 23 mars.Quant \u00e0 Tasos Theofilou, il a suspendu sa gr\u00e8ve de la faim le  jeudi 9 avril<br \/>\n<strong>Le 1er avril Monte Calisio, Trento : compl\u00e8tement d\u00e9truite \u00e0 coups de masse la cabine-relais de Vodafone en solidarit\u00e9 avec les prisonniers grecs et ceux de la section AS2 de Ferraraen lutte\u00a0\u00bb.<br \/>\n<\/strong><br \/>\n<strong>Contre toute forme de pouvoir !<\/strong>!<\/p>\n<p><strong>Guerre sociale sur tous les fronts<\/strong><\/p>\n<p><strong>des invidu-e-s anarchiste<\/strong><\/p>\n","protected":false},"excerpt":{"rendered":"<p>Une affiche trouv\u00e9e dans les rues de Valence et de Portes les valence Lutte contre les prisons de type C en Gr\u00e8ce Si la nouvelle loi sur les prisons de type C est une nouvelle offensive d\u00e9gueulasse de ce monde carc\u00e9ral contre l\u2019irr\u00e9ductible esprit de r\u00e9volte qu\u2019aucune loi ni r\u00e9pression ne pourra jamais \u00e9touffer, elle [&hellip;]<\/p>\n","protected":false},"author":7964,"featured_media":0,"comment_status":"closed","ping_status":"closed","sticky":false,"template":"","format":"standard","meta":{"footnotes":""},"categories":[1],"tags":[],"class_list":["post-1934","post","type-post","status-publish","format-standard","hentry","category-general"],"_links":{"self":[{"href":"https:\/\/lelaboratoireanarchiste.noblogs.org\/index.php?rest_route=\/wp\/v2\/posts\/1934","targetHints":{"allow":["GET"]}}],"collection":[{"href":"https:\/\/lelaboratoireanarchiste.noblogs.org\/index.php?rest_route=\/wp\/v2\/posts"}],"about":[{"href":"https:\/\/lelaboratoireanarchiste.noblogs.org\/index.php?rest_route=\/wp\/v2\/types\/post"}],"author":[{"embeddable":true,"href":"https:\/\/lelaboratoireanarchiste.noblogs.org\/index.php?rest_route=\/wp\/v2\/users\/7964"}],"replies":[{"embeddable":true,"href":"https:\/\/lelaboratoireanarchiste.noblogs.org\/index.php?rest_route=%2Fwp%2Fv2%2Fcomments&post=1934"}],"version-history":[{"count":3,"href":"https:\/\/lelaboratoireanarchiste.noblogs.org\/index.php?rest_route=\/wp\/v2\/posts\/1934\/revisions"}],"predecessor-version":[{"id":1937,"href":"https:\/\/lelaboratoireanarchiste.noblogs.org\/index.php?rest_route=\/wp\/v2\/posts\/1934\/revisions\/1937"}],"wp:attachment":[{"href":"https:\/\/lelaboratoireanarchiste.noblogs.org\/index.php?rest_route=%2Fwp%2Fv2%2Fmedia&parent=1934"}],"wp:term":[{"taxonomy":"category","embeddable":true,"href":"https:\/\/lelaboratoireanarchiste.noblogs.org\/index.php?rest_route=%2Fwp%2Fv2%2Fcategories&post=1934"},{"taxonomy":"post_tag","embeddable":true,"href":"https:\/\/lelaboratoireanarchiste.noblogs.org\/index.php?rest_route=%2Fwp%2Fv2%2Ftags&post=1934"}],"curies":[{"name":"wp","href":"https:\/\/api.w.org\/{rel}","templated":true}]}}