{"id":1924,"date":"2015-04-10T20:16:36","date_gmt":"2015-04-10T18:16:36","guid":{"rendered":"http:\/\/lelaboratoireanarchiste.noblogs.org\/?p=1924"},"modified":"2015-04-10T20:18:58","modified_gmt":"2015-04-10T18:18:58","slug":"italie-communique-de-la-caisse-anti-repression-des-alpes-occidentales-sur-les-perquisitions-a-mentoulles-et-cuneo","status":"publish","type":"post","link":"https:\/\/lelaboratoireanarchiste.noblogs.org\/?p=1924","title":{"rendered":"[Italie] : Communiqu\u00e9 de la Caisse Anti R\u00e9pression des Alpes occidentales sur les perquisitions \u00e0 Mentoulles et Cuneo"},"content":{"rendered":"<p>lu et recopi\u00e9 sur <a href=\"http:\/\/www.non-fides.fr\/?Italie-Communique-de-la-Caisse\" title=\"Italie : Communiqu\u00e9 de la Caisse Anti R\u00e9pression des Alpes occidentales sur les perquisitions \u00e0 Mentoulles et Cuneo\">non fides<\/a><\/p>\n<p>[Voir l\u2019article sur les perquisitions de mars dernier \u00e0 Mentoulles et Cuneo<a href=\"http:\/\/www.non-fides.fr\/?Italie-perquisitions-a-Mentoulles\" title=\"Italie : perquisitions \u00e0 Mentoulles et Cuneo\"> ici<\/a>.]<\/p>\n<p>Le fondement de l\u2019enqu\u00eate, identique \u00e0 des dizaines d\u2019autres ces derni\u00e8res ann\u00e9es et dirig\u00e9e par les procureurs Padalino et Rinaudo, se base sur l\u2019identification d\u2019un double niveau des activit\u00e9s politiques : l\u2019un l\u00e9gal et public, l\u2019autre cach\u00e9 et hors-la-loi, en faisant r\u00e9f\u00e9rence \u00e0 des actions ill\u00e9gales non pr\u00e9cis\u00e9es.<\/p>\n<p>Un \u00e9l\u00e9ment d\u2019une certaine nouveaut\u00e9 dans cette enqu\u00eate est de pointer le doigt et la loupe vers les activit\u00e9s d\u2019une caisse de solidarit\u00e9 pour les prisonniers (dans ce cas la Caisse antir\u00e9pression des Alpes occidentales) et par cons\u00e9quent de vouloir mettre en accusation la pratique de la solidarit\u00e9.<\/p>\n<p>Attaquer ceux qui soutiennent les compagnons r\u00e9volutionnaires ou tous ceux qui sont soumis \u00e0 des conditions de privation de libert\u00e9, entraver la solidarit\u00e9 avec les prisonniers et rompre les liens et les contacts avec ceux qui sont hors de prison, cela a un go\u00fbt ancien et pr\u00e9occupant. Rendre ill\u00e9gales les activit\u00e9s de soutien aux prisonniers et la lutte contre la r\u00e9pression est un des aspects d\u2019une strat\u00e9gie inquisitrice, depuis toujours dans les mains des magistrats et des enqu\u00eateurs. Un adage d\u00e9j\u00e0 tent\u00e9 en Italie il y a des ann\u00e9es, et dans la p\u00e9ninsule ib\u00e9rique aujourd\u2019hui comme par le pass\u00e9.<\/p>\n<p>L\u2019objectif est de faire place nette de tout d\u00e9saccord et d\u2019effacer la solidarit\u00e9, except\u00e9 celle mis\u00e9rabiliste et la simple assistance ob\u00e9issant aux crit\u00e8res impos\u00e9s par l\u2019Etat, pour avoir les mains libres et mieux \u00e9touffer les conflits sociaux. En frappant la caisse de solidarit\u00e9 avec les prisonniers, on cherche \u00e0 isoler les prisonniers, \u00e0 menacer leurs familles, leurs amis et compagnons, \u00e0 briser leur r\u00e9sistance.<\/p>\n<p>La Caisse des Alpes est une exp\u00e9rience partag\u00e9e par de nombreuses personnes int\u00e9ress\u00e9es par la question de la prison et qui ne consid\u00e8rent pas la Loi comme une valeur en soi, elle na\u00eet de la n\u00e9cessit\u00e9 de prendre part avec constance \u00e0 la r\u00e9sistance face aux attaques de la r\u00e9pression, de produire une critique du syst\u00e8me carc\u00e9ral et de garantir du soutien \u00e0 ceux qui finissent en prison ou sont l\u2019objet d\u2019autres mesures restrictives. Conscients de l\u2019importance d\u2019un lien direct avec ceux qui sont enferm\u00e9s pour \u00e9viter leur isolement mais aussi les abus et l\u2019acharnement envers eux, et bien conscients que cette activit\u00e9 de r\u00e9sistance ne suffit pas \u00e0 elle seule, nous pensons de toute fa\u00e7on que c\u2019est un aspect ins\u00e9parable d\u2019autres pratiques et m\u00e9thodes partag\u00e9es dans les m\u00eames objectifs et contre les m\u00eames ennemis.<\/p>\n<p>Nous refusons la logique inquisitrice qui veut pointer certains d\u2019entre nous comme les principaux responsables de cette activit\u00e9 et nous r\u00e9p\u00e9tons notre ferme intention de continuer la pratique de la solidarit\u00e9, qui est un des aspects principaux de la lutte auquel nous n\u2019entendons pas renoncer.<\/p>\n<p>Aucune enqu\u00eate ne pourra nous faire oublier ou faire diminuer le soutien aux prisonniers r\u00e9volutionnaires accus\u00e9s d\u2019avoir tent\u00e9 de mettre en pi\u00e8ces l\u2019\u00e9tat actuel des choses et aux d\u00e9tenus rebelles, de jour en jour plus nombreux, qui cherchent \u00e0 survire dans les mailles toujours plus \u00e9troites du filet de ce syst\u00e8me.<\/p>\n<p>Dans un monde o\u00f9 la solidarit\u00e9 devient un crime, nous ne pouvons que nous d\u00e9clarer tous et toutes complices.<\/p>\n<p>Caisse AntiR\u00e9pression des Alpes occidentales.<\/p>\n<p>_<\/p>\n<p>[Traduit de l\u2019italien par nos soins d\u2019<a href=\"http:\/\/www.informa-azione.info\/comunicato_della_cassa_antirepressione_delle_alpi_occidentali_sulle_perquisizioni_a_mentoulles_e_cuneo\" title=\"Comunicato della Cassa Antirepressione delle Alpi Occidentali sulle perquisizioni a Mentoulles e Cuneo\">Informa-azione<\/a>.]<\/p>\n","protected":false},"excerpt":{"rendered":"<p>lu et recopi\u00e9 sur non fides [Voir l\u2019article sur les perquisitions de mars dernier \u00e0 Mentoulles et Cuneo ici.] Le fondement de l\u2019enqu\u00eate, identique \u00e0 des dizaines d\u2019autres ces derni\u00e8res ann\u00e9es et dirig\u00e9e par les procureurs Padalino et Rinaudo, se base sur l\u2019identification d\u2019un double niveau des activit\u00e9s politiques : l\u2019un l\u00e9gal et public, l\u2019autre [&hellip;]<\/p>\n","protected":false},"author":7964,"featured_media":0,"comment_status":"closed","ping_status":"closed","sticky":false,"template":"","format":"standard","meta":{"footnotes":""},"categories":[1],"tags":[],"class_list":["post-1924","post","type-post","status-publish","format-standard","hentry","category-general"],"_links":{"self":[{"href":"https:\/\/lelaboratoireanarchiste.noblogs.org\/index.php?rest_route=\/wp\/v2\/posts\/1924","targetHints":{"allow":["GET"]}}],"collection":[{"href":"https:\/\/lelaboratoireanarchiste.noblogs.org\/index.php?rest_route=\/wp\/v2\/posts"}],"about":[{"href":"https:\/\/lelaboratoireanarchiste.noblogs.org\/index.php?rest_route=\/wp\/v2\/types\/post"}],"author":[{"embeddable":true,"href":"https:\/\/lelaboratoireanarchiste.noblogs.org\/index.php?rest_route=\/wp\/v2\/users\/7964"}],"replies":[{"embeddable":true,"href":"https:\/\/lelaboratoireanarchiste.noblogs.org\/index.php?rest_route=%2Fwp%2Fv2%2Fcomments&post=1924"}],"version-history":[{"count":2,"href":"https:\/\/lelaboratoireanarchiste.noblogs.org\/index.php?rest_route=\/wp\/v2\/posts\/1924\/revisions"}],"predecessor-version":[{"id":1926,"href":"https:\/\/lelaboratoireanarchiste.noblogs.org\/index.php?rest_route=\/wp\/v2\/posts\/1924\/revisions\/1926"}],"wp:attachment":[{"href":"https:\/\/lelaboratoireanarchiste.noblogs.org\/index.php?rest_route=%2Fwp%2Fv2%2Fmedia&parent=1924"}],"wp:term":[{"taxonomy":"category","embeddable":true,"href":"https:\/\/lelaboratoireanarchiste.noblogs.org\/index.php?rest_route=%2Fwp%2Fv2%2Fcategories&post=1924"},{"taxonomy":"post_tag","embeddable":true,"href":"https:\/\/lelaboratoireanarchiste.noblogs.org\/index.php?rest_route=%2Fwp%2Fv2%2Ftags&post=1924"}],"curies":[{"name":"wp","href":"https:\/\/api.w.org\/{rel}","templated":true}]}}