{"id":1922,"date":"2015-04-10T10:05:04","date_gmt":"2015-04-10T08:05:04","guid":{"rendered":"http:\/\/lelaboratoireanarchiste.noblogs.org\/?p=1922"},"modified":"2015-04-10T10:05:29","modified_gmt":"2015-04-10T08:05:29","slug":"publication-recueil-sur-la-lutte-contre-les-prisons-de-type-c-en-grece","status":"publish","type":"post","link":"https:\/\/lelaboratoireanarchiste.noblogs.org\/?p=1922","title":{"rendered":"[Publication]    Recueil sur la lutte contre les prisons de type C en Gr\u00e8ce"},"content":{"rendered":"<p>\u00ab\u00a0Si la nouvelle loi sur les prisons de type C est une nouvelle<br \/>\noffensive d\u00e9gueulasse de ce monde carc\u00e9ral contre l\u2019irr\u00e9ductible<br \/>\nesprit de r\u00e9volte qu\u2019aucune loi ni r\u00e9pression ne pourra jamais<br \/>\n\u00e9touffer, elle n\u2019est pas plus que cela. Sur le mod\u00e8le des Quartiers de<br \/>\nHaute S\u00e9curit\u00e9 en France ou du r\u00e9gime FIES en Espagne, elle n\u2019est<br \/>\nqu\u2019une pierre ajout\u00e9e \u00e0 l\u2019\u00e9difice de la lutte des autorit\u00e9s contre les<br \/>\nprisonniers de la guerre sociale. Tout particuli\u00e8rement dans un<br \/>\ncontexte comme celui de la Gr\u00e8ce, o\u00f9 la lutte arm\u00e9e et la proposition<br \/>\nde l\u2019attaque diffuse, permanente et d\u00e9centralis\u00e9e, obtiennent l\u2019appui<br \/>\nd\u2019un mouvement large et l\u2019approbation tacite de plusieurs parties de<br \/>\nla population. Il s\u2019agit aussi pour l\u2019\u00c9tat grec d\u2019une partie de son<br \/>\noffensive contre le mouvement r\u00e9volutionnaire et la r\u00e9volte diffuse<br \/>\nqui l\u2019agite depuis les d\u00e9buts de leur \u00ab crise \u00bb et un certain mois de<br \/>\nd\u00e9cembre 2008. Ce qui nous int\u00e9resse ici n\u2019est donc pas l\u2019\u00e9ni\u00e8me loi<br \/>\nsc\u00e9l\u00e9rate du pouvoir, mais le souffle de rage qu\u2019elle a provoqu\u00e9,<br \/>\nqu\u2019elle provoque encore et qu\u2019elle provoquera probablement jusqu\u2019\u00e0 la<br \/>\ndestruction de son id\u00e9e m\u00eame.\u00a0\u00bb<\/p>\n<p>Recueil de textes et communiqu\u00e9s a propos de la lutte contre les prisons<br \/>\nde type C en Gr\u00e8ce \u2013 68 pages \u2013 f\u00e9vrier-avril 2015 &#8211; Ravage Editions.<\/p>\n<p>Sommaire :<\/p>\n<p>\u2022 Quelques chiffres p.3<br \/>\n\u2022 Carte des prisons grecques p.4<br \/>\n\u2022 Introduction p.5<br \/>\n\u2022 Quelques slogans entendus dans les rues de Gr\u00e8ce : p.13<br \/>\n\u2022 Contre les prisons de haute s\u00e9curit\u00e9 p.14<br \/>\n\u2022 Intervention dans la prison de Korydallos p.18<br \/>\n\u2022 Jusqu\u2019\u00e0 la destruction de la derni\u00e8re prison\u2026 p.20<br \/>\n\u2022 Contre les prisons de type C p.22<br \/>\n\u2022 Communiqu\u00e9 des prisonniers de la taule de Koridallos p.25<br \/>\n\u2022 Premi\u00e8re d\u00e9claration des d\u00e9tenus de type C p.26<br \/>\n\u2022 Deuxi\u00e8me d\u00e9claration des d\u00e9tenus de type C p.28<br \/>\n\u2022 Refus de remonter en cellule au bouclage \u00e0 Koridallos p.29<br \/>\n\u2022 Troisi\u00e8me d\u00e9claration des d\u00e9tenus de type C p.30<br \/>\n\u2022 Gr\u00e8ves de la faim dans les prisons grecques p.31<br \/>\n\u2022 D\u00e9claration de d\u00e9but de gr\u00e8ve de la faim du DAK p.34<br \/>\n\u2022 Manif solidaire \u00e0 Ath\u00e8nes p.39<br \/>\n\u2022 D\u00e9claration du DAK p.40<br \/>\n\u2022 Les membres de la CCF mettent fin \u00e0 leur gr\u00e8ve de la faim p.43<br \/>\n\u2022 Appel international du DAK p.44<br \/>\n\u2022 Chronologie non exhaustive de luttes entre les murs p.47<br \/>\n\u2022 Chronologie r\u00e9cente \u00e0 l\u2019ext\u00e9rieur p.57<br \/>\n\u2022 Annexe : Pour en finir avec le Prisonnier Politique p.63<\/p>\n<p>Brochure \u00e0 t\u00e9l\u00e9charger sur le site de Ravage Editions :<br \/>\n<a href=\"https:\/\/ravageeditions.noblogs.org\/post\/2015\/04\/08\/recueil-sur-la-lutte-contre-les-prisons-de-type-c-en-grece\" title=\"Recueil sur la lutte contre les prisons de type C en Gr\u00e8ce\">http:\/\/ravageeditions.noblogs.org\/post\/2015\/04\/08\/recueil-sur-la-lutte-contre-les-prisons-de-type-<\/a>c-en-grece\/<\/p>\n","protected":false},"excerpt":{"rendered":"<p>\u00ab\u00a0Si la nouvelle loi sur les prisons de type C est une nouvelle offensive d\u00e9gueulasse de ce monde carc\u00e9ral contre l\u2019irr\u00e9ductible esprit de r\u00e9volte qu\u2019aucune loi ni r\u00e9pression ne pourra jamais \u00e9touffer, elle n\u2019est pas plus que cela. Sur le mod\u00e8le des Quartiers de Haute S\u00e9curit\u00e9 en France ou du r\u00e9gime FIES en Espagne, elle [&hellip;]<\/p>\n","protected":false},"author":7964,"featured_media":0,"comment_status":"closed","ping_status":"closed","sticky":false,"template":"","format":"standard","meta":{"footnotes":""},"categories":[1],"tags":[],"class_list":["post-1922","post","type-post","status-publish","format-standard","hentry","category-general"],"_links":{"self":[{"href":"https:\/\/lelaboratoireanarchiste.noblogs.org\/index.php?rest_route=\/wp\/v2\/posts\/1922","targetHints":{"allow":["GET"]}}],"collection":[{"href":"https:\/\/lelaboratoireanarchiste.noblogs.org\/index.php?rest_route=\/wp\/v2\/posts"}],"about":[{"href":"https:\/\/lelaboratoireanarchiste.noblogs.org\/index.php?rest_route=\/wp\/v2\/types\/post"}],"author":[{"embeddable":true,"href":"https:\/\/lelaboratoireanarchiste.noblogs.org\/index.php?rest_route=\/wp\/v2\/users\/7964"}],"replies":[{"embeddable":true,"href":"https:\/\/lelaboratoireanarchiste.noblogs.org\/index.php?rest_route=%2Fwp%2Fv2%2Fcomments&post=1922"}],"version-history":[{"count":1,"href":"https:\/\/lelaboratoireanarchiste.noblogs.org\/index.php?rest_route=\/wp\/v2\/posts\/1922\/revisions"}],"predecessor-version":[{"id":1923,"href":"https:\/\/lelaboratoireanarchiste.noblogs.org\/index.php?rest_route=\/wp\/v2\/posts\/1922\/revisions\/1923"}],"wp:attachment":[{"href":"https:\/\/lelaboratoireanarchiste.noblogs.org\/index.php?rest_route=%2Fwp%2Fv2%2Fmedia&parent=1922"}],"wp:term":[{"taxonomy":"category","embeddable":true,"href":"https:\/\/lelaboratoireanarchiste.noblogs.org\/index.php?rest_route=%2Fwp%2Fv2%2Fcategories&post=1922"},{"taxonomy":"post_tag","embeddable":true,"href":"https:\/\/lelaboratoireanarchiste.noblogs.org\/index.php?rest_route=%2Fwp%2Fv2%2Ftags&post=1922"}],"curies":[{"name":"wp","href":"https:\/\/api.w.org\/{rel}","templated":true}]}}