{"id":1912,"date":"2015-04-09T09:38:46","date_gmt":"2015-04-09T07:38:46","guid":{"rendered":"http:\/\/lelaboratoireanarchiste.noblogs.org\/?p=1912"},"modified":"2015-04-09T09:42:08","modified_gmt":"2015-04-09T07:42:08","slug":"abstentionnistes-continuons-le-combat","status":"publish","type":"post","link":"https:\/\/lelaboratoireanarchiste.noblogs.org\/?p=1912","title":{"rendered":"[Valence et Romans] Abstentionnistes, continuons le combat"},"content":{"rendered":"<p><strong>On l\u00e2che rien ! le 9 Avril \u00e0 Valence, rassemblons nous nombreuses et nombreux<\/strong> !<\/p>\n<p>pourquoi faire gr\u00e8ve et se mobiliser dans la rue le 9 Avril ?<\/p>\n<p>du c\u00f4t\u00e9 des lyc\u00e9en-ne-s et \u00e9tudiant-e-s, \u00e7a se pr\u00e9pare aussi \u00e7a et l\u00e0 a agir le 9 !<\/p>\n<p>il y aura une grosse manif \u00e0 Paris. mais \u00e0 Valence on va pas rester les bras crois\u00e9s ! faut qu\u2019on fasse entendre notre col\u00e8re au patronat et au gouvernement et \u00e0 ces faux derch de l&rsquo;UMP!<\/p>\n<p>Alors qu\u2019on se le dise = RDV \u00e0 14h devant la pr\u00e9fecture arriv\u00e9 avant 14h30 d\u00e9part de la manifestation, en fin de manif  RDV sur l&rsquo;esplanade du champ de Mars(dans le parc jouvet peut \u00eatre AG de lutte) pour construire la continuation de ce 9 avril<br \/>\n<strong>\u00ab\u00a0M\u00eame si il nous est arriv\u00e9 de d\u00e9non\u00e7er les manifs traine-savates sans lendemain, nous sommes aujourd&rsquo;hui contents de participer \u00e0 cette journ\u00e9e interprofessionnelle tant la situation sociale faite \u00e0 notre classe est au plus bas. Aucun d&rsquo;entre nous n&rsquo;a connu une pareille \u00e9poque<\/strong>.\u00a0\u00bb<\/p>\n<p>Parlez du 9 autour de vous, faites du bouche \u00e0 oreilles, contactez vos coll\u00e8gues et vos familles, parlez en a vos coll\u00e8gues syndicalistes,<br \/>\n\u00ab\u00a0<strong>Nous, notre objectif est d\u2019avoir d\u2019autres bonheurs que de parvenir us\u00e9s \u00e0 la vieillesse. La vie que vous nous volez, dont vous disposez comme bon vous semble, nous voulons en profiter en pleine jouissance. Nous voulons oeuvrer, besogner oui, mais pour construire une soci\u00e9t\u00e9 sans privil\u00e8ges, sans pouvoir \u00ab\u00a0d&rsquo;\u00e9lites\u00a0\u00bb qui permettra \u00e0 chacun de mener sa vie comme il l&rsquo;entend.<\/strong>\u00a0\u00bb<\/p>\n","protected":false},"excerpt":{"rendered":"<p>On l\u00e2che rien ! le 9 Avril \u00e0 Valence, rassemblons nous nombreuses et nombreux ! pourquoi faire gr\u00e8ve et se mobiliser dans la rue le 9 Avril ? du c\u00f4t\u00e9 des lyc\u00e9en-ne-s et \u00e9tudiant-e-s, \u00e7a se pr\u00e9pare aussi \u00e7a et l\u00e0 a agir le 9 ! il y aura une grosse manif \u00e0 Paris. mais [&hellip;]<\/p>\n","protected":false},"author":7964,"featured_media":0,"comment_status":"closed","ping_status":"closed","sticky":false,"template":"","format":"standard","meta":{"footnotes":""},"categories":[1],"tags":[],"class_list":["post-1912","post","type-post","status-publish","format-standard","hentry","category-general"],"_links":{"self":[{"href":"https:\/\/lelaboratoireanarchiste.noblogs.org\/index.php?rest_route=\/wp\/v2\/posts\/1912","targetHints":{"allow":["GET"]}}],"collection":[{"href":"https:\/\/lelaboratoireanarchiste.noblogs.org\/index.php?rest_route=\/wp\/v2\/posts"}],"about":[{"href":"https:\/\/lelaboratoireanarchiste.noblogs.org\/index.php?rest_route=\/wp\/v2\/types\/post"}],"author":[{"embeddable":true,"href":"https:\/\/lelaboratoireanarchiste.noblogs.org\/index.php?rest_route=\/wp\/v2\/users\/7964"}],"replies":[{"embeddable":true,"href":"https:\/\/lelaboratoireanarchiste.noblogs.org\/index.php?rest_route=%2Fwp%2Fv2%2Fcomments&post=1912"}],"version-history":[{"count":3,"href":"https:\/\/lelaboratoireanarchiste.noblogs.org\/index.php?rest_route=\/wp\/v2\/posts\/1912\/revisions"}],"predecessor-version":[{"id":1915,"href":"https:\/\/lelaboratoireanarchiste.noblogs.org\/index.php?rest_route=\/wp\/v2\/posts\/1912\/revisions\/1915"}],"wp:attachment":[{"href":"https:\/\/lelaboratoireanarchiste.noblogs.org\/index.php?rest_route=%2Fwp%2Fv2%2Fmedia&parent=1912"}],"wp:term":[{"taxonomy":"category","embeddable":true,"href":"https:\/\/lelaboratoireanarchiste.noblogs.org\/index.php?rest_route=%2Fwp%2Fv2%2Fcategories&post=1912"},{"taxonomy":"post_tag","embeddable":true,"href":"https:\/\/lelaboratoireanarchiste.noblogs.org\/index.php?rest_route=%2Fwp%2Fv2%2Ftags&post=1912"}],"curies":[{"name":"wp","href":"https:\/\/api.w.org\/{rel}","templated":true}]}}