{"id":1906,"date":"2015-04-08T23:07:27","date_gmt":"2015-04-08T21:07:27","guid":{"rendered":"http:\/\/lelaboratoireanarchiste.noblogs.org\/?p=1906"},"modified":"2015-04-08T23:16:35","modified_gmt":"2015-04-08T21:16:35","slug":"athenes-molotovs-et-affrontements-contre-les-prisons-de-type-c","status":"publish","type":"post","link":"https:\/\/lelaboratoireanarchiste.noblogs.org\/?p=1906","title":{"rendered":"Ath\u00e8nes : molotovs et affrontements contre les prisons de type C"},"content":{"rendered":"<p>information provenant de <a href=\"http:\/\/cettesemaine.info\/breves\/spip.php?article918&amp;lang=fr\" title=\"Ath\u00e8nes : molotovs et affrontements contre les prisons de type C\">Br\u00e8ves du d\u00e9sordre<\/a><br \/>\n<strong>Gr\u00e8ce : heurts entre anarchistes et policiers<\/strong><\/p>\n<p>AFP, 8\/04\/2015 | 08:26<\/p>\n<p>Affrontements dans le c\u0153ur d\u2019Ath\u00e8nes. <strong>Des heurts ont \u00e9clat\u00e9, mardi 7 avril dans la soir\u00e9e, entre la police et les manifestants dans le centre de la capitale grecque apr\u00e8s un d\u00e9fil\u00e9 de la mouvance anarchiste. E<\/strong>lle demande au gouvernement de gauche radicale d\u2019abroger plusieurs dispositions p\u00e9nales adopt\u00e9es par les gouvernements pr\u00e9c\u00e9dents.<\/p>\n<p>\u00ab\u00a0<strong>Feu aux prisons\u00a0\u00bb<\/strong><\/p>\n<p>A la fin de la manifestation, qui a rassembl\u00e9 des centaines de personnes, <strong>des incidents ont oppos\u00e9 la police \u00e0 quelques dizaines de personnes qui ont jet\u00e9 des pierres et cocktails molotov. Les heurts se sont rapidement circonscrits, comme souvent, aux rues entourant l\u2019Ecole polytechnique au c\u0153ur d\u2019Exarcheia, quartier contestataire d\u2019Ath\u00e8nes o\u00f9 des poubelles ont br\u00fbl\u00e9 et du mat\u00e9riel urbain a \u00e9t\u00e9 d\u00e9grad\u00e9. Des slogans contestataires ont \u00e9galement \u00e9t\u00e9 tagu\u00e9s sur les murets d\u2019enceinte du parlement, de l\u2019autre c\u00f4t\u00e9 du centre-ville, proclamant la \u00ab\u00a0guerre \u00e0 la d\u00e9mocratie\u00a0\u00bb ou \u00ab\u00a0feu aux prisons\u00a0\u00bb.<\/strong><\/p>\n<p>La mouvance anarchiste grecque a augment\u00e9 la pression ces derni\u00e8res semaines sur le gouvernement de gauche radicale en multipliant les op\u00e9rations coup de poing, notamment \u00e0 travers des occupations de b\u00e2timents publics ou de permanences du parti Syriza. Les protestataires souhaitent que le gouvernement, qui a d\u00e9pos\u00e9 un projet de loin supprimant notamment les prisons de haute s\u00e9curit\u00e9, aille plus loin dans l\u2019abolition des mesures p\u00e9nales jug\u00e9es \u00ab\u00a0s\u00e9curitaires\u00a0\u00bb prises par les gouvernements pr\u00e9c\u00e9dents.<\/p>\n<p><strong>Gr\u00e8ce : entre Syriza et les anarchistes, la guerre des nerfs<\/strong><\/p>\n<p>AFP, publi\u00e9 le 05\/04\/2015 \u00e0 15:49<\/p>\n<p>Ath\u00e8nes &#8211; Ils ont envahi une permanence \u00e9lectorale ici, pris leurs quartiers dans une universit\u00e9 ailleurs : depuis plusieurs semaines, les militants de la mouvance anarchiste grecque multiplient les actions coup de poing, jouant avec les nerfs du gouvernement de gauche radicale.<\/p>\n<p>La premi\u00e8re occupation, d\u00e9but mars, avait surpris, un peu plus d\u2019un mois apr\u00e8s l\u2019arriv\u00e9e au pouvoir de la gauche antiaust\u00e9rit\u00e9 : un groupe d\u2019anarchistes avait envahi le si\u00e8ge de Syriza \u00e0 Ath\u00e8nes, d\u00e9roulant sur la fa\u00e7ade leurs slogans en noir et rouge en soutien \u00e0 des activistes incarc\u00e9r\u00e9s pour des attaques arm\u00e9es.<\/p>\n<p>Puis une sorte de rituel s\u2019est install\u00e9. A chaque semaine, son nouveau lieu occup\u00e9 pour quelques heures ou quelques jours, dans la capitale ou en province, avec g\u00e9n\u00e9ralement interdiction d\u2019acc\u00e8s aux usagers le temps de l\u2019op\u00e9ration : cinq jours pour la facult\u00e9 de droit d\u2019Ath\u00e8nes, six jours pour les studios de la radio \u00ab\u00a0Sto Kokkino\u00a0\u00bb, propri\u00e9t\u00e9 de Syriza ; depuis lundi, c\u2019est au tour de l\u2019administration de l\u2019universit\u00e9 d\u2019Ath\u00e8nes, un b\u00e2timent de prestige en centre-ville.<\/p>\n<p>Mercredi, une partie des employ\u00e9s de l\u2019universit\u00e9 rongeaient leur frein dans une protestation silencieuse \u00e0 quelques m\u00e8tres de leurs bureaux occup\u00e9s : \u00ab\u00a0Ce n\u2019\u00e9tait pas arriv\u00e9 depuis des ann\u00e9es, pas de cette fa\u00e7on-l\u00e0, on ne peut pas travailler alors que l\u2019universit\u00e9 est d\u00e9j\u00e0 dans une situation tr\u00e8s difficile \u00e0 cause des coupes budg\u00e9taires\u00a0\u00bb, se plaignait le vice-recteur Thomas Sphicopoulos.<\/p>\n<p>Un enseignant, sous couvert d\u2019anonymat, jugeait s\u00e9v\u00e8rement l\u2019absence de r\u00e9action des autorit\u00e9s : \u00ab\u00a0o\u00f9 est le respect de la libert\u00e9, o\u00f9 est l\u2019Etat \u2019\u00a0\u00bb.<\/p>\n<p>L\u2019Etat\u2019 \u00ab\u00a0Il est l\u00e0, il dialogue. Une intervention de la police ne ferait qu\u2019accro\u00eetre la tension. Nous cherchons au contraire \u00e0 apaiser la tension\u00a0\u00bb, d\u00e9fend un responsable gouvernemental aupr\u00e8s de l\u2019AFP.<\/p>\n<p><strong>&#8211; Dissonances &#8211;<\/strong><\/p>\n<p>Syriza a r\u00e9guli\u00e8rement critiqu\u00e9, lorsque le parti \u00e9tait dans l\u2019opposition, la r\u00e9pression polici\u00e8re des manifestations des derni\u00e8res ann\u00e9es, notamment celles contre l\u2019aust\u00e9rit\u00e9.<\/p>\n<p>La formation avait \u00e9galement pris position contre la l\u00e9gislation antiterroriste \u00e9toff\u00e9e par les gouvernements pr\u00e9c\u00e9dents en r\u00e9action \u00e0 l\u2019activisme des mouvements \u00ab\u00a0r\u00e9volutionnaires\u00a0\u00bb grecs d\u2019extr\u00eame gauche, qui revendiquent ponctuellement des attaques arm\u00e9es contre des cibles diplomatiques, \u00e9tatiques ou \u00e9conomiques, lesquelles n\u2019ont pas fait de victime ces derni\u00e8res ann\u00e9es.<\/p>\n<p><strong>L\u2019abolition de cette l\u00e9gislation antiterroriste est l\u2019une des revendications des anarchistes mobilis\u00e9s depuis un mois. Ils demandent aussi la lib\u00e9ration d\u2019un membre du groupe r\u00e9volutionnaire 17 novembre, qui est en mauvaise sant\u00e9, et la fermeture des nouvelles prisons de tr\u00e8s haute s\u00e9curit\u00e9.<\/strong><\/p>\n<p>Le gouvernement s\u2019\u00e9tait engag\u00e9 sur ce dernier point et un projet de loi supprimant ces \u00e9tablissements a \u00e9t\u00e9 d\u00e9pos\u00e9 au parlement.<\/p>\n<p>\u00ab\u00a0Insuffisant\u00a0\u00bb, selon un des \u00ab\u00a0occupants\u00a0\u00bb de la radio \u00ab\u00a0Sto Kokkino\u00a0\u00bb, interrog\u00e9 par l\u2019AFP. Que Syriza tienne un discours moins intransigeant envers les \u00ab\u00a0antiautoritaires\u00a0\u00bb, comme ils se nomment, n\u2019\u00e9meut gu\u00e8re ce tr\u00e8s jeune homme : \u00ab\u00a0aujourd\u2019hui c\u2019est un gouvernement, point\u00a0\u00bb.<\/p>\n<p>\u00ab\u00a0Les anarchistes multiplient les provocations parce qu\u2019ils voient que le gouvernement h\u00e9site \u00e0 apporter une r\u00e9ponse forte sous peine d\u2019\u00eatre accus\u00e9 de mener la m\u00eame politique que ses pr\u00e9d\u00e9cesseurs. Ils exploitent la faille\u00a0\u00bb, observe l\u2019universitaire Theodoros Papatheodorou, ancien vice-ministre de l\u2019Education de centre-gauche.<\/p>\n<p>Paradoxalement, c\u2019est l\u2019op\u00e9ration la plus fugace men\u00e9e r\u00e9cemment par les \u00ab\u00a0antiautoritaires\u00a0\u00bb qui a r\u00e9v\u00e9l\u00e9 des dissonances au sein de la majorit\u00e9.<\/p>\n<p>Apr\u00e8s une br\u00e8ve incursion, jeudi, d\u2019un petit nombre d\u2019entre eux dans la cour du parlement o\u00f9 ils ont d\u00e9ploy\u00e9 une banderole, le gouvernement a \u00e9mis un communiqu\u00e9 d\u00e9non\u00e7ant une action \u00ab\u00a0provocante et incompr\u00e9hensible\u00a0\u00bb, l\u00e0 o\u00f9 la pr\u00e9sidente de l\u2019assembl\u00e9e Zoe Konstantopoulou a vu une simple \u00ab\u00a0protestation\u00a0\u00bb d\u2019une quinzaine de \u00ab\u00a0citoyens\u00a0\u00bb.<\/p>\n<p>Le lendemain, le ministre de la Protection du citoyen, Yannis Panousis, responsable des forces de l\u2019ordre, s\u2019est offert une tribune dans le principal quotidien du pays, Ta Nea, sonnant comme un avertissement \u00e0 sa majorit\u00e9 et \u00e0 \u00ab\u00a0ceux qui pensent qu\u2019un gouvernement de gauche signifie un pays et une ville sans d\u00e9fense\u00a0\u00bb, aux \u00ab\u00a0puristes de la gauche qui qualifient de +fasciste+ ce qui ne leur pla\u00eet pas\u00a0\u00bb.<\/p>\n<p>Mais \u00e0 l\u2019opposition de droite survolt\u00e9e par ces propos, et qui s\u2019\u00e9tait engouffr\u00e9e dans la br\u00e8che, le ministre a tranquillement r\u00e9pliqu\u00e9 quelques heures plus tard, sans craindre la cacophonie, qu\u2019elle en faisait une \u00ab\u00a0interpr\u00e9tation malintentionn\u00e9e\u00a0\u00bb et qu\u2019il soutenait totalement le gouvernement.<\/p>\n","protected":false},"excerpt":{"rendered":"<p>information provenant de Br\u00e8ves du d\u00e9sordre Gr\u00e8ce : heurts entre anarchistes et policiers AFP, 8\/04\/2015 | 08:26 Affrontements dans le c\u0153ur d\u2019Ath\u00e8nes. Des heurts ont \u00e9clat\u00e9, mardi 7 avril dans la soir\u00e9e, entre la police et les manifestants dans le centre de la capitale grecque apr\u00e8s un d\u00e9fil\u00e9 de la mouvance anarchiste. Elle demande au [&hellip;]<\/p>\n","protected":false},"author":7964,"featured_media":0,"comment_status":"closed","ping_status":"closed","sticky":false,"template":"","format":"standard","meta":{"footnotes":""},"categories":[1],"tags":[],"class_list":["post-1906","post","type-post","status-publish","format-standard","hentry","category-general"],"_links":{"self":[{"href":"https:\/\/lelaboratoireanarchiste.noblogs.org\/index.php?rest_route=\/wp\/v2\/posts\/1906","targetHints":{"allow":["GET"]}}],"collection":[{"href":"https:\/\/lelaboratoireanarchiste.noblogs.org\/index.php?rest_route=\/wp\/v2\/posts"}],"about":[{"href":"https:\/\/lelaboratoireanarchiste.noblogs.org\/index.php?rest_route=\/wp\/v2\/types\/post"}],"author":[{"embeddable":true,"href":"https:\/\/lelaboratoireanarchiste.noblogs.org\/index.php?rest_route=\/wp\/v2\/users\/7964"}],"replies":[{"embeddable":true,"href":"https:\/\/lelaboratoireanarchiste.noblogs.org\/index.php?rest_route=%2Fwp%2Fv2%2Fcomments&post=1906"}],"version-history":[{"count":5,"href":"https:\/\/lelaboratoireanarchiste.noblogs.org\/index.php?rest_route=\/wp\/v2\/posts\/1906\/revisions"}],"predecessor-version":[{"id":1911,"href":"https:\/\/lelaboratoireanarchiste.noblogs.org\/index.php?rest_route=\/wp\/v2\/posts\/1906\/revisions\/1911"}],"wp:attachment":[{"href":"https:\/\/lelaboratoireanarchiste.noblogs.org\/index.php?rest_route=%2Fwp%2Fv2%2Fmedia&parent=1906"}],"wp:term":[{"taxonomy":"category","embeddable":true,"href":"https:\/\/lelaboratoireanarchiste.noblogs.org\/index.php?rest_route=%2Fwp%2Fv2%2Fcategories&post=1906"},{"taxonomy":"post_tag","embeddable":true,"href":"https:\/\/lelaboratoireanarchiste.noblogs.org\/index.php?rest_route=%2Fwp%2Fv2%2Ftags&post=1906"}],"curies":[{"name":"wp","href":"https:\/\/api.w.org\/{rel}","templated":true}]}}