{"id":1902,"date":"2015-04-08T13:21:54","date_gmt":"2015-04-08T11:21:54","guid":{"rendered":"http:\/\/lelaboratoireanarchiste.noblogs.org\/?p=1902"},"modified":"2015-04-08T13:22:32","modified_gmt":"2015-04-08T11:22:32","slug":"lyon-feu-aux-chapelles","status":"publish","type":"post","link":"https:\/\/lelaboratoireanarchiste.noblogs.org\/?p=1902","title":{"rendered":"Lyon : Feu aux chapelles !"},"content":{"rendered":"<p>lu et recopi\u00e9sur le b<a href=\"https:\/\/attaque.noblogs.org\/post\/2015\/04\/07\/lyon-feu-aux-chapelles\" title=\"Lyon : Feu aux chapelles !\">log attaque<\/a><\/p>\n<p>Un incendie a d\u00e9truit dans la nuit de mardi 31 mars \u00e0 mercredi 1er avril la chapelle du coll\u00e8ge priv\u00e9 catholique Fran\u00e7ois-et-Jacinthe-de-Fatima, dans le 9e arrondissement de Lyon. Cet \u00e9tablissement est hors contrat avec l\u2019\u00c9tat mais agr\u00e9\u00e9 par le dioc\u00e8se de Lyon.<\/p>\n<p>La chapelle a \u00e9t\u00e9 enti\u00e8rement d\u00e9truite par cet incendie dont l\u2019origine est ind\u00e9termin\u00e9e. Une enqu\u00eate aura \u00e0 en d\u00e9terminer les causes, pr\u00e9cise le dioc\u00e8se de Lyon dans un communiqu\u00e9. L\u2019administration du coll\u00e8ge pr\u00e9cise sur sa page Facebook que le tabernacle en marbre a \u00e9t\u00e9 fractur\u00e9.<\/p>\n<p>Le cardinal Philippe Barbarin, archev\u00eaque de Lyon, s\u2019est rendu sur place mercredi 1er avril avec le directeur dioc\u00e9sain de l\u2019Enseignement catholique, Gilles de Bailliencourt, apportant son soutien aux \u00e9l\u00e8ves et \u00e0 l\u2019\u00e9quipe \u00e9ducative du coll\u00e8ge.<\/p>\n","protected":false},"excerpt":{"rendered":"<p>lu et recopi\u00e9sur le blog attaque Un incendie a d\u00e9truit dans la nuit de mardi 31 mars \u00e0 mercredi 1er avril la chapelle du coll\u00e8ge priv\u00e9 catholique Fran\u00e7ois-et-Jacinthe-de-Fatima, dans le 9e arrondissement de Lyon. Cet \u00e9tablissement est hors contrat avec l\u2019\u00c9tat mais agr\u00e9\u00e9 par le dioc\u00e8se de Lyon. La chapelle a \u00e9t\u00e9 enti\u00e8rement d\u00e9truite par [&hellip;]<\/p>\n","protected":false},"author":7964,"featured_media":0,"comment_status":"closed","ping_status":"closed","sticky":false,"template":"","format":"standard","meta":{"footnotes":""},"categories":[1],"tags":[],"class_list":["post-1902","post","type-post","status-publish","format-standard","hentry","category-general"],"_links":{"self":[{"href":"https:\/\/lelaboratoireanarchiste.noblogs.org\/index.php?rest_route=\/wp\/v2\/posts\/1902","targetHints":{"allow":["GET"]}}],"collection":[{"href":"https:\/\/lelaboratoireanarchiste.noblogs.org\/index.php?rest_route=\/wp\/v2\/posts"}],"about":[{"href":"https:\/\/lelaboratoireanarchiste.noblogs.org\/index.php?rest_route=\/wp\/v2\/types\/post"}],"author":[{"embeddable":true,"href":"https:\/\/lelaboratoireanarchiste.noblogs.org\/index.php?rest_route=\/wp\/v2\/users\/7964"}],"replies":[{"embeddable":true,"href":"https:\/\/lelaboratoireanarchiste.noblogs.org\/index.php?rest_route=%2Fwp%2Fv2%2Fcomments&post=1902"}],"version-history":[{"count":1,"href":"https:\/\/lelaboratoireanarchiste.noblogs.org\/index.php?rest_route=\/wp\/v2\/posts\/1902\/revisions"}],"predecessor-version":[{"id":1903,"href":"https:\/\/lelaboratoireanarchiste.noblogs.org\/index.php?rest_route=\/wp\/v2\/posts\/1902\/revisions\/1903"}],"wp:attachment":[{"href":"https:\/\/lelaboratoireanarchiste.noblogs.org\/index.php?rest_route=%2Fwp%2Fv2%2Fmedia&parent=1902"}],"wp:term":[{"taxonomy":"category","embeddable":true,"href":"https:\/\/lelaboratoireanarchiste.noblogs.org\/index.php?rest_route=%2Fwp%2Fv2%2Fcategories&post=1902"},{"taxonomy":"post_tag","embeddable":true,"href":"https:\/\/lelaboratoireanarchiste.noblogs.org\/index.php?rest_route=%2Fwp%2Fv2%2Ftags&post=1902"}],"curies":[{"name":"wp","href":"https:\/\/api.w.org\/{rel}","templated":true}]}}