{"id":1886,"date":"2015-04-07T09:36:17","date_gmt":"2015-04-07T07:36:17","guid":{"rendered":"http:\/\/lelaboratoireanarchiste.noblogs.org\/?p=1886"},"modified":"2015-04-07T10:00:51","modified_gmt":"2015-04-07T08:00:51","slug":"une-femme-detenue-a-corbas-meurt-brulee-dans-sa-cellule","status":"publish","type":"post","link":"https:\/\/lelaboratoireanarchiste.noblogs.org\/?p=1886","title":{"rendered":"[ Grand Lyon]Une femme d\u00e9tenue \u00e0 Corbas meurt br\u00fbl\u00e9e dans sa cellule !"},"content":{"rendered":"<p>relev\u00e9 sur<a href=\"http:\/\/rebellyon.info\/Une-femme-detenus-a-Corbas-meurt-brule.html\" title=\"Une femme d\u00e9tenue \u00e0 Corbas meurt br\u00fbl\u00e9e dans sa cellule !\"> rebellyon .infos<\/a><br \/>\nDimanche midi dans le quartier pour femmes de la taule de Corbas un incendie s\u2019est d\u00e9clar\u00e9 dans une cellule.<\/p>\n<p>Malgr\u00e9 l\u2019intervention des pompiers, une femme d\u2019une trentaine d\u2019ann\u00e9es d\u00e9tenue dans cette cellule, n\u2019a pas surv\u00e9cu aux blessures caus\u00e9es par le feu.<\/p>\n<p>Pour Le Progr\u00e8s qui relaie la version des Porcs, il s\u2019agirait d\u2019un suicide (le journal titre d\u2019ailleurs de mani\u00e8re racoleuse :<\/p>\n<p>    \u00a0\u00bb une femme s\u2019immole dans sa cellule \u00ab\u00a0.<\/p>\n<p>MLyon et LyonMag sont plus mod\u00e9r\u00e9s dans leur propos expliquant que :<\/p>\n<p>    \u00ab\u00a0Les circonstances de l\u2019incendie restent encore floues.\u00a0\u00bb<\/p>\n<p>Quoi qu\u2019il en soit, il s\u2019accordent tous pour nous dirent que : \u00ab\u00a0Une enqu\u00eate est actuellement en cours\u00a0\u00bb, resta \u00e0 savoir si elle prendra fin un jour &#8230;<\/p>\n<p>Solidarit\u00e9 avec toutes les prisonni\u00e8res et prisonniers ainsi qu\u2019avec leurs proches !<\/p>\n<p>Que cr\u00e8vent toutes les Taules !!<\/p>\n<p> et en compl\u00e9ment un article du <a href=\"http:\/\/www.liberation.fr\/societe\/2015\/04\/06\/suicide-d-une-detenue-la-volonte-de-s-immoler-ne-fait-pas-de-doute_1235828\" title=\"Suicide d'une d\u00e9tenue : \u00abLa volont\u00e9 de s\u2019immoler ne fait pas de doute\u00bb\">journal lib\u00e9ration<\/a> . Ce journal  qui \u00e9tait financ\u00e9 par des braqueurs \u00e0 son origine. <\/p>\n","protected":false},"excerpt":{"rendered":"<p>relev\u00e9 sur rebellyon .infos Dimanche midi dans le quartier pour femmes de la taule de Corbas un incendie s\u2019est d\u00e9clar\u00e9 dans une cellule. Malgr\u00e9 l\u2019intervention des pompiers, une femme d\u2019une trentaine d\u2019ann\u00e9es d\u00e9tenue dans cette cellule, n\u2019a pas surv\u00e9cu aux blessures caus\u00e9es par le feu. Pour Le Progr\u00e8s qui relaie la version des Porcs, il [&hellip;]<\/p>\n","protected":false},"author":7964,"featured_media":0,"comment_status":"closed","ping_status":"closed","sticky":false,"template":"","format":"standard","meta":{"footnotes":""},"categories":[1],"tags":[],"class_list":["post-1886","post","type-post","status-publish","format-standard","hentry","category-general"],"_links":{"self":[{"href":"https:\/\/lelaboratoireanarchiste.noblogs.org\/index.php?rest_route=\/wp\/v2\/posts\/1886","targetHints":{"allow":["GET"]}}],"collection":[{"href":"https:\/\/lelaboratoireanarchiste.noblogs.org\/index.php?rest_route=\/wp\/v2\/posts"}],"about":[{"href":"https:\/\/lelaboratoireanarchiste.noblogs.org\/index.php?rest_route=\/wp\/v2\/types\/post"}],"author":[{"embeddable":true,"href":"https:\/\/lelaboratoireanarchiste.noblogs.org\/index.php?rest_route=\/wp\/v2\/users\/7964"}],"replies":[{"embeddable":true,"href":"https:\/\/lelaboratoireanarchiste.noblogs.org\/index.php?rest_route=%2Fwp%2Fv2%2Fcomments&post=1886"}],"version-history":[{"count":4,"href":"https:\/\/lelaboratoireanarchiste.noblogs.org\/index.php?rest_route=\/wp\/v2\/posts\/1886\/revisions"}],"predecessor-version":[{"id":1890,"href":"https:\/\/lelaboratoireanarchiste.noblogs.org\/index.php?rest_route=\/wp\/v2\/posts\/1886\/revisions\/1890"}],"wp:attachment":[{"href":"https:\/\/lelaboratoireanarchiste.noblogs.org\/index.php?rest_route=%2Fwp%2Fv2%2Fmedia&parent=1886"}],"wp:term":[{"taxonomy":"category","embeddable":true,"href":"https:\/\/lelaboratoireanarchiste.noblogs.org\/index.php?rest_route=%2Fwp%2Fv2%2Fcategories&post=1886"},{"taxonomy":"post_tag","embeddable":true,"href":"https:\/\/lelaboratoireanarchiste.noblogs.org\/index.php?rest_route=%2Fwp%2Fv2%2Ftags&post=1886"}],"curies":[{"name":"wp","href":"https:\/\/api.w.org\/{rel}","templated":true}]}}