{"id":1878,"date":"2015-04-06T11:22:17","date_gmt":"2015-04-06T09:22:17","guid":{"rendered":"http:\/\/lelaboratoireanarchiste.noblogs.org\/?p=1878"},"modified":"2015-04-06T11:33:05","modified_gmt":"2015-04-06T09:33:05","slug":"1878","status":"publish","type":"post","link":"https:\/\/lelaboratoireanarchiste.noblogs.org\/?p=1878","title":{"rendered":"Op\u00e9ration Pi\u00f1ata : R\u00e9ponse de quelques anarchistes d\u2019une maison perquisitionn\u00e9e"},"content":{"rendered":"<p>\n<a href=\"http:\/\/cettesemaine.info\/breves\/spip.php?article909&amp;lang=fr\" title=\"Op\u00e9ration Pi\u00f1ata : R\u00e9ponse de quelques anarchistes d\u2019une maison perquisitionn\u00e9e\">Sur les perquisitions et les arrestations du 30 mars. <\/a><br \/>\n<strong>R\u00e9ponse de quelques anarchistes d\u2019une maison perquisitionn\u00e9e lors de l\u2019op\u00e9ration Pi\u00f1ata<\/strong><\/p>\n<p>Nous comprenons ce nouveau coup r\u00e9pressif de l\u2019\u00c9tat comme une continuation des enqu\u00eates qui ont commenc\u00e9 avec les filatures de cinq de nos ami-es et compagnon-nes, entre autres, <strong>M\u00f3nica et Francisco<\/strong><a href=\"http:\/\/http:\/\/cettesemaine.info\/breves\/spip.php?rubrique96&amp;lang=fr\" title=\"M\u00f3nica et Francisco\"><\/a> \u3161 ainsi que dans certains milieux libertaires et anarchistes de Barcelone \u3161 et qui se sont sold\u00e9es par la prison pr\u00e9ventive de ces deux derni\u00e8res personnes, il y a d\u00e9j\u00e0 un an et demi. C\u2019est ainsi que s\u2019est close la premi\u00e8re \u00e9tape de l\u2019enqu\u00eate men\u00e9e par le tribunal d\u2019instruction num\u00e9ro 6 de l\u2019Audiencia Nacional [p\u00f4le national anti-terroriste], supervis\u00e9e par le juge bien connu Eloy de Velasco. Un an plus tard, la suite, apr\u00e8s des mois de filatures et d\u2019\u00e9coutes, a \u00e9t\u00e9 la r\u00e9alisation de l\u2019 \u00ab\u00a0<strong><a href=\"http:\/\/http:\/\/cettesemaine.info\/breves\/spip.php?rubrique97&amp;lang=fr\" title=\"Op\u00e9ration Pandora\">Op\u00e9ration Pandora<\/a><\/strong>\u00ab\u00a0, men\u00e9e par le corps de police autonome de Catalogne (Mossos d\u2019esquadra). Elle a abouti \u00e0 l\u2019arrestation de 13 personnes \u00e0 Barcelone, Sabadell, Manresa et Madrid, dont 7 compagnon-nes envoy\u00e9-es en prison pr\u00e9ventive par le tribunal d\u2019instruction n\u00b0 3 de l\u2019Audiencia Nacional, et le juge Berm\u00fadez. Ces compagnon-nes sont rest\u00e9-es un mois et demi en r\u00e9gime FIES 3 dans la majorit\u00e9 des cas avec les restrictions correspondantes de l\u2019article 10, avant d\u2019\u00eatre remis-es en en libert\u00e9 sous caution fin janvier. <\/p>\n<p>Le lundi 30 mars, la police nationale, sur ordre du m\u00eame juge Eloy de Velasco, a effectu\u00e9 17 perquisitio<a href=\"http:\/\/http:\/\/cettesemaine.info\/breves\/spip.php?rubrique100&amp;lang=fr\" title=\"Op\u00e9ration Pi\u00f1ata\">ns, \u00e0 Palence, Madrid, Grenade et Barcelone : au total 6 centres sociaux et 11 domiciles. L<strong>\u2019\u201cOp\u00e9ration Pi\u00f1ata<\/a><\/strong>\u201d, telle qu\u2019ils l\u2019ont nomm\u00e9e, s\u2019est sold\u00e9e par l\u2019arrestation de 37 compagnon-nes, 13 accus\u00e9-es de r\u00e9sistance et d\u00e9sob\u00e9issance et 11 autres d\u2019usurpation [occupation, squat], qui ont \u00e9t\u00e9 rel\u00e2ch\u00e9-es entre lundi et mardi en attente du jugement. <\/p>\n<p>Le mercredi 1er avril, les 15 autres compagnon-nes sont pass\u00e9e-es \u00e0 disposition de l\u2019Audiencia Nacional pour appartenance \u00e0 une \u201corganisation criminelle \u00e0 finalit\u00e9s terroristes\u201d. 10 ont \u00e9t\u00e9 remis-es en libert\u00e9, \u00e9galement en attente de jugement, et <strong><a href=\"http:\/\/cettesemaine.info\/breves\/spip.php?article897&amp;lang=fr\" title=\"Op\u00e9ration Pi\u00f1ata : cinq compagnons incarc\u00e9r\u00e9s, dix en contr\u00f4le judiciaire, et des tonneaux de merde\">5 ont \u00e9t\u00e9 envoy\u00e9s en prison pr\u00e9ventive<\/a><\/strong>. <\/p>\n<p>Il ne nous int\u00e9resse pas de savoir combien d\u2019op\u00e9rations ils veulent lancer contre le mouvement anarchiste, il ne nous int\u00e9resse pas combien de noms de merde ils veulent utiliser pour les gros titres spectaculaires et accusatoires des m\u00e9dias. <\/p>\n<p>Nous voyons trois \u00e9tapes claires qui n\u2019ont pas n\u00e9cessairement \u00e9t\u00e9 planifi\u00e9es, mais dont le d\u00e9roulement a permis la vague de r\u00e9pression suivante.<\/p>\n<p>Lors du premier coup, le pouvoir recherchait les suppos\u00e9-es responsables d\u2019un fait concret, le placement d\u2019un dispositif explosif. Le corps de police nationale a arr\u00eat\u00e9 M\u00f3nica et Francisco ainsi que trois autres compagnon-nes. Vu le manque d\u2019\u00e9l\u00e9ments, ils ont continu\u00e9 avec une enqu\u00eate susceptible de relier ce d\u00e9lit sp\u00e9cifique avec un r\u00e9seau plus large. Les GAC (Groupes anarchistes coordonn\u00e9s) interviennent dans leur th\u00e8se comme un \u00e9l\u00e9ment venant grossir l\u2019affaire, peu importe la qualit\u00e9 des preuves.<br \/>\nC\u2019est ainsi qu\u2019on arrive au deuxi\u00e8me coup r\u00e9pressif : on cherche la \u00ab\u00a0t\u00eate\u00a0\u00bb de cette organisation, en arr\u00eatant des compagnon-nes du mouvement anarchiste et proches de M\u00f3nica et Francisco.<br \/>\nLe troisi\u00e8me coup r\u00e9pressif attaque les liens de solidarit\u00e9 et de collaboration suppos\u00e9e aux faits [attaques explosives] qui se sont produits dans les cath\u00e9drales de La Almudena et el Pilar, ainsi que (comble du ridicule) dans \u201cdes faits\u201d non commis, tel qu\u2019une soi-disant tentative d\u2019attentat lors du couronnement du nouveau roi (selon la presse). L\u2019\u201cOp\u00e9ration Pi\u00f1ata\u201d a \u00e9t\u00e9 dirig\u00e9e contre les compagnon-nes et ami-es proches des personnes arr\u00eat\u00e9es et emprisonn\u00e9es lors de l\u2019\u201cOp\u00e9ration Pandora\u201d.<br \/>\nCela a \u00e9t\u00e9 et c\u2019est un message du pouvoir contre toutes celles et ceux qui comme nous maintiennent certaines id\u00e9es et amiti\u00e9s. <\/p>\n<p>Esquisses sur le contexte r\u00e9pressif<\/p>\n<p>La ligne d\u2019attaque r\u00e9pressive utilis\u00e9e par la justice de l\u2019\u00c9tat espagnol est bien d\u00e9finie. D\u2019un c\u00f4t\u00e9, depuis la fin de ETA comme bande arm\u00e9e [qui a officiellement d\u00e9pos\u00e9 les armes], ils ont le besoin structurel d\u2019un ennemi interne pour garder un appareil r\u00e9pressif cr\u00e9\u00e9 \u00e0 cette fin et ainsi justifier leur salaire. Depuis, l\u2019ensemble de cet appareil de poursuite, d\u2019enqu\u00eate et de condamnation, en apparence obsol\u00e8te, a mis dans sa ligne de mire trois cibles : l\u2019ind\u00e9pendantisme galicien, le djihadisme et l\u2019anarchisme radical (comme ils le nomment). Tout cela se produit en m\u00eame temps que des changements de lois dans un sens plus restrictif, des lois venant notamment frapper et condamner la protestation de rue et qui visent aussi d\u00e9sormais toutes celles et ceux qui peuvent r\u00e9ellement mettre en danger leur stabilit\u00e9 : les gens.<\/p>\n<p>Dans ce sens, les \u00e9v\u00e9nements de Paris ont repr\u00e9sent\u00e9 un pas suppl\u00e9mentaire pour que tous les \u00c9tats europ\u00e9ens adaptent la d\u00e9mocratie \u00e0 une nouvelle \u00e8re. L\u2019\u00c9tat espagnol s\u2019enorgueillit d\u2019avoir la loi la plus restrictive de toute l\u2019Union europ\u00e9enne en ce qui concerne le terrorisme : le chemin \u00e9tait d\u00e9j\u00e0 balis\u00e9, la structure continuait \u00e0 fonctionner&#8230; Nous avons vu comment lors les derniers coups r\u00e9pressifs (surtout dans les affaires\u201cPandora\u201d et \u201cPi\u00f1ata\u201d), un des objectifs consistait \u00e0 mettre sur le m\u00eame plan des id\u00e9ologies et des critiques g\u00e9n\u00e9ralement oppos\u00e9es [comme cette fine comparaison entre Al Qa\u00efda et les anarchistes au moment de Pandora, ou d\u2019ETA et des anarchistes lors de Pi\u00f1ata], selon un st\u00e9r\u00e9otype s\u2019adaptant le mieux au mod\u00e8le terroriste actuel. <\/p>\n<p>Ainsi la presse se charge de mettre en premi\u00e8re page l\u2019arrestation de djihadistes (dont deux mineurs), celle d\u2019anarchistes accus\u00e9s d\u2019appartenir \u00e0 une bande terroriste, et celle d\u2019un homme avec un arsenal \u00e0 la maison ou de groupes d\u2019extr\u00eame-droite, selon ce qui leur convient le mieux. <\/p>\n<p>Au cours de cette derni\u00e8re l\u00e9gislature, le PP [Partido Popular, de droite au gouvernement] et le PSOE [Parti socialiste] ont identifi\u00e9 un probl\u00e8me pour l\u2019avenir : le creusement des in\u00e9galit\u00e9s sociales qui pourrait bien leur amener des probl\u00e8mes de stabilit\u00e9. C\u2019est pourquoi ils se sont empress\u00e9s de promulguer un ensemble de lois telle que ladite \u00ab\u00a0loi Mordaza\u00a0\u00bb [Loi b\u00e2illon].<br \/>\nAvec le taux de ch\u00f4mage qui s\u2019envole et la \u201ccorruption\u201d des politiques qui s\u2019\u00e9tale dans la presse, la perte de cr\u00e9dibilit\u00e9 de la classe politique pourrait \u00e9videmment cr\u00e9er des conflits sociaux.<br \/>\nCe sont des temps de restructuration politique et par cons\u00e9quent de restructuration r\u00e9pressive.<br \/>\nDans ce sens, les partis politiques d\u2019opposition jouent aussi leur jeu, en se positionnant contre cette loi, quasiment oblig\u00e9s \u00e0 cela par le spectacle. Des gauchistes, qui r\u00e9primaient hier, se font aujourd\u2019hui photographier au Parlement avec un b\u00e2illon sur la bouche, tentant ainsi d\u2019attirer cette masse de gens \u201cm\u00e9contents\u201d qui ne croient plus dans les politiciens et leurs mensonges ; les gauches radicales, comme Podemos, Guanyem, ou la CUP&#8230; essaient aussi d\u2019emporter le morceau des luttes sociales.<br \/>\nLa dramaturgie d\u00e9mocratique continue. Chaque coup r\u00e9pressif est utilis\u00e9 comme une distraction ou comme un \u00e9l\u00e9ment suppl\u00e9mentaire pour remplir les urnes de quelque parti. En fin de compte, c\u2019est le pain et les jeux. <\/p>\n<p>Anarchistes, nous ne nous identifions \u00e0 aucun parti politique, ayant ou pas une histoire \u00e0 construire sur les piliers du capital, l\u2019\u00c9tat, l\u2019in\u00e9galit\u00e9 et la soumission sociale.<br \/>\nNous ne nous identifions avec aucun mouvement social qui cherche la r\u00e9forme de \u00ab\u00a0telle\u00a0\u00bb ou \u00ab\u00a0telle\u00a0\u00bb loi r\u00e9pressive, ou qui se manifeste violemment en qu\u00eate de l\u2019Etat-providence perdu. Nous n\u2019avons pas l\u2019id\u00e9ologie du bosseur, content tant qu\u2019il a du boulot, peu importe pour quel syst\u00e8me il travaille.<\/p>\n<p>Selon nous, la \u201cloi Mordaza\u201d n\u2019est pas faite pour arr\u00eater les anarchistes et les libertaires (1), dans la mesure o\u00f9 leur action dans la p\u00e9ninsule ib\u00e9rique est extr\u00eamement r\u00e9duite ; nous comprenons cet ensemble de lois comme \u00e9tant destin\u00e9 \u00e0 arr\u00eater la [possible] radicalisation des dits mouvements sociaux. Comme une assurance suppl\u00e9mentaire dont le pouvoir a besoin pour freiner la rage des gens dans la rue et dans leur communication. Car c\u2019est l\u00e0 que l\u2019histoire r\u00e9cente a montr\u00e9 que les chefs et les dirigeants peuvent perdre leur pouvoir d\u00e9mocratique et \u00ab\u00a0horizontal\u00a0\u00bb. Nous ne pr\u00e9tendons pas pour autant nous victimiser, ni utiliser cette strat\u00e9gie de nous pr\u00e9senter comme \u00e9tant \u00ab\u00a0frapp\u00e9s par les nouvelles lois r\u00e9pressives\u00a0\u00bb pour le simple fait de fraterniser avec les masses dans les rues. Si nous fraternisons avec les masses, c\u2019est plus pour \u00eatre complices de ces moments o\u00f9 la lucidit\u00e9 devient si simple et concr\u00e8te, que la masse cesse d\u2019\u00eatre troupeau, d\u2019\u00eatre masse, pour se transformer en personnes pensantes qui r\u00e9pondent aux attaques quotidiennes de ce syst\u00e8me \u00e9conomique et politique.<\/p>\n<p>Il ne nous int\u00e9resse pas de savoir si l\u2019enqu\u00eate est men\u00e9e par le corps de la police nationale ou par les Mossos, parce que peu nous importe ceux qui d\u00e9foncent nos portes, nous soumettent dans nos propres maisons en pointant un flingue sur notre t\u00eate et celle de nos compagnon-nes.<br \/>\nParce que la justice de la d\u00e9mocratie n\u2019a qu\u2019une seule logique, celle d\u2019\u00e9craser toute dissidence qui remette en question leur pouvoir et leur mani\u00e8re de le maintenir. <\/p>\n<p>Ils continuent tous \u00e0 ne pas comprendre nos id\u00e9es et les liens avec nos compagnon-nes, \u00e0 l\u2019int\u00e9rieur ou \u00e0 l\u2019ext\u00e9rieur de leurs murs.<br \/>\nIls continuent \u00e0 ne pas comprendre que nous ne l\u00e9gitimons pas leurs fronti\u00e8res &#8230;<br \/>\nIls continuent \u00e0 ne pas comprendre que plus ils font pression sur nous, plus nos id\u00e9es sont fortes &#8211; plus nous nous renfor\u00e7ons. Plus ils tentent de remettre en question nos liens, plus nos ami-es et compagnon-nes seront proches et soutenu-es.<\/p>\n<p>Ils essaient de nous effrayer, il d\u00e9pend de toutes et tous que la peur change de camp. La r\u00e9pression que nous vivons aujourd\u2019hui est la cons\u00e9quence logique de nos d\u00e9sirs, de notre sens de la vie et de nos id\u00e9es. Si leurs coups sont destin\u00e9s \u00e0 nous neutraliser et \u00e0 nous maintenir en marge, le r\u00e9sultat obtenu est le contraire. <\/p>\n<p>Nos compagnon-nes n\u2019ont jamais \u00e9t\u00e9 oubli\u00e9-es, pas m\u00eame une seconde, et malgr\u00e9 les coups r\u00e9pressifs et la dispersion [des prisonnier-es sur le territoire], les ami-es n\u2019ont jamais manqu\u00e9 pour aller aux parloirs, ils et elles ne sont jamais sorti-es de nos c\u0153urs et y restent. Et m\u00eame si demain ils expulsent nos maisons, il y aura toujours une place pour elles et eux comme pour chaque compagnon-ne.<\/p>\n<p>Toutes celles et ceux qui se trouvent \u00e0 l\u2019int\u00e9rieur des murs sont plus que jamais vivant-es dans nos c\u0153urs !<br \/>\nSolidarit\u00e9 avec nos compagnon-nes, maintenant et toujours !<br \/>\nSalutation anarchiste !<\/p>\n<p>Ndt<br \/>\n1. Plusieurs textes solidaires, notamment d\u2019organisations sp\u00e9cifiques anarchistes, ont en effet maladroitement pos\u00e9 que l\u2019Op\u00e9ration Pi\u00f1ata \u00e9tait une des cons\u00e9quences de la Loi Mordaza.<\/p>\n<p>[Traduit de l\u2019espagnol d\u2019<strong>Indy Barcelone<\/strong><a href=\"http:\/\/http:\/\/barcelona.indymedia.org\/newswire\/display\/495351\/index.php\" title=\"Respuesta de algunxs anarquistas de una casa registrada en la &quot;Operaci\u00f3n Pi\u00f1ata&quot;&quot;\"><\/a>, 04 abr 2015]<\/p>\n","protected":false},"excerpt":{"rendered":"<p>Sur les perquisitions et les arrestations du 30 mars. R\u00e9ponse de quelques anarchistes d\u2019une maison perquisitionn\u00e9e lors de l\u2019op\u00e9ration Pi\u00f1ata Nous comprenons ce nouveau coup r\u00e9pressif de l\u2019\u00c9tat comme une continuation des enqu\u00eates qui ont commenc\u00e9 avec les filatures de cinq de nos ami-es et compagnon-nes, entre autres, M\u00f3nica et Francisco \u3161 ainsi que dans [&hellip;]<\/p>\n","protected":false},"author":7964,"featured_media":0,"comment_status":"closed","ping_status":"closed","sticky":false,"template":"","format":"standard","meta":{"footnotes":""},"categories":[1],"tags":[],"class_list":["post-1878","post","type-post","status-publish","format-standard","hentry","category-general"],"_links":{"self":[{"href":"https:\/\/lelaboratoireanarchiste.noblogs.org\/index.php?rest_route=\/wp\/v2\/posts\/1878","targetHints":{"allow":["GET"]}}],"collection":[{"href":"https:\/\/lelaboratoireanarchiste.noblogs.org\/index.php?rest_route=\/wp\/v2\/posts"}],"about":[{"href":"https:\/\/lelaboratoireanarchiste.noblogs.org\/index.php?rest_route=\/wp\/v2\/types\/post"}],"author":[{"embeddable":true,"href":"https:\/\/lelaboratoireanarchiste.noblogs.org\/index.php?rest_route=\/wp\/v2\/users\/7964"}],"replies":[{"embeddable":true,"href":"https:\/\/lelaboratoireanarchiste.noblogs.org\/index.php?rest_route=%2Fwp%2Fv2%2Fcomments&post=1878"}],"version-history":[{"count":4,"href":"https:\/\/lelaboratoireanarchiste.noblogs.org\/index.php?rest_route=\/wp\/v2\/posts\/1878\/revisions"}],"predecessor-version":[{"id":1882,"href":"https:\/\/lelaboratoireanarchiste.noblogs.org\/index.php?rest_route=\/wp\/v2\/posts\/1878\/revisions\/1882"}],"wp:attachment":[{"href":"https:\/\/lelaboratoireanarchiste.noblogs.org\/index.php?rest_route=%2Fwp%2Fv2%2Fmedia&parent=1878"}],"wp:term":[{"taxonomy":"category","embeddable":true,"href":"https:\/\/lelaboratoireanarchiste.noblogs.org\/index.php?rest_route=%2Fwp%2Fv2%2Fcategories&post=1878"},{"taxonomy":"post_tag","embeddable":true,"href":"https:\/\/lelaboratoireanarchiste.noblogs.org\/index.php?rest_route=%2Fwp%2Fv2%2Ftags&post=1878"}],"curies":[{"name":"wp","href":"https:\/\/api.w.org\/{rel}","templated":true}]}}