{"id":1845,"date":"2015-04-03T12:27:43","date_gmt":"2015-04-03T10:27:43","guid":{"rendered":"http:\/\/lelaboratoireanarchiste.noblogs.org\/?p=1845"},"modified":"2015-05-30T19:00:44","modified_gmt":"2015-05-30T17:00:44","slug":"1845","status":"publish","type":"post","link":"https:\/\/lelaboratoireanarchiste.noblogs.org\/?p=1845","title":{"rendered":"[Valence] 04\/04: Rassemblement devant la maison d&rsquo;arr\u00eat  \u00e0 partir de 10h"},"content":{"rendered":"<p>recu par mail :<br \/>\nun rassemblement se tiendra ce samedi 4 avril a partir de 10h devant la maison d\u2019arret de Valence, en soutien aux prisonnier-es.<\/p>\n<p>L\u2019objectif des rassemblements, qui devraient se tenir tous les 1er samedi du mois, est de<br \/>\nfaire connaitre la realite carcerale: la torture de l\u2019 enfermement et les agissements de l\u2019 administration penitentiaire ; et de creer des liens de solidarite entre l\u2019 interieur et l\u2019 exterieur de la prison.<\/p>\n<p>En esperant que ca vous donnera envie de venir,<br \/>\nvoici un compte rendu du rassemblement du mois de mars<\/p>\n<p>Le rassemblement avait \u00e9t\u00e9 d\u00e9clar\u00e9 en pr\u00e9fecture.<br \/>\nDe 10h \u00e0 environ 13h, autour d\u2019une vingtaine de personnes \u00e9taient pr\u00e9sentes devant l\u2019entr\u00e9e de la maison d\u2019arr\u00eat.<br \/>\nIl y a eu plusieurs \u00e9changes, avec des personnes du quartier, des passant-es, des personnes qui se rendaient au parloir, et aussi \u00e9videmment entre les personnes pr\u00e9sentes \u00e0 ce rassemblement.<br \/>\nIl y avait une banderole qui disait \u201c\u00e0 bas toutes les prisons\u201d, une table de presse avec des brochures et infos contre la prison et l\u2019enfermement, une exposition contre la construction du nouveau centre p\u00e9nitentiaire de Valence, un tract diffus\u00e9 qui est en pi\u00e8ce jointe.<br \/>\nIl y a eu des textes lus au micro, notamment le r\u00e9cit d\u2019une prisonni\u00e8re de la M.A de Valence, qui, une fois sortie, a voulu faire connaitre les gal\u00e8res qu\u2019elle a eu avec l\u2019administration p\u00e9nitentiaire, et y donner suite.<\/p>\n<p>Egalement des revendications de prisonni\u00e8res de la M.A de Poitiers Vivonne, ainsi que d\u2019autre revendications venant du quartier maison centrale de R\u00e9au.<\/p>\n<p>plus d\u2019infos sur le lien suivant<\/p>\n<blockquote class=\"wp-embedded-content\" data-secret=\"jXaW0JOqFd\"><p><a href=\"https:\/\/lelaboratoireanarchiste.noblogs.org\/?p=1691\">Compte rendu du rassemblement devant la prison le 7 mars<\/a><\/p><\/blockquote>\n<p><iframe loading=\"lazy\" class=\"wp-embedded-content\" sandbox=\"allow-scripts\" security=\"restricted\" style=\"position: absolute; clip: rect(1px, 1px, 1px, 1px);\" title=\"\u00ab\u00a0Compte rendu du rassemblement devant la prison le 7 mars\u00a0\u00bb &#8212; Le Laboratoire Anarchiste\" src=\"https:\/\/lelaboratoireanarchiste.noblogs.org\/?p=1691&#038;embed=true#?secret=oY24qAyd2z#?secret=jXaW0JOqFd\" data-secret=\"jXaW0JOqFd\" width=\"600\" height=\"338\" frameborder=\"0\" marginwidth=\"0\" marginheight=\"0\" scrolling=\"no\"><\/iframe><\/p>\n","protected":false},"excerpt":{"rendered":"<p>recu par mail : un rassemblement se tiendra ce samedi 4 avril a partir de 10h devant la maison d\u2019arret de Valence, en soutien aux prisonnier-es. L\u2019objectif des rassemblements, qui devraient se tenir tous les 1er samedi du mois, est de faire connaitre la realite carcerale: la torture de l\u2019 enfermement et les agissements de [&hellip;]<\/p>\n","protected":false},"author":7964,"featured_media":0,"comment_status":"closed","ping_status":"closed","sticky":false,"template":"","format":"standard","meta":{"footnotes":""},"categories":[1],"tags":[],"class_list":["post-1845","post","type-post","status-publish","format-standard","hentry","category-general"],"_links":{"self":[{"href":"https:\/\/lelaboratoireanarchiste.noblogs.org\/index.php?rest_route=\/wp\/v2\/posts\/1845","targetHints":{"allow":["GET"]}}],"collection":[{"href":"https:\/\/lelaboratoireanarchiste.noblogs.org\/index.php?rest_route=\/wp\/v2\/posts"}],"about":[{"href":"https:\/\/lelaboratoireanarchiste.noblogs.org\/index.php?rest_route=\/wp\/v2\/types\/post"}],"author":[{"embeddable":true,"href":"https:\/\/lelaboratoireanarchiste.noblogs.org\/index.php?rest_route=\/wp\/v2\/users\/7964"}],"replies":[{"embeddable":true,"href":"https:\/\/lelaboratoireanarchiste.noblogs.org\/index.php?rest_route=%2Fwp%2Fv2%2Fcomments&post=1845"}],"version-history":[{"count":5,"href":"https:\/\/lelaboratoireanarchiste.noblogs.org\/index.php?rest_route=\/wp\/v2\/posts\/1845\/revisions"}],"predecessor-version":[{"id":2173,"href":"https:\/\/lelaboratoireanarchiste.noblogs.org\/index.php?rest_route=\/wp\/v2\/posts\/1845\/revisions\/2173"}],"wp:attachment":[{"href":"https:\/\/lelaboratoireanarchiste.noblogs.org\/index.php?rest_route=%2Fwp%2Fv2%2Fmedia&parent=1845"}],"wp:term":[{"taxonomy":"category","embeddable":true,"href":"https:\/\/lelaboratoireanarchiste.noblogs.org\/index.php?rest_route=%2Fwp%2Fv2%2Fcategories&post=1845"},{"taxonomy":"post_tag","embeddable":true,"href":"https:\/\/lelaboratoireanarchiste.noblogs.org\/index.php?rest_route=%2Fwp%2Fv2%2Ftags&post=1845"}],"curies":[{"name":"wp","href":"https:\/\/api.w.org\/{rel}","templated":true}]}}