{"id":1833,"date":"2015-04-02T19:54:43","date_gmt":"2015-04-02T17:54:43","guid":{"rendered":"http:\/\/lelaboratoireanarchiste.noblogs.org\/?p=1833"},"modified":"2015-04-02T20:04:35","modified_gmt":"2015-04-02T18:04:35","slug":"adresse-aux-zadistes-letat-sappuie-toujours-quand-il-peut-sur-des-complices-locaux","status":"publish","type":"post","link":"https:\/\/lelaboratoireanarchiste.noblogs.org\/?p=1833","title":{"rendered":"Adresse aux zadistes &#8211; L\u2019Etat s\u2019appuie toujours quand il peut sur des complices locaux"},"content":{"rendered":"<p>L\u2019Etat s\u2019appuie toujours quand il peut sur des complices locaux.<\/p>\n<p>Tout d\u2019abord, pour lever toute ambig\u00fcit\u00e9, nous sommes solidaires avec les luttes avec occupation men\u00e9es contre diff\u00e9rents projets industriels et capitalistes qui, plus qu\u2019am\u00e9nager le territoire, contribuent \u00e0 am\u00e9nager nos vies. Nous sommes non seulement solidaires, mais nous y contribuons activement m\u00eame si nous ne nous d\u00e9finissons pas comme zadistes.Toutefois, nous ne nous retrouvons pas toujours avec ce qui y est port\u00e9. C\u2019est assez logique, \u00e9tant donn\u00e9 la diversit\u00e9 des gens qui luttent. Nous passerons aujourd\u2019hui sur la question de la composition et de la mani\u00e8re de composer, sur laquelle nous reviendrons peut-\u00eatre plus tard. Nous avons d\u00e9cid\u00e9 de r\u00e9diger cette premi\u00e8re adresse dont le but n\u2019est pas de donner des le\u00e7ons que nous serions bien peu l\u00e9gitimes \u00e0 tenir, mais de partager nos remarques, nos doutes et nos inqui\u00e9tudes.<\/p>\n<p>Ces derniers temps, la rage nous a \u00e9videmment saisis quand nous avons eu connaissance que des \u00ab pro-barrages \u00bb \u00e0 Sivens, ou des \u00ab pro-Center parcs \u00bb \u00e0 Roybon, se sont organis\u00e9s contre les \u00ab zadistes \u00bb : barrer les routes pour emp\u00eacher l\u2019arriv\u00e9e de nouvelles personnes en lutte et r\u00e9duire l\u2019approvisionnement logistique, d\u00e9grader les v\u00e9hicules des zadistes ou les cabanes des campements, menaces, insultes, agressions etc. Solidaires des gens sur place, les r\u00e9actions et les discours de certains et certaines zadistes nous ont parfois laiss\u00e9s perplexes. A Sivens, certains et certaines s\u2019indignaient que les flics ne s\u2019interposent pas et ne prot\u00e8gent pas au moins les v\u00e9hicules amis et les personnes. A Roybon, certains et certaines s\u2019indignaient du fait que les gendarmes ne prennent pas le temps d\u2019enqu\u00eater sur le site suite \u00e0 un jet de molotov, alors que c\u2019est le fait m\u00eame qu\u2019on les laisse p\u00e9n\u00e9trer sur le site qui ne devrait pas \u00eatre une \u00e9vidence. L\u00e0-bas aussi, on soup\u00e7onnait en s\u2019indignant que les flics aient laiss\u00e9 faire sans s\u2019interposer&#8230;L\u2019Etat se retrouve tout d\u2019un coup rel\u00e9gitim\u00e9, appel\u00e9 \u00e0 s\u2019interposer en casques bleus entre pro et anti et \u00e0 arbitrer le conflit, \u00e0 travers ses flics, ceux-l\u00e0 m\u00eames qui ont d\u00e9j\u00e0 frapp\u00e9 et n\u2019attendent qu\u2019un ordre pour raser les ZAD, ceux-l\u00e0 m\u00eames qui ont assassin\u00e9 R\u00e9mi Fraisse il y a quelques mois. C\u2019est une erreur de croire qu\u2019il y a la FNSEA ou les petits patrons de Roybon d\u2019un c\u00f4t\u00e9, et l\u2019Etat, avec ses \u00e9lus, ses services et ses flics de l\u2019autre ; Vinci et Pierre et Vacances d\u2019un c\u00f4t\u00e9, et l\u2019Etat de l\u2019autre. Il y a juste une unit\u00e9 d\u2019int\u00e9r\u00eats convergents. Par ailleurs, les communaut\u00e9s rurales impact\u00e9es par les projets ne sont pas des entit\u00e9s homog\u00e8nes. Para\u00eetrait m\u00eame qu\u2019il y a des enjeux de classes, des hi\u00e9rarchies, des emprises morales, mat\u00e9rielles, id\u00e9ologiques, religieuses&#8230; Etat et capital trouvent des complices par int\u00e9r\u00eat ou adh\u00e9sion id\u00e9ologique. Il ne faut donc pas s\u2019attendre \u00e0 ne voir que des gens en uniformes nous faire face.<\/p>\n<p>Etat et Capital avancent ensemble. Ces projets ne peuvent voir le jour qu\u2019avec la complicit\u00e9 de l\u2019Etat, mais au-del\u00e0 avec son appui administratif, politique, financier et \u00e0 travers des infrastructures qu\u2019il est seul habilit\u00e9 \u00e0 autoriser. Et au besoin, avec ses flics. Au Chefresne, qu\u2019une ligne THT devait traverser, les flics ont d\u00e9log\u00e9 un propri\u00e9taire de son champ pour permettre \u00e0 l\u2019industriel RTE de continuer ses ravages, alors m\u00eame que l\u2019industriel en question n\u2019en avait pas l\u2019autorisation de la Justice, qui elle-m\u00eame fermera \u00e9videmment les yeux&#8230; \u00ab Police nationale, milice du capital \u00bb, \u00ab Justice, complice \u00bb. En l\u2019occurrence, certains slogans tapent juste, mais \u00e0 force de les r\u00e9p\u00e9ter par r\u00e9flexe, on ne prend plus acte de ce qu\u2019ils signifient r\u00e9ellement.<\/p>\n<p>Il est curieux qu\u2019alors que tout devrait amener \u00e0 prendre acte et assumer une lutte contre l\u2019Etat et le Capital, l\u2019Etat redevienne tout d\u2019un coup une sorte d\u2019entit\u00e9 neutre. Prendre acte, \u00e7a veut dire aussi essayer de s\u2019organiser au mieux pour d\u00e9fendre la zone et les activit\u00e9s de lutte par nous-m\u00eames. Evidemment, la situation sur le terrain est compliqu\u00e9e, et l\u2019autod\u00e9fense, c\u2019est poser quelque chose d\u2019ambitieux. Mais avons-nous v\u00e9ritablement d\u2019autres choix ? Nous imaginons qu\u2019il peut exister chez certains et certaines des strat\u00e9gies m\u00e9diatiques \u2013 \u00ab regardez comme les pros et l\u2019Etat sont m\u00e9chants, et nous gentils \u00bb \u2013 qui visent \u00e0 l\u00e9gitimer la lutte, mais l\u00e0 encore c\u2019est oublier le r\u00f4le des m\u00e9dias dans ces histoires, leur complicit\u00e9 avec les donneurs d\u2019ordre, leur soumission id\u00e9ologique et mat\u00e9rielle \u00e0 l\u2019\u00e8re du temps. Il nous semble plus pertinent de proposer des analyses et de riposter \u00e0 partir d\u2019une position claire d\u2019opposition \u00e0 l\u2019Etat, plut\u00f4t que de lui redonner quelques couleurs, en passant en plus par une communication dont la critique serait tout aussi essentielle \u00e0 faire, y compris au sein d\u2019une presse \u00ab alternative \u00bb qui, plus elle se d\u00e9veloppe, moins sa dimension subversive nous para\u00eet incarn\u00e9e. Redonner vie ainsi \u00e0 l\u2019Etat, c\u2019est succomber \u00e0 l\u2019id\u00e9al abstrait du citoyen, celui qu\u2019on administre. Le citoyennisme radical, stade supr\u00eame de l\u2019ali\u00e9nation ?<\/p>\n<p>Mais ce n\u2019est pas seulement qu\u2019Etat et Capital marchent ensemble. L\u2019Etat s\u2019est toujours employ\u00e9 \u00e0 trouver des relais, des notables locaux, des franges r\u00e9actionnaires, allant jusqu\u2019\u00e0 les laisser s\u2019organiser en milices. Cr\u00e9er une situation pourrie est tout b\u00e9nef pour lui. Laisser d\u2019autres que lui faire le sale boulot aussi. Il favorise un climat de tension peu propice au d\u00e9veloppement du mouvement, maintient la pression et la peur sur les gens qui luttent, s\u00e8me le doute chez certains et certaines quant \u00e0 la l\u00e9gitimit\u00e9 de ces luttes. Ajoutons que les premiers \u00e0 subir les pressions, que ce soient des flics ou de leurs substituts citoyens, ce sont les gens qui luttent et habitaient d\u00e9j\u00e0 l\u00e0 avant le d\u00e9but du conflit. Ce n\u2019est pas une raison pour s\u2019interdire de porter certaines positions ou de mener certaines actions, d\u2019aseptiser ses activit\u00e9s de lutte, mais s\u2019organiser ensemble c\u2019est d\u2019abord prendre conscience des r\u00e9alit\u00e9s diff\u00e9rentes de chacun et chacune, et essayer de d\u00e9gager du commun sans taire les divergences.<\/p>\n<p>L\u2019Etat et les industriels s\u2019appuient quand ils peuvent sur des populations locales.C\u2019\u00e9tait d\u00e9j\u00e0 le cas lors de l\u2019implantation de la centrale nucl\u00e9aire de Flamanville, dans la Manche, de 1975 \u00e0 1977. Plusieurs sites en Basse-Normandie \u00e9taient alors en ballotage pour accueillir les bienfaits de l\u2019atome. C\u2019est finalement Flamanville qui a \u00e9t\u00e9 choisi, moins pour des raisons techniques, que du fait de mobilisations imm\u00e9diates d\u2019oppositions sur les autres sites (dans le Calvados, des engins de chantiers avaient imm\u00e9diatement cram\u00e9) et surtout du soutien d\u2019une partie de la population locale. En effet, certains notables \u00e9taient acquis au nucl\u00e9aire, depuis l\u2019implantation de l\u2019usine de retraitement de d\u00e9chets nucl\u00e9aires de la Hague \u00e0 quelques dizaines de kilom\u00e8tres. M\u00eame des curetons relayaient la bonne parole atomique. Mais surtout, \u00e0 Flamanville, il y avait une population ouvri\u00e8re qui avait perdu son boulot. Une mine de fer avait ferm\u00e9 ses portes quelques ann\u00e9es auparavant. Evidemment, l\u2019implantation d\u2019une centrale a \u00e9t\u00e9 vue d\u2019un bon \u0153il par une partie d\u2019entre eux. La falaise dans laquelle ils plongeaient pour d\u00e9busquer le fer allait laisser place \u00e0 un chantier titanesque, puis \u00e0 une centrale qu\u2019il faudrait bien entretenir. Chantage \u00e0 l\u2019emploi. De fait, les opposants et opposantes, qui d\u00e9j\u00e0 menaient une occupation du site, ne se sont pas heurt\u00e9s qu\u2019\u00e0 l\u2019Etat et EDF, mais aussi \u00e0 des citoyens locaux remont\u00e9s et pr\u00eats \u00e0 en d\u00e9coudre. Quoiqu\u2019il en soit, les industriels et l\u2019Etat choisissent les sites en fonction des mobilisations qu\u2019ils rencontrent et des relais possibles au sein des populations locales.<\/p>\n<p>Le site de Notre-Dame-des-Landes fait peut-\u00eatre exception, du fait de sa longue histoire d\u2019oppositions. Dans ce coin, il y a eu de nombreuses luttes dans le pass\u00e9, des liaisons entre paysans et ouvriers de 68 aux luttes antinucl\u00e9aires contre les centrales du Carnet et du Pellerin. C\u2019est aussi pour cela que \u00e7a s\u2019est \u00ab enkyst\u00e9 \u00bb, comme dirait Valls. Mais ce n\u2019est pas reproductible \u00e0 l\u2019identique partout, sans prendre acte des situations locales. Cela veut peut-\u00eatre dire que ces luttes sont plus difficiles \u00e0 faire vivre et surtout \u00e0 \u00e9tendre qu\u2019on ne le croit. Mais qu\u2019importe. D\u00e9j\u00e0 \u00e0 Chooz au d\u00e9but des ann\u00e9es 1980, sid\u00e9rurgistes et antinucl\u00e9aires avaient compris qu\u2019une hypoth\u00e9tique victoire (quelle victoire ?) n\u2019\u00e9tait pas forc\u00e9ment le seul but d\u2019une lutte. Leur mot d\u2019ordre \u00e9tait \u00ab \u00e7a co\u00fbtera cher de nous foutre en l\u2019air \u00bb. C\u2019est aussi cette lucidit\u00e9 qui a parcouru la reprise de la lutte anti-THT dans la Manche, apr\u00e8s le camp de Valognes de 2011. En l\u2019occurrence, il semble bien que des documents internes des industriels concern\u00e9s confirment un certain effet des sabotages et des diverses activit\u00e9s de lutte. Que cela se g\u00e9n\u00e9ralise, et les effets se feront d\u2019autant plus sentir.<\/p>\n<p>Caen. Mars 2015.<br \/>\nLaura Blanchard et Emilie Sievert.<br \/>\nblanchard.sievert@riseup.net                                 <\/p>\n<p>PDF &#8211; 518.5 ko<\/p>\n<p>[Re\u00e7u par mail]<\/p>\n","protected":false},"excerpt":{"rendered":"<p>L\u2019Etat s\u2019appuie toujours quand il peut sur des complices locaux. Tout d\u2019abord, pour lever toute ambig\u00fcit\u00e9, nous sommes solidaires avec les luttes avec occupation men\u00e9es contre diff\u00e9rents projets industriels et capitalistes qui, plus qu\u2019am\u00e9nager le territoire, contribuent \u00e0 am\u00e9nager nos vies. Nous sommes non seulement solidaires, mais nous y contribuons activement m\u00eame si nous ne [&hellip;]<\/p>\n","protected":false},"author":7964,"featured_media":0,"comment_status":"closed","ping_status":"closed","sticky":false,"template":"","format":"standard","meta":{"footnotes":""},"categories":[1],"tags":[],"class_list":["post-1833","post","type-post","status-publish","format-standard","hentry","category-general"],"_links":{"self":[{"href":"https:\/\/lelaboratoireanarchiste.noblogs.org\/index.php?rest_route=\/wp\/v2\/posts\/1833","targetHints":{"allow":["GET"]}}],"collection":[{"href":"https:\/\/lelaboratoireanarchiste.noblogs.org\/index.php?rest_route=\/wp\/v2\/posts"}],"about":[{"href":"https:\/\/lelaboratoireanarchiste.noblogs.org\/index.php?rest_route=\/wp\/v2\/types\/post"}],"author":[{"embeddable":true,"href":"https:\/\/lelaboratoireanarchiste.noblogs.org\/index.php?rest_route=\/wp\/v2\/users\/7964"}],"replies":[{"embeddable":true,"href":"https:\/\/lelaboratoireanarchiste.noblogs.org\/index.php?rest_route=%2Fwp%2Fv2%2Fcomments&post=1833"}],"version-history":[{"count":3,"href":"https:\/\/lelaboratoireanarchiste.noblogs.org\/index.php?rest_route=\/wp\/v2\/posts\/1833\/revisions"}],"predecessor-version":[{"id":1836,"href":"https:\/\/lelaboratoireanarchiste.noblogs.org\/index.php?rest_route=\/wp\/v2\/posts\/1833\/revisions\/1836"}],"wp:attachment":[{"href":"https:\/\/lelaboratoireanarchiste.noblogs.org\/index.php?rest_route=%2Fwp%2Fv2%2Fmedia&parent=1833"}],"wp:term":[{"taxonomy":"category","embeddable":true,"href":"https:\/\/lelaboratoireanarchiste.noblogs.org\/index.php?rest_route=%2Fwp%2Fv2%2Fcategories&post=1833"},{"taxonomy":"post_tag","embeddable":true,"href":"https:\/\/lelaboratoireanarchiste.noblogs.org\/index.php?rest_route=%2Fwp%2Fv2%2Ftags&post=1833"}],"curies":[{"name":"wp","href":"https:\/\/api.w.org\/{rel}","templated":true}]}}