{"id":1822,"date":"2015-04-05T12:50:37","date_gmt":"2015-04-05T10:50:37","guid":{"rendered":"http:\/\/lelaboratoireanarchiste.noblogs.org\/?p=1822"},"modified":"2015-04-05T13:08:57","modified_gmt":"2015-04-05T11:08:57","slug":"radiocane-sur-la-greve-de-la-faim-dans-les-prisons-grec","status":"publish","type":"post","link":"https:\/\/lelaboratoireanarchiste.noblogs.org\/?p=1822","title":{"rendered":"Radiocane &#8211;  sur la gr\u00e8ve de la faim dans les prisons grec, et quelques informations internationales les actions de solidarit\u00e9 et la situation actuelle du combat  des prisonniers en gr\u00e8ve de la faim"},"content":{"rendered":"<p>Depuis le 2 Mars, 2015 de nombreux prisonniers r\u00e9volutionnaires dans les prisons grecques m\u00e8nent une gr\u00e8ve de la faim. Avec un coll\u00e8gue grec faire un bref rapport sur le d\u00e9veloppement de la situation. Pour plus de mises \u00e0 jour sur la question et les diff\u00e9rentes actions de solidarit\u00e9 voir <a href=\"http:\/\/fr.contrainfo.espiv.net\/2015\/04\/05\/bale-suisse-solidarite-avec-les-prisonniers-en-greve-de-la-faim-en-grece\" title=\"Stuttgart, Allemagne : Banderole solidaire avec les gr\u00e9vistes de la faim en Gr\u00e8ce\">ici.<\/a>et aussi<a href=\"http:\/\/fr.contrainfo.espiv.net\/2015\/04\/04\/bielefeld-allemagne-solidarite-avec-les-grevistes-de-la-faim-dans-les-prisons-grecque\" title=\"Bielefeld, Allemagne : Solidarit\u00e9 avec les gr\u00e9vistes de la faim dans les prisons grecques\"> l\u00e0<\/a> et aussi pour<a href=\"http:\/\/www.non-fides.fr\/?Grece-Mobilisation-des-prisonnier\" title=\"Gr\u00e8ce : Mobilisation des prisonnier-e-s de Korydallos en solidarit\u00e9 avec les gr\u00e9vistes de la faim\"> la situation actuelle<\/a><\/p>\n<p>et aussi \u00e9tu peux<a href=\"http:\/\/www.radiocane.info\/sciopero-della-fame-grecia\" title=\" Sullo sciopero della fame nelle carceri greche\"> \u00e9couter la contribution<\/a><\/p>\n","protected":false},"excerpt":{"rendered":"<p>Depuis le 2 Mars, 2015 de nombreux prisonniers r\u00e9volutionnaires dans les prisons grecques m\u00e8nent une gr\u00e8ve de la faim. Avec un coll\u00e8gue grec faire un bref rapport sur le d\u00e9veloppement de la situation. Pour plus de mises \u00e0 jour sur la question et les diff\u00e9rentes actions de solidarit\u00e9 voir ici.et aussi l\u00e0 et aussi pour [&hellip;]<\/p>\n","protected":false},"author":7964,"featured_media":0,"comment_status":"closed","ping_status":"closed","sticky":false,"template":"","format":"standard","meta":{"footnotes":""},"categories":[1],"tags":[],"class_list":["post-1822","post","type-post","status-publish","format-standard","hentry","category-general"],"_links":{"self":[{"href":"https:\/\/lelaboratoireanarchiste.noblogs.org\/index.php?rest_route=\/wp\/v2\/posts\/1822","targetHints":{"allow":["GET"]}}],"collection":[{"href":"https:\/\/lelaboratoireanarchiste.noblogs.org\/index.php?rest_route=\/wp\/v2\/posts"}],"about":[{"href":"https:\/\/lelaboratoireanarchiste.noblogs.org\/index.php?rest_route=\/wp\/v2\/types\/post"}],"author":[{"embeddable":true,"href":"https:\/\/lelaboratoireanarchiste.noblogs.org\/index.php?rest_route=\/wp\/v2\/users\/7964"}],"replies":[{"embeddable":true,"href":"https:\/\/lelaboratoireanarchiste.noblogs.org\/index.php?rest_route=%2Fwp%2Fv2%2Fcomments&post=1822"}],"version-history":[{"count":7,"href":"https:\/\/lelaboratoireanarchiste.noblogs.org\/index.php?rest_route=\/wp\/v2\/posts\/1822\/revisions"}],"predecessor-version":[{"id":1872,"href":"https:\/\/lelaboratoireanarchiste.noblogs.org\/index.php?rest_route=\/wp\/v2\/posts\/1822\/revisions\/1872"}],"wp:attachment":[{"href":"https:\/\/lelaboratoireanarchiste.noblogs.org\/index.php?rest_route=%2Fwp%2Fv2%2Fmedia&parent=1822"}],"wp:term":[{"taxonomy":"category","embeddable":true,"href":"https:\/\/lelaboratoireanarchiste.noblogs.org\/index.php?rest_route=%2Fwp%2Fv2%2Fcategories&post=1822"},{"taxonomy":"post_tag","embeddable":true,"href":"https:\/\/lelaboratoireanarchiste.noblogs.org\/index.php?rest_route=%2Fwp%2Fv2%2Ftags&post=1822"}],"curies":[{"name":"wp","href":"https:\/\/api.w.org\/{rel}","templated":true}]}}