{"id":16461,"date":"2019-08-10T19:54:16","date_gmt":"2019-08-10T17:54:16","guid":{"rendered":"https:\/\/lelaboratoireanarchiste.noblogs.org\/?p=16461"},"modified":"2019-08-10T20:15:09","modified_gmt":"2019-08-10T18:15:09","slug":"camping%c2%a7paillettes-derriere-les-murs","status":"publish","type":"post","link":"https:\/\/lelaboratoireanarchiste.noblogs.org\/?p=16461","title":{"rendered":"[camping\u00a7Paillettes] derri\u00e8re les murs"},"content":{"rendered":"<div id=\"primary\" class=\"content-area\">\n<article id=\"post-9875\" class=\"post-9875 post type-post status-publish format-standard hentry category-anarchisme category-general category-prison category-repression\">\n<header class=\"entry-header\">\n<div class=\"entry-meta\"><span class=\"byline\">\u00a0by<a href=\"https:\/\/cracherdanslasoupe.noblogs.org\/?p=9875\"> <span class=\"author vcard\">cracherdanslasoupe<\/span><\/a><\/span><\/div>\n<div><\/div>\n<\/header>\n<div class=\"entry-content\">\n<div id=\"summary\">\n<p>Lettre d\u2018<a href=\"https:\/\/lelaboratoireanarchiste.noblogs.org\/?p=16391\">un-e des trois inculp\u00e9-e incarcr\u00e9-ee<\/a> en r\u00e9gion parisienne suite \u00e0 un contr\u00f4le de<a href=\"https:\/\/nantes.indymedia.org\/articles\/45841\"> police la nuit du 1er mai<\/a>. Pour lui \u00e9crire : campingetpaillettes[a]riseup.net<\/p>\n<\/div>\n<div class=\"article\">\n<h3><\/h3>\n<p id=\"article_photo\"><a href=\"https:\/\/nantes.indymedia.org\/system\/photo\/2019\/08\/10\/23175\/img_20190808_145631700.jpg\"><img loading=\"lazy\" decoding=\"async\" class=\"alignright\" src=\"https:\/\/nantes.indymedia.org\/system\/photo\/2019\/08\/10\/23175\/img_20190808_145631700-medium.jpg?1565423769\" alt=\"Img_20190808_145631700-medium\" width=\"157\" height=\"136\" \/><\/a>Derri\u00e8re leurs murs, 6 ao\u00fbt 2019.<\/p>\n<p>Ce qui leur fait peur, \u00e7a n\u2019a jamais \u00e9t\u00e9 les marteaux dans le coffre de la voiture mais bien un nouveau monde dans le coeur, c\u2019est pour cela que j\u2019\u00e9cris aujourd\u2019hui depuis une cellule de prison.<br \/>\nJ\u2019ai \u00e9t\u00e9 control\u00e9-e \u00e0 Paris le 1er mai et plac\u00e9-e depuis plus de 3 mois en d\u00e9tention, le tout orchestr\u00e9 par les flics qui chassent, le procureur qui accuse, le juge qui questionne et la presse qui condamne. Et voil\u00e0 que la possibilit\u00e9 de remise en libert\u00e9 vient de m\u2019\u00eatre refus\u00e9e par le proc, qui estime qu\u2019il y a risque de r\u00e9it\u00e9ration. Et \u00e0 cause de mon obstination \u00e0 ne rien l\u00e2cher.<br \/>\nIls attendent de moi que je dise que la violence leur appartient, que sous la pression je condamne les actions de compagnon-nes, les \u00e9meutes, les r\u00e9voltes.<br \/>\nIls me demandent ce que j\u2019ai dans la t\u00eate, et si je refuse de r\u00e9pondre, c\u2019est \u00e0 cause de ce que je porte dans mon coeur.<\/p>\n<p>Le proc explique que les garanties pr\u00e9sent\u00e9es pour me remettre en \u00ab\u00a0libert\u00e9\u00a0\u00bb sous contr\u00f4le judiciaire, n\u2019assurent pas un environnement qui pourrait me \u00ab\u00a0d\u00e9radicaliser\u00a0\u00bb. Et pour cela je dois rester en prison.<br \/>\nJe me demande comment -en \u00e9tant dans un lieu o\u00f9 se manifestent si clairement les massacres de l\u2019\u00e9tat et de ses larbins, du capitalisme et de ses ravages- comment, une des faces les plus visibles de leur violence pourrait me faire arr\u00eater de r\u00eaver \u00e0 sa totale destruction.<br \/>\nIls nous veulent apeur\u00e9-es, et c\u2019est pourquoi je suis toujours ici.<span id=\"more-9875\"><\/span><\/p>\n<p>\u00c9tant donn\u00e9 les tensions sociales et la conflictualit\u00e9 qui se d\u00e9roulent ces derniers mois sur le territoire fran\u00e7ais, cr\u00e9er des exemples r\u00e9pressifs et diffuser le message dans les m\u00e9dias dominants n\u2019est qu\u2019une carte de plus dans leur jeu. C\u2019est encore plus arrangeant quand ils peuvent poursuivre des \u00e9tranger.es pour appuyer les discours qui rendent responsable de ces tensions quiconque se trouve en dehors de leurs fronti\u00e8res. Comme le d\u00e9montrent leurs articles sur les 1 milliard d\u2019allemands \u2026 \u00e0 Paris pour le 1er mai et autres histoires qui se succ\u00e8dent dans cet \u00e9tat et dans tant d\u2019autres. Comme une mani\u00e8re de d\u00e9l\u00e9gitimer la r\u00e9volte, et de lancer un avertissement aux dissident-e-s internationaux \u00e0 la veille du<a href=\"https:\/\/lelaboratoireanarchiste.noblogs.org\/?p=16357\"> G7 qui se d\u00e9roulera \u00e0 Biarritz<\/a> cet \u00e9t\u00e9.<\/p>\n<p>Ils veulent nous effrayer, mais \u00e7a ne marchera pas.<br \/>\nIls peuvent m\u2019emprisonner, mais pas mes id\u00e9es.<br \/>\nNi l\u2019\u00e9cole qui domestique, les citoyen-nes qui ob\u00e9issent, les voisin-es qui surveillent, ni la cheffe qui te vole, le flic qui te frappe, lea psy qui te cachetonne, le boulot qui te tient, la presse qui te ment ou la prison qui te menace n\u2019arr\u00eateront le d\u00e9sir d\u2019insurrection<\/p>\n<p>Se rendre, jamais.<br \/>\nMort aux prisons et \u00e0 la soci\u00e9t\u00e9 qui en a besoin.<br \/>\nNi coupables, ni innocents, ennemis tout simplement.<br \/>\nVive l\u2019anarchie !<\/p>\n<hr \/>\n<p>Feu d\u2019artifice en solidarit\u00e9<\/p>\n<p>Mercredi 7 aout, \u00e0 la tomb\u00e9e de la nuit, des feux d\u2019artifices ont \u00e9t\u00e9 tir\u00e9s devant la prison pour femme de Versailles et devant la prison de Nanterre, en solidarit\u00e9 avec les inculp\u00e9-es arr\u00eat\u00e9s le premier mai \u00e0 proximit\u00e9 de gare du nord et contre toutes les prisons.<\/p>\n<p>Personne ne sera libre tant qu\u2019un-e sera enferm\u00e9-e<\/p>\n<p>Libert\u00e9 pour tout-es !<\/p>\n<p>\u2014\u2014\u2014<\/p>\n<p>Carta de unx de lxs tres acusadxs detenidxs en la region de Paris despu\u00e9s de un control policial en la noche del 1 de mayo. Para escribirlx : campingetpaillettes@@@<a class=\"bp-suggestions-mention\" href=\"https:\/\/noblogs.org\/members\/subeltz%40riseup.net\/\" rel=\"nofollow\">@riseup.net<\/a><\/p>\n<p>Tras sus muros, 6 de agosto de 2019<\/p>\n<p>Nunca fueron los martillos en el maletero del coche, tanto como el mundo nuevo en el corazon, lo que les asusta y por lo que hoy escribo desde una celda.<br \/>\nTras ser controlladx en Paris la vispera del primero de mayo y tres meses en detention orquestados por los maderos de caza, el fiscal que acusa, la jueza que cuestiona y la prensa que condena, la posibilidad de mi puesta en libertad se cancela por el fiscal que opina que hay riesgo de reincidencia y por mi empe\u00f1o en no claudicar. Esperan que diga que accepto que la violencia les pertenece, que condene ante su presion las acciones de compa\u00f1erxs, los disturbios, las revueltas. Me preguntan sobre lo que tengo en la cabeza, y si me niego a contestar es por lo que habita mi corazon.<br \/>\nEl fiscal explica que las garantias ofrecidas para mi puesta en \u00ab\u00a0libertad\u00a0\u00bb bajo control judicial no aseguran un ambiente que pudiera \u00ab\u00a0desradicalizarme\u00a0\u00bb y que por ello he de permanecer en prision.<br \/>\nY yo me pregunto como es que este siendo el sitio en el que manifiestan tan a las claras los masacres del Estado y sus siervos, del capitalismo y sus estragos, como es que una de las caras visibles de sus violencias podria hacer que dej\u00e9 de so\u00f1ar con su completa destruccion.<br \/>\nNos quieren asustadxs y por ello sigo aqui. Crear castigos ejemplarizantes y correr la voz en la prensa mayoritaria dadas las tensiones sociales y conflictividad que vienen ocurriendo en territorio franc\u00e8s en los ultimos meses es solo un movimiento mas en su juego, e incluso mas conveniente cuando pueden inculpar a extanjerxs con lxs que soportar el discurso con el que pretenden responsbilizar de dichas tensiones a cualquiera fuera de sus fronteras, como demuestran sus articulos sobre los 1 000 000 000 \u2026 de alemanes en Paris para el primero de mayo y demas historias que se suceden en este y otros tantos estados como parte de su deslegitimacion de la revuelta, ademas de enviar un mensaje de advertencia a la disidencia internacional en visperas del G7 que se celebrara en Biarritz.<br \/>\nNos quieren asustadxs pero no funccionara. Podran tenerme a mi pero a las ideas no se las puede encerrar.<br \/>\nNi la escuela que domestica, ni lx ciudadanx que obedece, ni lx vecinx que vigila, la jefe que te roba, el madero que te golpea, lx psiquiatra que te medica, el trabajo que te atrapa, la prensa que te miente o la carcel que amedrenta pueden frenar las ansias de insurreccion.<br \/>\nRendirse jamas.<br \/>\nMuerte a las carceles y a la sociedad que las necessita.<br \/>\nNi culpables, ni inocentes, enemigxs simplemente.<br \/>\nViva la Anarquia<\/p>\n<p>Fuegos artificiales solidarios<\/p>\n<p>El mi\u00e9rcoles 7 de agosto, al anochecer, se dispararon fuegos artificiales frente a la prisi\u00f3n para mujeres de Versailles y frente a la prisi\u00f3n de Nanterre, en solidaridad con los acusad<a class=\"bp-suggestions-mention\" href=\"https:\/\/noblogs.org\/members\/psykozygo\/\" rel=\"nofollow\">@s<\/a> ??arrestad<a class=\"bp-suggestions-mention\" href=\"https:\/\/noblogs.org\/members\/psykozygo\/\" rel=\"nofollow\">@s<\/a> el 1 de mayo cerca de la Gare du Nord, y contra todas las c\u00e1rceles.<\/p>\n<p>Nadie ser\u00e1 libre mientras un@ este encerrad@<br \/>\n\u00a1Libertad para tod<a class=\"bp-suggestions-mention\" href=\"https:\/\/noblogs.org\/members\/psykozygo\/\" rel=\"nofollow\">@s<\/a>!<\/p>\n<p>Behind their walls 6 august 2019<\/p>\n<p>Letter from one of the three defendants incarcerated in the Paris region following a police check on the night of May 1st. To write to him: campingetpaillettes@@@@<a class=\"bp-suggestions-mention\" href=\"https:\/\/noblogs.org\/members\/subeltz%40riseup.net\/\" rel=\"nofollow\">@riseup.net<\/a><\/p>\n<p>There never were the hammers in the luggage room of the car, as much as a new world in the heart, what scare them and the reason why today I write from the prison cell.<br \/>\nAfter being controlled in Paris the 1st may and three months in detention organized by the cop hunting, the prosecutor that accuse, the judge that question, and the press that sentence; the possibility of getting release got canceled by the state attorney that holds the opinion that the risk of reiteration is too high and by my condition on never give up.<br \/>\nThey expect me to say that I accept violence belongs to them, that I would talk against actions of comrades, riots and revolt under their pressure.<br \/>\nThey ask me about what\u2019s inside my head, and if I refuse to answer is because what\u2019s live inside my heart.<\/p>\n<p>The state attorney explains that the guaranties offered for setting me \u00ab\u00a0free\u00a0\u00bb under judicial control don\u2019t ensure an environment that could \u00ab\u00a0de-radicalize\u00a0\u00bb me. And because of that I must remain in prison.<br \/>\nAnd I wonder how it is that while this being the place where the massacres of the state and its servant, of capitalism and its havoc, are shown more clearly, how is it that one of the visible faces of their violence could make me stop dreaming with their complete destruction.<br \/>\nThey want us scared, and because of that I\u2019m still here.<br \/>\nTo create an example of punishment and spread the message on the mass media while the social tensions and conflictuality given the last months on french territory is just one move more on their game, even more convenient when they can prosecute foreigners to back up the speech with which they want to blame of these tensions whoever out of their borders, as the articles about the trillions of Germans antifascist on Paris reason of the 1st of may and similar stories that appear on this and many other states when the tensions increase in order to illegitimate the revolt, as well as serving them as a perfect warning to international rioters and anarchists as the G7 to be celebrated on Biarritz approaches.<br \/>\nThey want us scared but it won\u2019t work.<br \/>\nThey can have me, but ideas can\u2019t be imprisoned.<br \/>\nNeither the school that domesticate, nor the citizens that obeys, nor the neighbor that watches, the boss that steals from you, nor the cop that hit you, the shrink that medicates you, the job that traps you, the press that lies to you, nor the prison that threat you can\u2019t stop the desire for the insurrection.<\/p>\n<p>Never give up, no compromise !<br \/>\nDeath to the prison and the society that need them.<br \/>\nNot innocent neither guilty simply enemies.<br \/>\nLong life anarchy !<\/p>\n<p>Fireworks in solidarity<\/p>\n<p>Wenesday 7 august, at dusk, some fireworks were fired on front of the jail for women of Versailles and in front of the prison of Nanterre, in solidarity with the defendants arrested on May 1st at Gare du Nord, and against all prisons.<\/p>\n<p>Nobody can be free if anyone is locked up<\/p>\n<p>Freedom for all !<\/p>\n<\/div>\n<\/div>\n<\/article>\n<\/div>\n","protected":false},"excerpt":{"rendered":"<p>\u00a0by cracherdanslasoupe Lettre d\u2018un-e des trois inculp\u00e9-e incarcr\u00e9-ee en r\u00e9gion parisienne suite \u00e0 un contr\u00f4le de police la nuit du 1er mai. Pour lui \u00e9crire : campingetpaillettes[a]riseup.net Derri\u00e8re leurs murs, 6 ao\u00fbt 2019. Ce qui leur fait peur, \u00e7a n\u2019a jamais \u00e9t\u00e9 les marteaux dans le coffre de la voiture mais bien un nouveau monde [&hellip;]<\/p>\n","protected":false},"author":7964,"featured_media":0,"comment_status":"closed","ping_status":"closed","sticky":false,"template":"","format":"standard","meta":{"footnotes":""},"categories":[1],"tags":[],"class_list":["post-16461","post","type-post","status-publish","format-standard","hentry","category-general"],"_links":{"self":[{"href":"https:\/\/lelaboratoireanarchiste.noblogs.org\/index.php?rest_route=\/wp\/v2\/posts\/16461","targetHints":{"allow":["GET"]}}],"collection":[{"href":"https:\/\/lelaboratoireanarchiste.noblogs.org\/index.php?rest_route=\/wp\/v2\/posts"}],"about":[{"href":"https:\/\/lelaboratoireanarchiste.noblogs.org\/index.php?rest_route=\/wp\/v2\/types\/post"}],"author":[{"embeddable":true,"href":"https:\/\/lelaboratoireanarchiste.noblogs.org\/index.php?rest_route=\/wp\/v2\/users\/7964"}],"replies":[{"embeddable":true,"href":"https:\/\/lelaboratoireanarchiste.noblogs.org\/index.php?rest_route=%2Fwp%2Fv2%2Fcomments&post=16461"}],"version-history":[{"count":4,"href":"https:\/\/lelaboratoireanarchiste.noblogs.org\/index.php?rest_route=\/wp\/v2\/posts\/16461\/revisions"}],"predecessor-version":[{"id":16465,"href":"https:\/\/lelaboratoireanarchiste.noblogs.org\/index.php?rest_route=\/wp\/v2\/posts\/16461\/revisions\/16465"}],"wp:attachment":[{"href":"https:\/\/lelaboratoireanarchiste.noblogs.org\/index.php?rest_route=%2Fwp%2Fv2%2Fmedia&parent=16461"}],"wp:term":[{"taxonomy":"category","embeddable":true,"href":"https:\/\/lelaboratoireanarchiste.noblogs.org\/index.php?rest_route=%2Fwp%2Fv2%2Fcategories&post=16461"},{"taxonomy":"post_tag","embeddable":true,"href":"https:\/\/lelaboratoireanarchiste.noblogs.org\/index.php?rest_route=%2Fwp%2Fv2%2Ftags&post=16461"}],"curies":[{"name":"wp","href":"https:\/\/api.w.org\/{rel}","templated":true}]}}