{"id":16443,"date":"2019-08-08T19:19:06","date_gmt":"2019-08-08T17:19:06","guid":{"rendered":"https:\/\/lelaboratoireanarchiste.noblogs.org\/?p=16443"},"modified":"2019-08-08T19:19:35","modified_gmt":"2019-08-08T17:19:35","slug":"aout-2019-dans-les-pyrenees-atlantiques","status":"publish","type":"post","link":"https:\/\/lelaboratoireanarchiste.noblogs.org\/?p=16443","title":{"rendered":"Aout  2019 dans les Pyr\u00e9n\u00e9es Atlantiques:"},"content":{"rendered":"<p><strong>\u00a0<\/strong><strong>A Biarritz on h\u00e9berge les \u00ab\u00a0puissants\u00a0\u00bb, dans l&rsquo;agglo de Pau on expulse des enfants!<img decoding=\"async\" class=\"image-cropper-nodrag position-absolute-center \" src=\"https:\/\/assets.change.org\/photos\/0\/ln\/rj\/GOlNRjtUiGXJtvE-800x450-noPad.jpg?1565206716\" alt=\"\" \/><\/strong><\/p>\n<p><span class=\"new-title-down\"><strong>Le renforcement des contr\u00f4les, un obstacle pour les migrants \u00e0 Irun<\/strong><img decoding=\"async\" src=\"https:\/\/mediabask.naiz.eus\/media\/asset_publics\/resources\/000\/626\/088\/news_landscape\/med_ControlesPolice_Hendaia_gfauveau-4.JPG\" alt=\"Med_controlespolice_hendaia_gfauveau-4\" \/><\/span><\/p>\n<p><strong>Situation \u00e0 Bayonne<\/strong><\/p>\n<p>Maite Etcheverry, pr\u00e9sidente de l\u2019assocation Diakite charg\u00e9e de l\u2019accueil au centre Pausa de Bayonne, explique qu\u2019elle n\u2019a pour l\u2019instant pas subi les cons\u00e9quences du renforcement des contr\u00f4les.<\/p>\n<p>La situation est plus calme en semaine, mais le week-end, une trentaine de migrants continue \u00e0 \u00eatre h\u00e9berg\u00e9e au centre situ\u00e9 quai de Lesseps. Il s\u2019agit de personnes restant \u00ab\u00a0tr\u00e8s peu\u00a0de temps\u00a0\u00bb.<\/p>\n<p>\u00ab\u00a0Il n\u2019y a pas de contr\u00f4les destin\u00e9s au G7\u00a0\u00bb a affirm\u00e9 le pr\u00e9fet des Pyr\u00e9n\u00e9es-Atlantiques Eric Spitz. Selon lui, il s&rsquo;agirait des contr\u00f4les \u00ab\u00a0normaux\u00a0\u00bb effectu\u00e9s \u00ab\u00a0toute l\u2019ann\u00e9e\u00a0\u00bb \u00e0 la fronti\u00e8re. \u00ab\u00a0Les contr\u00f4les vont \u00eatre progressivement renforc\u00e9s et vont monter en puissance\u00a0 jusqu&rsquo;au G7<\/p>\n<p>r\u00e9dig\u00e9 d&rsquo;apr\u00e8s les m\u00e9dias<\/p>\n","protected":false},"excerpt":{"rendered":"<p>\u00a0A Biarritz on h\u00e9berge les \u00ab\u00a0puissants\u00a0\u00bb, dans l&rsquo;agglo de Pau on expulse des enfants! Le renforcement des contr\u00f4les, un obstacle pour les migrants \u00e0 Irun Situation \u00e0 Bayonne Maite Etcheverry, pr\u00e9sidente de l\u2019assocation Diakite charg\u00e9e de l\u2019accueil au centre Pausa de Bayonne, explique qu\u2019elle n\u2019a pour l\u2019instant pas subi les cons\u00e9quences du renforcement des contr\u00f4les. [&hellip;]<\/p>\n","protected":false},"author":7964,"featured_media":0,"comment_status":"closed","ping_status":"closed","sticky":false,"template":"","format":"standard","meta":{"footnotes":""},"categories":[1],"tags":[],"class_list":["post-16443","post","type-post","status-publish","format-standard","hentry","category-general"],"_links":{"self":[{"href":"https:\/\/lelaboratoireanarchiste.noblogs.org\/index.php?rest_route=\/wp\/v2\/posts\/16443","targetHints":{"allow":["GET"]}}],"collection":[{"href":"https:\/\/lelaboratoireanarchiste.noblogs.org\/index.php?rest_route=\/wp\/v2\/posts"}],"about":[{"href":"https:\/\/lelaboratoireanarchiste.noblogs.org\/index.php?rest_route=\/wp\/v2\/types\/post"}],"author":[{"embeddable":true,"href":"https:\/\/lelaboratoireanarchiste.noblogs.org\/index.php?rest_route=\/wp\/v2\/users\/7964"}],"replies":[{"embeddable":true,"href":"https:\/\/lelaboratoireanarchiste.noblogs.org\/index.php?rest_route=%2Fwp%2Fv2%2Fcomments&post=16443"}],"version-history":[{"count":1,"href":"https:\/\/lelaboratoireanarchiste.noblogs.org\/index.php?rest_route=\/wp\/v2\/posts\/16443\/revisions"}],"predecessor-version":[{"id":16444,"href":"https:\/\/lelaboratoireanarchiste.noblogs.org\/index.php?rest_route=\/wp\/v2\/posts\/16443\/revisions\/16444"}],"wp:attachment":[{"href":"https:\/\/lelaboratoireanarchiste.noblogs.org\/index.php?rest_route=%2Fwp%2Fv2%2Fmedia&parent=16443"}],"wp:term":[{"taxonomy":"category","embeddable":true,"href":"https:\/\/lelaboratoireanarchiste.noblogs.org\/index.php?rest_route=%2Fwp%2Fv2%2Fcategories&post=16443"},{"taxonomy":"post_tag","embeddable":true,"href":"https:\/\/lelaboratoireanarchiste.noblogs.org\/index.php?rest_route=%2Fwp%2Fv2%2Ftags&post=16443"}],"curies":[{"name":"wp","href":"https:\/\/api.w.org\/{rel}","templated":true}]}}