{"id":16389,"date":"2019-08-02T08:50:58","date_gmt":"2019-08-02T06:50:58","guid":{"rendered":"https:\/\/lelaboratoireanarchiste.noblogs.org\/?p=16389"},"modified":"2019-08-02T08:50:58","modified_gmt":"2019-08-02T06:50:58","slug":"lyon-france-journal-de-bord-autour-des-gilets-jaunes","status":"publish","type":"post","link":"https:\/\/lelaboratoireanarchiste.noblogs.org\/?p=16389","title":{"rendered":"Lyon, France: journal de bord  autour des gilets jaunes"},"content":{"rendered":"<hr \/>\n<p>le 29 juillet 2019<\/p>\n<h4><\/h4>\n<hr \/>\n<p class=\"first-child \"><strong><span class=\"cap\" title=\"C\">C<\/span>ompte-rendu de l\u2019action du 27 juillet 2019 place Bellecour<\/strong><\/p>\n<p>\u00c0 18\u00a0h nous \u00e9tions plus nombreux qu\u2019\u00e0 14\u00a0h \u00e0 Antonin-Poncet. Nous avons attendu les derniers arrivants et un petit groupe s\u2019est d\u00e9plac\u00e9 discr\u00e8tement vers la statue \u00e9questre de Louis XIV sur la place Bellecour. La base de celle-ci a \u00e9t\u00e9 recouverte de film noir. Une voiture de police s\u2019est avanc\u00e9e vers nous pour finalement ne pas intervenir. Deuxi\u00e8me phase\u00a0: scotchage de photos de Zineb et Steve et autres messages sur le m\u00eame sujet. \u00c7a avait de la gueule et quelques journalistes sur place ont pris des photos. Nous quittons la statue cinq minutes et revenons d\u2019urgence quand nous comprenons qu\u2019une dizaine de flics enl\u00e8vent notre \u0153uvre. Proximit\u00e9 tendue entre nous et eux. Nous scandons \u00ab\u00a0O\u00f9 est Steve\u00a0?\u00a0\u00bb et autres\u2026 Apr\u00e8s discussion avec la capitaine, ils se retirent et se postent loin de nous. Une dizaine de voitures de police a alors tourn\u00e9 autour de la place. Nous \u00e9tions \u00e0 peine une trentaine. Une banderole de fortune, avec deux trois affiches coll\u00e9es, est \u00e0 nouveau tendue. Les Gilets jaunes se prennent en photo. Satisfaction partag\u00e9e. Action bien plus productive, qu\u2019une ribambelle de vingt Gilets jaunes qui d\u00e9ambulent ces derni\u00e8res semaines.<\/p>\n<p>Discussion avec des passants sur \u00ab\u00a0qui est Steve\u00a0\u00bb et on apprend par une autre discussion avec des Gilets jaunes pr\u00e9sents sur le rond-point de la Croix-Rousse qu\u2019une balle a \u00e9t\u00e9 tir\u00e9e d\u2019un immeuble voisin.<\/p>\n<hr \/>\n<hr \/>\n<p><strong>CR des actions de samedi 20\/07\/19 \u00e0 Lyon<\/strong><\/p>\n<p>Une douzaine de personnes au RV des 24 colonnes pour manifester \u00e0 l\u2019appel de diff\u00e9rents groupes (Appel FB) contre les violences diverses de la police (banlieues, Nantes, contre les GJ). Visiblement aucun de ces groupes n\u2019est pr\u00e9sent confirmant leur caract\u00e8re de coquille vide juste bonne \u00e0 relayer des appels. Des petites affiches contre la r\u00e9pression polici\u00e8re sont mises contre les grilles du Palais de Justice, mais les personnes qui passeront avec une demie- heure de retard s\u2019apercevront que les affiches ont d\u00e9j\u00e0 \u00e9t\u00e9 enlev\u00e9es. D\u2019ailleurs une voiture de police et une voiture banalis\u00e9e stationnent devant le Palais.<\/p>\n<p>Nous nous retrouvons \u00e0 30-40 place A. Poncet un RV finalement vot\u00e9 par l\u2019assembl\u00e9e de Lyon \u00e0 la Bourse le lundi 15 juillet en vue d\u2019action de lev\u00e9es de barri\u00e8re dans les h\u00f4pitaux en appui de la toujours potentielle mobilisation des hospitaliers et soi-disant avec l\u2019appui du syndicat SUD qu\u2019on attendra vainement. Comme d\u2019habitude, le travailleur du b\u00e2timent sp\u00e9cialis\u00e9 dans l\u2019annonce aux Gilets jaunes des luttes hospitali\u00e8res essaie de \u00ab\u00a0vendre\u00a0\u00bb son action et se plaint de ne pas \u00eatre \u00e9cout\u00e9. Aucun rapport avec l\u2019action aux 24 colonnes\u00a0! Et en plus, la presque totalit\u00e9 des pr\u00e9sents ne r\u00e9pond pas \u00e0 l\u2019appel de l\u2019AG, mais \u00e0 l\u2019habituel RV du samedi 14H qui s\u2019est l\u00e9g\u00e8rement d\u00e9cal\u00e9 depuis deux mois, de la place Bellecour \u00e0 Antonin Poncet \u00e0 cause de la sanctuarisation de Bellecour par les forces de l\u2019ordre. La confusion r\u00e8gne parce qu\u2019un membre de Lyon-centre distribue des pancartes contre la r\u00e9pression polici\u00e8re comme si il y allait avoir une manifestation dans l\u2019hyper-centre, alors que la premi\u00e8re action propos\u00e9e est celle pour la lev\u00e9e des barri\u00e8res de parking et comme par hasard celles de l\u2019h\u00f4pital de la Croix-Rousse, \u00ab\u00a0QG\u00a0\u00bb des Gilets jaunes d\u2019apr\u00e8s <em>Le Progr\u00e8s<\/em>. Une quinzaine de personnes semblent finalement s\u2019y rendre tandis qu\u2019une dizaine se rend en m\u00e9tro \u00e0 HEH o\u00f9 elles sont rejointes par une quinzaine d\u2019autres, venues en voiture.<\/p>\n<p>Une fois les barri\u00e8res ouvertes, des tracts sont distribu\u00e9s aux usagers qui quittent l\u2019h\u00f4pital, avec une p\u00e9tition \u00e0 signer. L\u2019impression de ces documents constituait la participation des syndicats \u00e0 l\u2019op\u00e9ration. Au bout d\u2019une heure, une partie des participants se sont rendus \u00e0 HFME pour affecter un troisi\u00e8me h\u00f4pital. Plusieurs centaines de signatures seront ainsi obtenues dans l\u2019apr\u00e8s-midi pour demander la gratuit\u00e9 des parkings pour les usagers.<\/p>\n<p>\u00c9coeur\u00e9s, une quinzaine de Gilets jaunes continuent de discuter un moment avant de se disperser. D\u2019autres se dirigent avec des pancartes anti-r\u00e9pression qui sont tr\u00e8s regard\u00e9es vers le commissariat de l\u2019op\u00e9ra o\u00f9\u00a0; l\u00e0\u00a0; ils scandent\u00a0: \u00ab\u00a0O\u00f9 est Steve\u00a0\u00bb en r\u00e9f\u00e9rence avec le disparu de Nantes pendant la f\u00eate de la musique. Un manifestant est contr\u00f4l\u00e9 puis embarqu\u00e9 par la police, pr\u00e9tendument pour des tags. Retour vers A. Poncet \u00e0 16 H-16h30. Discussions pendant une bonne heure puis dispersion sans probl\u00e8me.<\/p>\n<hr \/>\n<hr \/>\n<p><strong>Compte-rendu de la manifestation du 13 juillet \u00e0 Lyon<\/strong><\/p>\n<p>Une soixante de personnes sous les quelques arbres de la place Antonin-Poncet. La place Bellecour est de nouveau accessible, mais un peu d\u2019ombre fait du bien par ces chaleurs estivales. Aucun objectif se d\u00e9cide et nous embrayons sur la rue de la R\u00e9publique suite \u00e0 l\u2019invitation du groupe Article\u00a035 de se rendre devant le Printemps, car il organise un \u00ab\u00a0live\u00a0\u00bb en lien avec l\u2019appel de la marche des oubli\u00e9s pr\u00e9vue le lendemain. Arriv\u00e9 l\u00e0-bas, c\u2019est le flop. Nous apprenons que l\u2019un des principaux organisateurs est absent, car malade, et le mat\u00e9riel pr\u00e9vu (banderoles et sono) fait d\u00e9faut. Nous poursuivons donc notre route. Au niveau des Cordeliers, nous bifurquons en direction du pont Lafayette. L\u00e9ger incident avec une jeune conductrice ayant invectiv\u00e9 quelques Gilets jaunes au passage du quai Jules-Courmont. \u00c0 l\u2019entr\u00e9e du pont se pose la question\u00a0: que faire\u00a0?<\/p>\n<p>La proposition d\u2019un tour \u00e0 la Part-Dieu est vite abandonn\u00e9e et l\u2019on d\u00e9cide de prendre la direction de l\u2019H\u00f4tel de Ville. La curiosit\u00e9 nous am\u00e8ne \u00e0 nous d\u00e9tourner de l\u2019objectif, car un h\u00e9licopt\u00e8re de la marine nationale est install\u00e9 au milieu du pont Morand, ouvert \u00e0 la visite, en marge du d\u00e9fil\u00e9 militaire ayant eu lieu le matin. Les policiers nous voient arriver sur le pont d\u2019un mauvais \u0153il et quelques minutes plus tard, on aper\u00e7oit du quai 2 ou 3 v\u00e9hicules des FO qui foncent vers nous. Manque de bol, le pont est bloqu\u00e9 de chaque c\u00f4t\u00e9 par des v\u00e9hicules de police et du plan Vigipirate, donc ils doivent faire le tour un peu plus haut. Nous passons tranquillement devant les installations et certains entament quelques \u00e9changes avec un des grad\u00e9s, car \u00ab\u00a0l\u2019arm\u00e9e est l\u2019alli\u00e9e des GJ\u00a0\u00bb nous disent nos compagnons de lutte\u00a0! <a class=\"cboxElement\" href=\"http:\/\/blog.tempscritiques.net\/wp-content\/uploads\/Lh\u00e9licopt\u00e8re.jpg\"><img loading=\"lazy\" decoding=\"async\" class=\"aligncenter wp-image-3033 size-large\" src=\"http:\/\/blog.tempscritiques.net\/wp-content\/uploads\/Lh\u00e9licopt\u00e8re-1024x560.jpg\" alt=\"\" width=\"640\" height=\"350\" \/><\/a>Nous arrivons place Lyautey. Un point de fixation se forme faute d\u2019objectif motivant. Les v\u00e9hicules de police finissent par arriver mais ne tentent rien, car la situation est tr\u00e8s calme dans les rangs. Finalement, retour vers la Presqu\u2019\u00eele et nous redescendons la rue de la R\u00e9publique dans un silence consternant. Un bacqueu et quelques GM nous suivent de pr\u00e8s mais les travaux ne leur facilitent pas la t\u00e2che. Peu avant le Printemps, nous retrouvons 3 personnes d\u2019Article\u00a035 qui se sont finalement report\u00e9es sur une op\u00e9ration communication en direction des passants pour le lendemain. Le Printemps, comme lors de notre pr\u00e9c\u00e9dent passage, ferme ses portes un court instant\u2026 Finalement une id\u00e9e surgit qui ravive un peu la motivation de la troupe. Faire une action \u00e0 la Fnac. Malgr\u00e9 tout, place de la R\u00e9publique nous perdons quelques personnes sans trop savoir pourquoi. Moiti\u00e9 moins, c\u2019est une vingtaine de GJ sans gilets qui s\u2019introduit dans le magasin par l\u2019entr\u00e9e principale puis se regroupent dans le hall. L\u2019attroupement s\u00e8me la panique chez les vigiles qui restreignent l\u2019entr\u00e9e imm\u00e9diatement. Faute d\u2019id\u00e9e et surtout de motivation, nous sortons peu apr\u00e8s dans le dispositif mis en place par les vigiles pour filtrer. On entendra \u00e0 la question d\u2019une dame, un vigile r\u00e9pondre\u00a0: c\u2019est des Gilets jaunes en civil\u00a0! Ne voulant pas en rester l\u00e0, nous nous attroupons autour de l\u2019entr\u00e9e et les grilles finissent par descendre. Enfin, nous nous rendons rue Bellecordi\u00e8re du c\u00f4t\u00e9 de l\u2019autre entr\u00e9e et tentons la m\u00eame chose mais le vigile est d\u00e9j\u00e0 pr\u00e9sent et laisse sortir uniquement. Fatigu\u00e9s, nous restons \u00e0 une petite dizaine \u00e0 discuter pendant pr\u00e8s de 1\u00a0h\u00a030 puis d\u00e9cidons de nous disperser. Il est aux environs de 18\u00a0h\u00a030.<\/p>\n<hr \/>\n<hr \/>\n<p><strong>CR AG d\u00e9partementale du 8\/07\/2019<\/strong><\/p>\n<p>Environ 80 personnes sur la place Guichard finalement pr\u00e9f\u00e9r\u00e9e \u00e0 la salle de la Bourse sans micro.<\/p>\n<p>Un d\u00e9l\u00e9gu\u00e9 de Givors et un de TEO font un CR de l\u2019inter\u00e9gionale qui s\u2019est tenue la veille\u00a0; une AG qui ne comprend que des personnes mandat\u00e9es par les groupes locaux mais qui n\u2019est pas d\u00e9cisionnaire puisque ce qui est discut\u00e9 \u00e0 ce niveau doit redescendre afin d\u2019y \u00eatre vot\u00e9.<br \/>\nUne fois les points d\u2019organisation \u00e9nonc\u00e9s et le sempiternel rappel, ici par le d\u00e9l\u00e9gu\u00e9 de Givors, que \u00e0 Lyon, contrairement aux autres villes il est tr\u00e8s difficile de s\u2019organiser (on se demande toujours d\u2019o\u00f9 et de qui viennent ces informations sur l\u2019organisation qui r\u00e8gnerait ailleurs), les actions envisag\u00e9es suivantes sont mises en avant\u00a0:<\/p>\n<p>S\u2019inviter au tour de France, mais sans le bloquer car c\u2019est un sport populaire.<\/p>\n<ul>Action de blocage des p\u00e9ages au moment du va et vient vacancier du 3 juillet et 1er ao\u00fbt.<\/ul>\n<ul>Action contre le G7 \u00e0 Biarritz les 24-28 ao\u00fbt. A cette occasion les GJ pr\u00e9sents ont l\u2019air de d\u00e9couvrir que les mesures pr\u00e9ventives de r\u00e9pression sont une nouveaut\u00e9 macronienne\u00a0! Sans doute n\u2019ont-ils jamais entendu parler de G\u00eanes et de Toronto.<\/ul>\n<ul>Convergence avec les parents d\u2019\u00e9l\u00e8ves (\u00a0?)<\/ul>\n<ul>Participation aux \u00e9lections municipales et l\u00e0 on cro\u00eet savoir qu\u2019il ne s\u2019agit pas du municipalisme libertaire de Commercy et autres Assembl\u00e9e des assembl\u00e9es.<\/ul>\n<ul>On apprendra aussi plus tard que le d\u00e9l\u00e9gu\u00e9 de Givors est aussi (ou d\u00e9j\u00e0\u00a0!) membre du conseil national de la r\u00e9sistance jaune. On n\u2019a pas bien compris o\u00f9 il fallait place le jaune mais \u00e7a nous a fait rire jaune.<\/ul>\n<p>Certains autres aspects sont d\u00e9taill\u00e9s dans le cadre de cette animation du \u00ab\u00a0groupe\u00a0\u00bb de Givors comme la n\u00e9cessit\u00e9 de mieux faire ressortir les slogans et pancartes au cours des actions.<\/p>\n<p>L\u2019\u00e9vocation de la r\u00e9union dentelle de Lyon-centre entame un \u00e9chauffement des esprits. Mais c\u2019est \u00e0 partir de la question des actions que des TEO interviennent bruyamment pour d\u00e9noncer ce qu\u2019ils estiment \u00eatre un l\u00e2chage de la part du groupe Lyon-centre qui a refus\u00e9 de quitter son \u00ab\u00a0rond-point\u00a0\u00bb pour ne pas participer \u00e0 une action dans la fan zone de Bellecour, sous pr\u00e9texte qu\u2019on ne peut \u00eatre \u00e0 deux endroits \u00e0 la fois (c\u2019est bien vrai quand on est qu\u2019une poign\u00e9e, mais faut-il encore le reconna\u00eetre et ce n\u2019est pas une excuse). Les deux groupes en viennent presque aux mains alors que nous tentons de faire remarquer que de leur c\u00f4t\u00e9 les Gilets Jaunes Lyon R\u00e9sistance ont fait tourner l\u2019info de l\u2019action \u00e0 la derni\u00e8re minute pour la plupart d\u2019entre nous notamment quand on est pas en permanence sur Facebook. Apr\u00e8s discussion avec eux on s\u2019aper\u00e7oit qu\u2019ils sont toujours dans l\u2019optique de l\u2019op\u00e9ration secr\u00e8te car autrement la police est au rdv. Un vrai cercle vicieux qui les fait se plaindre de ne pas \u00eatre rejoints par assez de monde, mais en m\u00eame temps bomber le torse parce qu\u2019ils seraient les seuls \u00ab\u00a0v\u00e9ritables\u00a0\u00bb GJ ou au moins les seuls qui restent.<\/p>\n<p>Les invectives sont alors souvent disproportionn\u00e9es comme celle contre un GJ, sans appartenance particuli\u00e8re, mais qui cherche \u00e0 calmer le diff\u00e9rend et se retrouve accus\u00e9 d\u2019\u00eatre mou du genou alors qu\u2019il est de toutes les actions\u00a0!<\/p>\n<p>Finalement une paix pr\u00e9caire est sign\u00e9e par un serrement de mains.<\/p>\n<p>Un GJ intervient alors pour dire que notre nombre est en baisse et qu\u2019il faut donc adapter nos actions en cons\u00e9quence en gardant \u00e0 l\u2019esprit que l\u2019action en petit nombre n\u2019est pas toujours n\u00e9gligeable. La tension remonte quand il est parl\u00e9 d\u2019une \u00e9ventuelle cagnotte que propose l\u2019inter-d\u00e9partementale pour un policier suspendu 6 mois. En effet, outre qu\u2019il soit quand m\u00eame policier et qu\u2019on a peut \u00eatre d\u2019autres cagnottes \u00e0 remplir, un GJ fait remarquer que c\u2019est un habitu\u00e9 du r\u00e9seau Voltaire connu pour ses positions complotistes et ses liens avec la fachosph\u00e8re. Dans la foul\u00e9e, une action est propos\u00e9e par TEO contre le syndicat FO-police qui se serait livr\u00e9 \u00e0 des propos particuli\u00e8rement d\u00e9gueulasses contre les gilets jaunes meurtris dans leur chair. Mais personne ne fera remarquer que c\u2019est un syndicat peu important dans la police par rapport \u00e0 l\u2019UNSA ou surtout \u00e0 Alliance.<\/p>\n<p>Une derni\u00e8re intervention de Givors montre \u00e0 quel point la tension reste forte m\u00eame si elle ne concerne pas les m\u00eames personnes. Alors que le d\u00e9l\u00e9gu\u00e9 de Givors parle de rencontres avec les syndicats (on n\u2019est vraiment plus chez les GJ, mais c\u2019est dans la continuit\u00e9 de son allusion au CNR et on voit que la tension pourrait \u00eatre encore bien plus forte si, comme il y a deux ou trois mois nous affirmions vertement notre d\u00e9saccord), except\u00e9 la CFDT parce que soi-disant elle ne veut pas nous voir, G fait juste remarquer qu\u2019on ne va pas se mettre \u00e0 trier entre les syndicats. D\u00e9j\u00e0 \u00e0 l\u2019origine on ne s\u2019est pas adress\u00e9 \u00e0 eux et ensuite \u00e0 la base dans les entreprises, il y a des individus et pas que des bureaucrates syndicaux ou des \u00ab\u00a0collabos\u00a0\u00bb. Mais un gars de M\u00e9t\u00e9o France ne veut rien entendre et entre dans une col\u00e8re rouge. Discussion quasiment ubuesque pour des GJ qui partis de \u00ab\u00a0on ne veut pas des syndicats\u00a0\u00bb se mettent maintenant \u00e0 les \u00e9valuer au nom de leurs m\u00e9rites respectifs bien al\u00e9atoires comme le fait remarquer G, car si on ne veut pas de la CFDT que faire de l\u2019UNSA et que dire de FO-police, etc.<\/p>\n<p>repris de\u00a0 blog.tempscritiques.ne<\/p>\n","protected":false},"excerpt":{"rendered":"<p>le 29 juillet 2019 Compte-rendu de l\u2019action du 27 juillet 2019 place Bellecour \u00c0 18\u00a0h nous \u00e9tions plus nombreux qu\u2019\u00e0 14\u00a0h \u00e0 Antonin-Poncet. Nous avons attendu les derniers arrivants et un petit groupe s\u2019est d\u00e9plac\u00e9 discr\u00e8tement vers la statue \u00e9questre de Louis XIV sur la place Bellecour. La base de celle-ci a \u00e9t\u00e9 recouverte de [&hellip;]<\/p>\n","protected":false},"author":7964,"featured_media":0,"comment_status":"closed","ping_status":"closed","sticky":false,"template":"","format":"standard","meta":{"footnotes":""},"categories":[1],"tags":[],"class_list":["post-16389","post","type-post","status-publish","format-standard","hentry","category-general"],"_links":{"self":[{"href":"https:\/\/lelaboratoireanarchiste.noblogs.org\/index.php?rest_route=\/wp\/v2\/posts\/16389","targetHints":{"allow":["GET"]}}],"collection":[{"href":"https:\/\/lelaboratoireanarchiste.noblogs.org\/index.php?rest_route=\/wp\/v2\/posts"}],"about":[{"href":"https:\/\/lelaboratoireanarchiste.noblogs.org\/index.php?rest_route=\/wp\/v2\/types\/post"}],"author":[{"embeddable":true,"href":"https:\/\/lelaboratoireanarchiste.noblogs.org\/index.php?rest_route=\/wp\/v2\/users\/7964"}],"replies":[{"embeddable":true,"href":"https:\/\/lelaboratoireanarchiste.noblogs.org\/index.php?rest_route=%2Fwp%2Fv2%2Fcomments&post=16389"}],"version-history":[{"count":1,"href":"https:\/\/lelaboratoireanarchiste.noblogs.org\/index.php?rest_route=\/wp\/v2\/posts\/16389\/revisions"}],"predecessor-version":[{"id":16390,"href":"https:\/\/lelaboratoireanarchiste.noblogs.org\/index.php?rest_route=\/wp\/v2\/posts\/16389\/revisions\/16390"}],"wp:attachment":[{"href":"https:\/\/lelaboratoireanarchiste.noblogs.org\/index.php?rest_route=%2Fwp%2Fv2%2Fmedia&parent=16389"}],"wp:term":[{"taxonomy":"category","embeddable":true,"href":"https:\/\/lelaboratoireanarchiste.noblogs.org\/index.php?rest_route=%2Fwp%2Fv2%2Fcategories&post=16389"},{"taxonomy":"post_tag","embeddable":true,"href":"https:\/\/lelaboratoireanarchiste.noblogs.org\/index.php?rest_route=%2Fwp%2Fv2%2Ftags&post=16389"}],"curies":[{"name":"wp","href":"https:\/\/api.w.org\/{rel}","templated":true}]}}