{"id":16368,"date":"2019-07-31T23:26:31","date_gmt":"2019-07-31T21:26:31","guid":{"rendered":"https:\/\/lelaboratoireanarchiste.noblogs.org\/?p=16368"},"modified":"2019-07-31T23:27:04","modified_gmt":"2019-07-31T21:27:04","slug":"leipzig-allemagne-le-feu-continue-de-bruler-dans-nos-coeurs-et-chez-telekom-aussi-solidarite-avec-les-trois-des-bancs-publics-31-juillet-2019","status":"publish","type":"post","link":"https:\/\/lelaboratoireanarchiste.noblogs.org\/?p=16368","title":{"rendered":"Leipzig, Allemagne : Le feu continue de br\u00fbler dans nos c\u0153urs \u2013 et chez Telekom aussi \u2013 Solidarit\u00e9 avec les trois des \u00ab\u00a0bancs publics\u00a0\u00bb \u2013 31 juillet 2019"},"content":{"rendered":"<div class=\"entry-meta\"><span class=\"meta-prep meta-prep-author\">Posted on<\/span> <a title=\"18:22\" href=\"https:\/\/sansattendre.noblogs.org\/post\/2019\/07\/31\/leipzig-allemagne-le-feu-continue-de-bruler-dans-nos-coeurs-et-chez-telekom-aussi-solidarite-avec-les-trois-des-bancs-publics-31-juillet-2019\/\" rel=\"bookmark\"><span class=\"entry-date\">2<\/span><\/a><span class=\"entry-date\">019\/07\/31<\/span> <span class=\"meta-sep\">by<\/span> <span class=\"author vcard\">Sans_Attendre<\/span><\/div>\n<div class=\"entry-content\">\n<p align=\"justify\"><strong><img loading=\"lazy\" decoding=\"async\" class=\"alignright size-full wp-image-1216\" src=\"https:\/\/sansattendre.noblogs.org\/files\/2017\/10\/index.png\" alt=\"\" width=\"225\" height=\"225\" \/>[Dans la nuit de mardi 30 au mercredi 31 juillet 2019, deux voitures de la Telekom ont \u00e9t\u00e9 r\u00e9duits en cendres \u00e0 Leipzig. Les deux v\u00e9hicules \u00e9taient gar\u00e9s au centre-ville, juste devant le centre de service de Telekom, \u00e0 l\u2019est de la gare principale, dans la Brandenburger Stra\u00dfe. Les d\u00e9g\u00e2ts s\u2019\u00e9l\u00e8vent \u00e0 pr\u00e8s de 70.000 euros. L\u2019attaque a \u00e9t\u00e9 revendiqu\u00e9 en <a href=\"https:\/\/sansattendre.noblogs.org\/post\/tag\/solidarite-avec-les-trois-de-la-parkbank\/\" target=\"_blank\" rel=\"noopener noreferrer\">solidarit\u00e9 avec les trois des \u00ab\u00a0bancs publics\u00a0\u00bb de Hambourg<\/a>, mais \u00ab\u00a0aussi pour touTEs les prisonnierEs de la guerre sociale\u00a0\u00bb]<\/strong><\/p>\n<p align=\"justify\">La nuit derni\u00e8re (du 30 au 31 juillet), nous avons incendi\u00e9 deux v\u00e9hicules de la soci\u00e9t\u00e9 Telekom. Notre motivation a \u00e9t\u00e9 l\u2019arrestation de trois de nos compagnon.ne.s et l\u2019incarc\u00e9ration de deux d\u2019entre eux. Encore une fois, les chiens des services de s\u00fbret\u00e9 de l\u2019\u00c9tat ont kidnapp\u00e9 des ami.e.s et \u00e7a nous fout la rage. Mais pour les compagnon.ne.s comme pour nous, la lutte continue. Nous pouvons aussi sortir plus fort.e.s des moments de r\u00e9pression si nous prenons ensemble les bonnes dispositions. Nous consid\u00e9rons donc notre contribution comme une \u00e9tape vers une strat\u00e9gie offensive contre la r\u00e9pression et nous esp\u00e9rons rendre plus fort.e.s les compagnon.ne.s \u00e0 l\u2019int\u00e9rieur ainsi que nous-m\u00eames \u00e0 l\u2019ext\u00e9rieur. Mais nous n\u2019envoyons pas seulement des messages de fum\u00e9e pour eux\/elles. C\u2019est aussi pour tou.te.s les prisonnier.e.s de la guerre sociale. La contre-insurrection ne nous descendra pas\u00a0!<\/p>\n<p align=\"justify\">Ailleurs, des compagnon.nes ont d\u00e9j\u00e0 expliqu\u00e9 les agissements de Telekom contre les opprim\u00e9.e.s, apr\u00e8s qu\u2019en <strong><a href=\"https:\/\/sansattendre.noblogs.org\/post\/2018\/06\/29\/allemagne-chronique-dactions-directes-juin-2018\/\" target=\"_blank\" rel=\"noopener noreferrer\">juin 2018 ils ont sabot\u00e9 six voitures de Telekom, un parc automobile de la Deutsche Bahn et une antenne radio de Vodafone<\/a><\/strong>\u00a0:<\/p>\n<blockquote>\n<p align=\"justify\"><img loading=\"lazy\" decoding=\"async\" class=\"wp-image-3533 size-thumbnail alignleft\" src=\"https:\/\/sansattendre.noblogs.org\/files\/2018\/06\/fot1-150x150.jpg\" alt=\"\" width=\"150\" height=\"150\" \/>\u00ab\u00a0Telekom est la plus grosse entreprise de t\u00e9l\u00e9communication d\u2019Europe et exploite les r\u00e9seaux techniques pour les services de t\u00e9l\u00e9phonie, de r\u00e9seau mobile, de transfert de donn\u00e9es et en ligne. En plus de l\u2019Allemagne, l\u2019entreprise poss\u00e8de des filiales dans 14 autres \u00c9tats europ\u00e9ens ou est impliqu\u00e9e comme fournisseur de r\u00e9seaux fixe et mobile. Avec sa filiale internationale T-Systems, le groupe est un des leaders mondiaux des fournisseurs en technologie de communication et d\u2019information, destin\u00e9 aux client.e.s de la grande industrie, des secteurs de la finance, de l\u2019\u00e9nergie, de l\u2019administration d\u2019\u00c9tat et de la s\u00e9curit\u00e9.<\/p>\n<p align=\"justify\">Pour la police, l\u2019arm\u00e9e et les autres autorit\u00e9s de s\u00e9curit\u00e9, T-Systems propose des solutions compl\u00e8tes et des technologies de l\u2019information. Sous le titre \u00abPLX\u00bb, Deutsche Telekom d\u00e9veloppe entre autres un syst\u00e8me d\u2019information et de recherche pour la police, dans lequel sont int\u00e9gr\u00e9s tous les processus de signalement pertinents, tels que les services de reconnaissance faciale, les donn\u00e9es relatives \u00e0 la d\u00e9tention, les preuves de casier judiciaire, etc. De cette mani\u00e8re, tous les processus de traitement des transactions, de l\u2019enregistrement initial \u00e0 la soumission de la proc\u00e9dure au pouvoir judiciaire, sont cens\u00e9s \u00eatre pris en charge.<\/p>\n<p><span lang=\"fr-FR\">En outre, T-Systems propose une technologie pour une \u2018Radio de voiture de patrouille interactive (IfuStw)\u2019. <\/span><span lang=\"fr-FR\">Un p<\/span><span lang=\"fr-FR\">oste de <\/span><span lang=\"fr-FR\">travail<\/span><span lang=\"fr-FR\"> mobile <\/span><span lang=\"fr-FR\">de la police <\/span><span lang=\"fr-FR\">dot\u00e9 de PC multifonctions dans le v\u00e9hicule, ce qui permet une int\u00e9gration compl\u00e8te dans les infrastructures de communication et d\u2019infrastructures de police existantes. Ces liens sont con\u00e7us pour r\u00e9duire les temps de r\u00e9action et d\u2019intervention tout en facilitant la documentation s\u00e9curis\u00e9e gr\u00e2ce \u00e0 la capture vid\u00e9o. \u201d<\/span><\/p><\/blockquote>\n<p><a href=\"https:\/\/de.indymedia.org\/node\/22034\" target=\"_blank\" rel=\"noopener noreferrer\">Ici leur texte en entier (en allemand)<\/a><\/p>\n<p><strong>Feu aux prisons, ses profiteurs et les autorit\u00e9s r\u00e9pressives\u00a0!<\/strong><\/p>\n<p><strong>Libert\u00e9 pour tou.te.s les prisonnier.e.s\u00a0!<\/strong><\/p>\n<p>(((A)))<\/p>\n<p>[Traduit de l\u2019allemand de <a href=\"https:\/\/de.indymedia.org\/node\/35208\" target=\"_blank\" rel=\"noopener noreferrer\">indymedia<\/a>, 31.07.2019]<\/p>\n<\/div>\n","protected":false},"excerpt":{"rendered":"<p>Posted on 2019\/07\/31 by Sans_Attendre [Dans la nuit de mardi 30 au mercredi 31 juillet 2019, deux voitures de la Telekom ont \u00e9t\u00e9 r\u00e9duits en cendres \u00e0 Leipzig. Les deux v\u00e9hicules \u00e9taient gar\u00e9s au centre-ville, juste devant le centre de service de Telekom, \u00e0 l\u2019est de la gare principale, dans la Brandenburger Stra\u00dfe. Les d\u00e9g\u00e2ts [&hellip;]<\/p>\n","protected":false},"author":7964,"featured_media":0,"comment_status":"closed","ping_status":"closed","sticky":false,"template":"","format":"standard","meta":{"footnotes":""},"categories":[1],"tags":[],"class_list":["post-16368","post","type-post","status-publish","format-standard","hentry","category-general"],"_links":{"self":[{"href":"https:\/\/lelaboratoireanarchiste.noblogs.org\/index.php?rest_route=\/wp\/v2\/posts\/16368","targetHints":{"allow":["GET"]}}],"collection":[{"href":"https:\/\/lelaboratoireanarchiste.noblogs.org\/index.php?rest_route=\/wp\/v2\/posts"}],"about":[{"href":"https:\/\/lelaboratoireanarchiste.noblogs.org\/index.php?rest_route=\/wp\/v2\/types\/post"}],"author":[{"embeddable":true,"href":"https:\/\/lelaboratoireanarchiste.noblogs.org\/index.php?rest_route=\/wp\/v2\/users\/7964"}],"replies":[{"embeddable":true,"href":"https:\/\/lelaboratoireanarchiste.noblogs.org\/index.php?rest_route=%2Fwp%2Fv2%2Fcomments&post=16368"}],"version-history":[{"count":1,"href":"https:\/\/lelaboratoireanarchiste.noblogs.org\/index.php?rest_route=\/wp\/v2\/posts\/16368\/revisions"}],"predecessor-version":[{"id":16369,"href":"https:\/\/lelaboratoireanarchiste.noblogs.org\/index.php?rest_route=\/wp\/v2\/posts\/16368\/revisions\/16369"}],"wp:attachment":[{"href":"https:\/\/lelaboratoireanarchiste.noblogs.org\/index.php?rest_route=%2Fwp%2Fv2%2Fmedia&parent=16368"}],"wp:term":[{"taxonomy":"category","embeddable":true,"href":"https:\/\/lelaboratoireanarchiste.noblogs.org\/index.php?rest_route=%2Fwp%2Fv2%2Fcategories&post=16368"},{"taxonomy":"post_tag","embeddable":true,"href":"https:\/\/lelaboratoireanarchiste.noblogs.org\/index.php?rest_route=%2Fwp%2Fv2%2Ftags&post=16368"}],"curies":[{"name":"wp","href":"https:\/\/api.w.org\/{rel}","templated":true}]}}