{"id":16353,"date":"2019-07-30T23:04:49","date_gmt":"2019-07-30T21:04:49","guid":{"rendered":"https:\/\/lelaboratoireanarchiste.noblogs.org\/?p=16353"},"modified":"2019-07-30T23:07:26","modified_gmt":"2019-07-30T21:07:26","slug":"g7-des-prefabriques-en-renfort-du-dispositif-judiciaire","status":"publish","type":"post","link":"https:\/\/lelaboratoireanarchiste.noblogs.org\/?p=16353","title":{"rendered":"G7: Des pr\u00e9fabriqu\u00e9s en renfort du dispositif judiciaire"},"content":{"rendered":"<div class=\"abstract\">\n<p><del>mediabask<\/del> <span class=\"date_updated\">Mis \u00e0 jour \u00e0: 29\/07\/2019<br \/>\n<\/span><\/p>\n<div class=\"big-photo report-photo\"><\/div>\n<p>Moins d\u2019un mois du sommet du G7, des pr\u00e9fabriqu\u00e9s de type Algeco ont \u00e9t\u00e9 install\u00e9s sur le parking du Tribunal de grande instance (TGI) de Bayonne. Des structures de renforts qui serviront dans le cadre de comparutions imm\u00e9diates.<\/p>\n<\/div>\n<div class=\"overheader extra-info\"><span class=\"date_updated\">\u00a0<\/span><\/div>\n<div class=\"big-photo report-photo\">\n<p><img decoding=\"async\" src=\"https:\/\/mediabask.naiz.eus\/media\/asset_publics\/resources\/000\/623\/372\/news_landscape\/gar_AlgecosTribunal_Baiona_gfauveau-1.JPG\" alt=\"Gar_algecostribunal_baiona_gfauveau-1\" \/><\/p>\n<div class=\"photo-label\">\n<div class=\"photo-bg\"><\/div>\n<\/div>\n<\/div>\n<div class=\"new-content row\">\n<div class=\"col-sm-12\">\n<div class=\"row\">\n<div class=\"col-sm-12\">\n<div class=\"report-text\">\n<p>On savait qu\u2019un important dispositif s\u00e9curitaire et judiciaire serait d\u00e9ploy\u00e9 en marge du sommet des sept plus grandes puissances mondiales qui se d\u00e9roulera fin ao\u00fbt \u00e0 Biarritz. Mais on ignorait cependant encore que des structures temporaires install\u00e9es sur le parking du TGI feraient partie des \u00ab\u00a0moyens mat\u00e9riels en plus pour le tribunal\u00a0\u00bb.<\/p>\n<p>C\u2019est sur la page Facebook \u00ab\u00a0SOS G7 Biarritz\u00a0\u00bb que l\u2019information est parue en premier. Une photo des pr\u00e9fabriqu\u00e9s y a \u00e9t\u00e9 publi\u00e9e le 27 juillet dernier, accompagn\u00e9e du commentaire : \u00ab\u00a0Les premiers Algeco avec barreaux ont \u00e9t\u00e9 install\u00e9s sur le parking du palais de justice de Bayonne. Ils serviront de \u00ab\u00a0d\u00e9p\u00f4t\u00a0\u00bb pour les personnes jug\u00e9es en comparution imm\u00e9diate pendant le G7&Prime;.<\/p>\n<p>Aujourd\u2019hui, le procureur de la R\u00e9publique, Samuel Vuelta Simon a confirm\u00e9 ces informations dans un mail envoy\u00e9 \u00e0 CheckNews : \u00ab\u00a0Ce sont des Algeco destin\u00e9s \u00e0 pouvoir h\u00e9berger des personnes avant leur comparution \u00e9ventuelle dans des conditions de s\u00e9curit\u00e9 et de confort satisfaisantes : climatisation, espace suffisant, local pour entretien avocat, sanitaires, etc( sic). Le tribunal dispose de quelques ge\u00f4les \u00e0 cet effet, mais en cas d\u2019affluence, l\u2019espace serait insuffisant\u00a0\u00bb.<\/p>\n<p>Alors que le c<strong>entre de r\u00e9tention administrative d\u2019Hendaye sera r\u00e9quisitionn\u00e9 pour organiser des gardes \u00e0 vue, une quinzaine de personnes pourra ici aussi \u00eatre incarc\u00e9r\u00e9es,<\/strong>\u00a0 dans ces pr\u00e9fabriqu\u00e9s avant leur \u00e9ventuelle comparution. Une anticipation qui laisse supposer que les autorit\u00e9s s\u2019attendent \u00e0 un grand nombre de comparutions durant la p\u00e9riode entourant le sommet international.<\/p>\n<p><img loading=\"lazy\" decoding=\"async\" src=\"https:\/\/www.naiz.eus\/media\/asset_publics\/resources\/000\/623\/373\/original\/gar_AlgecosTribunal_Baiona_gfauveau-2.JPG?1564419221\" alt=\"\" width=\"2500\" height=\"1668\" \/><\/p>\n<\/div>\n<\/div>\n<\/div>\n<\/div>\n<\/div>\n","protected":false},"excerpt":{"rendered":"<p>mediabask Mis \u00e0 jour \u00e0: 29\/07\/2019 Moins d\u2019un mois du sommet du G7, des pr\u00e9fabriqu\u00e9s de type Algeco ont \u00e9t\u00e9 install\u00e9s sur le parking du Tribunal de grande instance (TGI) de Bayonne. Des structures de renforts qui serviront dans le cadre de comparutions imm\u00e9diates. \u00a0 On savait qu\u2019un important dispositif s\u00e9curitaire et judiciaire serait d\u00e9ploy\u00e9 [&hellip;]<\/p>\n","protected":false},"author":7964,"featured_media":0,"comment_status":"closed","ping_status":"closed","sticky":false,"template":"","format":"standard","meta":{"footnotes":""},"categories":[1],"tags":[],"class_list":["post-16353","post","type-post","status-publish","format-standard","hentry","category-general"],"_links":{"self":[{"href":"https:\/\/lelaboratoireanarchiste.noblogs.org\/index.php?rest_route=\/wp\/v2\/posts\/16353","targetHints":{"allow":["GET"]}}],"collection":[{"href":"https:\/\/lelaboratoireanarchiste.noblogs.org\/index.php?rest_route=\/wp\/v2\/posts"}],"about":[{"href":"https:\/\/lelaboratoireanarchiste.noblogs.org\/index.php?rest_route=\/wp\/v2\/types\/post"}],"author":[{"embeddable":true,"href":"https:\/\/lelaboratoireanarchiste.noblogs.org\/index.php?rest_route=\/wp\/v2\/users\/7964"}],"replies":[{"embeddable":true,"href":"https:\/\/lelaboratoireanarchiste.noblogs.org\/index.php?rest_route=%2Fwp%2Fv2%2Fcomments&post=16353"}],"version-history":[{"count":3,"href":"https:\/\/lelaboratoireanarchiste.noblogs.org\/index.php?rest_route=\/wp\/v2\/posts\/16353\/revisions"}],"predecessor-version":[{"id":16356,"href":"https:\/\/lelaboratoireanarchiste.noblogs.org\/index.php?rest_route=\/wp\/v2\/posts\/16353\/revisions\/16356"}],"wp:attachment":[{"href":"https:\/\/lelaboratoireanarchiste.noblogs.org\/index.php?rest_route=%2Fwp%2Fv2%2Fmedia&parent=16353"}],"wp:term":[{"taxonomy":"category","embeddable":true,"href":"https:\/\/lelaboratoireanarchiste.noblogs.org\/index.php?rest_route=%2Fwp%2Fv2%2Fcategories&post=16353"},{"taxonomy":"post_tag","embeddable":true,"href":"https:\/\/lelaboratoireanarchiste.noblogs.org\/index.php?rest_route=%2Fwp%2Fv2%2Ftags&post=16353"}],"curies":[{"name":"wp","href":"https:\/\/api.w.org\/{rel}","templated":true}]}}