{"id":15995,"date":"2019-06-25T23:39:36","date_gmt":"2019-06-25T21:39:36","guid":{"rendered":"https:\/\/lelaboratoireanarchiste.noblogs.org\/?p=15995"},"modified":"2019-06-25T23:40:00","modified_gmt":"2019-06-25T21:40:00","slug":"italie-des-nouvelles-de-quelques-anarchistes-en-prison","status":"publish","type":"post","link":"https:\/\/lelaboratoireanarchiste.noblogs.org\/?p=15995","title":{"rendered":"Italie : Des nouvelles de quelques anarchistes en prison"},"content":{"rendered":"<div class=\"entry-meta\"><span class=\"meta-prep meta-prep-author\">Posted on<\/span> <a title=\"09:53\" href=\"https:\/\/attaque.noblogs.org\/post\/2019\/06\/25\/italie-des-nouvelles-de-quelques-anarchistes-en-prison\/\" rel=\"bookmark\"><span class=\"entry-date\">25 juin 2019<\/span><\/a> <span class=\"meta-sep\">by<\/span> <span class=\"author vcard\"><a class=\"url fn n\" title=\"View all posts by Attaque\" href=\"https:\/\/attaque.noblogs.org\/post\/author\/attaque\/\">Attaque<\/a><\/span><\/div>\n<div class=\"entry-content\">\n<p><em><a href=\"https:\/\/roundrobin.info\/2019\/06\/aggiornamenti-sulla-situazione-di-alcun-compagn-prigionier\/\">Round Robin<\/a> \/ lundi 24 juin 2019<\/em><\/p>\n<p><em><a href=\"https:\/\/roundrobin.info\/2019\/06\/aggiornamenti-sulla-situazione-di-alcun-compagn-prigionier\/\"><img loading=\"lazy\" decoding=\"async\" class=\"alignright size-medium wp-image-27060\" src=\"https:\/\/attaque.noblogs.org\/files\/2019\/06\/brisbane3-300x221.jpg\" alt=\"\" width=\"300\" height=\"221\" \/><\/a><\/em><a href=\"https:\/\/attaque.noblogs.org\/post\/2019\/05\/22\/italie-operation-prometeo-trois-compas-arrete-e-s\/\"><strong>Beppe<\/strong><\/a> a \u00e9t\u00e9 transf\u00e9r\u00e9 \u00e0 la prison d\u2019Alessandria.<\/p>\n<p><strong>Natascia<\/strong> est en gr\u00e8ve de la faim depuis qu\u2019elle \u00e9tait emprisonn\u00e9e \u00e0 Roma-Rebibbia. Le 19 juin, elle a \u00e9t\u00e9 <a href=\"https:\/\/attaque.noblogs.org\/post\/2019\/06\/21\/italie-des-nouvelles-depuis-la-prison-de-laquila\/\">transf\u00e9r\u00e9e \u00e0 L\u2019Aquila<\/a>.<\/p>\n<p><strong>Marco<\/strong> [<em>emprisonn\u00e9 \u00e0 Alessandria pour l\u2019op\u00e9ration Scripta Manent; NdAtt.<\/em>], en gr\u00e8ve de la faim depuis le 31 main, va bien. Il a perdu beaucoup de poids, mais l\u00e0 sa situation est stable et il se sent d\u00e9cid\u00e9ment mieux. Depuis une semaine, il prend du sucre. Il est d\u00e9termin\u00e9 \u00e0 poursuivre la gr\u00e8ve de la faim.<br \/>\n<span id=\"more-27053\"><\/span><br \/>\nVendredi 21 juin, <a href=\"https:\/\/attaque.noblogs.org\/post\/2017\/08\/12\/au-mouvement-anarchiste-international\/\"><strong>Ghespe<\/strong><\/a>, apr\u00e8s presque deux ans de prison, a eu l\u2019assignation \u00e0 r\u00e9sidence, avec toutes les restrictions. Il peut voir quelqu\u2019un trois fois par semaine, pendant une heure, quand on lui apporte ses courses.<\/p>\n<p><strong>Giova et Paska<\/strong> sont assign\u00e9s \u00e0 r\u00e9sidence depuis le 13 juin.<\/p>\n<p>Dans la prison de Ferrara, <strong>Alfredo<\/strong>, en gr\u00e8ve de la faim depuis le 29 mai, a (au 18 juin) d\u00e9j\u00e0 perdu 15 kilos, mais il dit qu\u2019il va assez bien et qu\u2019il a commenc\u00e9 a prendre du sucre. Il r\u00e9affirme qu\u2019il n\u2019arr\u00eatera pas sa gr\u00e8ve de la faim jusqu\u2019\u00e0 quand les deux compagnonnes enferm\u00e9es \u00e0 L\u2019Aquila n\u2019arr\u00eaterons pas. <strong>Stecco<\/strong>, lui aussi en gr\u00e8ve de la faim depuis le 29 mai, l\u2019a interrompu le 17 juin, parce qu\u2019il a perdu trop de poids.<\/p>\n<p>*****<\/p>\n<p><em>Pour leur \u00e9crire :<\/em><\/p>\n<p><strong>Robert Firozpoor<\/strong><br \/>\n<strong>Marco Bisesti<\/strong><br \/>\nCasa Circondariale San Michele<br \/>\nStrada Casale, 50\/A<br \/>\n15121 \u2013 Alessandria (Italie)<\/p>\n<p><strong>Natascia Savio<br \/>\nSilvia Ruggeri<br \/>\nAnna Beniamino<\/strong><br \/>\nVia Amiternina, 3<br \/>\nLocalit\u00e0 Costarelle di Preturo<br \/>\n67100 \u2013 L\u2019Aquila (Italie)<\/p>\n<p><strong>Alfredo Cospito<\/strong><br \/>\n<strong>Luca Dolce<\/strong><br \/>\n(et aussi <strong>Nicola Gai<\/strong> et <strong>Alessandro Mercogliano<\/strong>)<br \/>\nCasa Circondariale<br \/>\nVia Arginone, 327<br \/>\n44122 \u2013 Ferrara (Italie)<\/p>\n<p>*****<\/p>\n<h3><strong>Quelques signes de soutien, \u00e0 travers le monde<\/strong><\/h3>\n<p><strong>Berlin (Allemagne) :<\/strong><\/p>\n<p><img loading=\"lazy\" decoding=\"async\" class=\"aligncenter wp-image-27057 size-full\" src=\"https:\/\/attaque.noblogs.org\/files\/2019\/06\/Berlin.jpg\" alt=\"\" width=\"1000\" height=\"1333\" \/><\/p>\n<p>*****<\/p>\n<p><strong><a href=\"https:\/\/actforfree.nostate.net\/?p=34013\">Brisbane<\/a> (Australia) :<\/strong><\/p>\n<p><img loading=\"lazy\" decoding=\"async\" class=\"aligncenter wp-image-27058 size-full\" src=\"https:\/\/attaque.noblogs.org\/files\/2019\/06\/brisbane1.jpg\" alt=\"\" width=\"750\" height=\"834\" \/> <img loading=\"lazy\" decoding=\"async\" class=\"aligncenter wp-image-27059 size-full\" src=\"https:\/\/attaque.noblogs.org\/files\/2019\/06\/brisbane2.jpg\" alt=\"\" width=\"750\" height=\"557\" \/> <img loading=\"lazy\" decoding=\"async\" class=\"aligncenter wp-image-27060 size-full\" src=\"https:\/\/attaque.noblogs.org\/files\/2019\/06\/brisbane3.jpg\" alt=\"\" width=\"750\" height=\"552\" \/><\/p>\n<\/div>\n","protected":false},"excerpt":{"rendered":"<p>Posted on 25 juin 2019 by Attaque Round Robin \/ lundi 24 juin 2019 Beppe a \u00e9t\u00e9 transf\u00e9r\u00e9 \u00e0 la prison d\u2019Alessandria. Natascia est en gr\u00e8ve de la faim depuis qu\u2019elle \u00e9tait emprisonn\u00e9e \u00e0 Roma-Rebibbia. Le 19 juin, elle a \u00e9t\u00e9 transf\u00e9r\u00e9e \u00e0 L\u2019Aquila. Marco [emprisonn\u00e9 \u00e0 Alessandria pour l\u2019op\u00e9ration Scripta Manent; NdAtt.], en gr\u00e8ve [&hellip;]<\/p>\n","protected":false},"author":7964,"featured_media":0,"comment_status":"closed","ping_status":"closed","sticky":false,"template":"","format":"standard","meta":{"footnotes":""},"categories":[1],"tags":[],"class_list":["post-15995","post","type-post","status-publish","format-standard","hentry","category-general"],"_links":{"self":[{"href":"https:\/\/lelaboratoireanarchiste.noblogs.org\/index.php?rest_route=\/wp\/v2\/posts\/15995","targetHints":{"allow":["GET"]}}],"collection":[{"href":"https:\/\/lelaboratoireanarchiste.noblogs.org\/index.php?rest_route=\/wp\/v2\/posts"}],"about":[{"href":"https:\/\/lelaboratoireanarchiste.noblogs.org\/index.php?rest_route=\/wp\/v2\/types\/post"}],"author":[{"embeddable":true,"href":"https:\/\/lelaboratoireanarchiste.noblogs.org\/index.php?rest_route=\/wp\/v2\/users\/7964"}],"replies":[{"embeddable":true,"href":"https:\/\/lelaboratoireanarchiste.noblogs.org\/index.php?rest_route=%2Fwp%2Fv2%2Fcomments&post=15995"}],"version-history":[{"count":1,"href":"https:\/\/lelaboratoireanarchiste.noblogs.org\/index.php?rest_route=\/wp\/v2\/posts\/15995\/revisions"}],"predecessor-version":[{"id":15996,"href":"https:\/\/lelaboratoireanarchiste.noblogs.org\/index.php?rest_route=\/wp\/v2\/posts\/15995\/revisions\/15996"}],"wp:attachment":[{"href":"https:\/\/lelaboratoireanarchiste.noblogs.org\/index.php?rest_route=%2Fwp%2Fv2%2Fmedia&parent=15995"}],"wp:term":[{"taxonomy":"category","embeddable":true,"href":"https:\/\/lelaboratoireanarchiste.noblogs.org\/index.php?rest_route=%2Fwp%2Fv2%2Fcategories&post=15995"},{"taxonomy":"post_tag","embeddable":true,"href":"https:\/\/lelaboratoireanarchiste.noblogs.org\/index.php?rest_route=%2Fwp%2Fv2%2Ftags&post=15995"}],"curies":[{"name":"wp","href":"https:\/\/api.w.org\/{rel}","templated":true}]}}