{"id":15972,"date":"2019-06-24T08:07:05","date_gmt":"2019-06-24T06:07:05","guid":{"rendered":"https:\/\/lelaboratoireanarchiste.noblogs.org\/?p=15972"},"modified":"2019-06-24T08:08:38","modified_gmt":"2019-06-24T06:08:38","slug":"garde-nationale-la-bourgeoisie-prepare-la-guerre","status":"publish","type":"post","link":"https:\/\/lelaboratoireanarchiste.noblogs.org\/?p=15972","title":{"rendered":"Garde nationale, la bourgeoisie pr\u00e9pare la guerre!!"},"content":{"rendered":"<div class=\"texte\">\n<p>\u00a0<strong>Valence: Au Laboratoire 8 place st jean mercredi 26 \/06 \u00e0 partir de 18h30 contre service national universelles<\/strong> recherche de pistes pour des actions d\u00e9centralises<\/p>\n<hr \/>\n<p>Note:Voil\u00e0 une autre piste concernant la possible suite du service national universelle penser \u00e0\u00a0 int\u00e9grer la garde nationale.<\/p>\n<p><i><strong><br \/>\n<\/strong> <\/i><\/p>\n<p>Depuis la suppression du service militaire en 1997 et sa professionnalisation, les missions confi\u00e9es aux forces arm\u00e9es ont subi des modifications. Elles ne font plus la guerre mais traquent les terroristes\u00a0: Mali, Libye Afghanistan, etc. Elles n\u2019interviennent plus dans les affaires internes africaines, mais agissent en forces humanitaires et de paix pour \u00e9viter des guerres civiles aux populations locales\u00a0: Centre Afrique, C\u00f4te d\u2019Ivoire etc. En France elles assurent \u00ab\u00a0notre\u00a0\u00bb s\u00e9curit\u00e9, patrouillent dans les rues depuis le plan \u00ab\u00a0Vigie Pirate\u00a0\u00bb, poursuivi en 2015 par \u00ab\u00a0l\u2019Op\u00e9ration Sentinelle\u00a0\u00bb et l\u2019Etat d\u2019Urgence.<br class=\"autobr\" \/>C\u2019est apr\u00e8s l\u2019attentat de Nice, en juillet, que le pr\u00e9sident a lanc\u00e9 son appel aux volontaires pour renforcer la \u00ab\u00a0R\u00e9serve Op\u00e9rationnelle\u00a0\u00bb. Jusqu\u2019\u00e0 peu, cette r\u00e9serve somnolente \u00e9tait compos\u00e9e d\u2019anciens militaires et de volontaires de la soci\u00e9t\u00e9 civile qui mettaient leurs comp\u00e9tences professionnelles bienvenues au service des arm\u00e9es. Elles permettaient aux forces militaires, gendarmes ou polici\u00e8res engag\u00e9es sur le terrain d\u2019\u00eatre renforc\u00e9es et de tenir. Apr\u00e8s une formation, notamment de tir, ces r\u00e9servistes op\u00e9rationnels assument les m\u00eames missions que leurs homologues et sont mobilisables sur des th\u00e9\u00e2tres d\u2019op\u00e9rations ext\u00e9rieurs. Par contre, ceux qui rel\u00e8vent de la police nationale n\u2019interviennent pas car pas arm\u00e9s, du moins jusqu\u2019\u00e0 ce jour. Elle semble bien r\u00e9volue cette \u00e9poque o\u00f9 l\u2019arm\u00e9e de r\u00e9serve victime des coupes budg\u00e9taires, sans moyens, n\u2019\u00e9tait qu\u2019une coquille vide pour nostalgiques, aux entra\u00eenements rares, aux \u00e9quipements d\u00e9pass\u00e9s, o\u00f9 m\u00eame les anciens militaires n\u2019\u00e9taient plus convoqu\u00e9s pour les p\u00e9riodes de classes.<\/p>\n<p><i> <strong>Enr\u00f4lez-vous.<\/strong> <\/i><\/p>\n<p>Ils seraient 63000 et seront 85000 en 2018 pr\u00e9dit le chef de l\u2019\u00c9tat. Ces effectifs permettront de d\u00e9ployer quotidiennement quelques 9250 r\u00e9servistes \u00ab\u00a0pour assurer la protection du pays\u00a0\u00bb. 311 millions d\u2019euros sont d\u00e9gag\u00e9s par la loi de finances de 2017. Les budgets allou\u00e9s sont pass\u00e9s de 71 millions en 2014 \u00e0 100 millions en 2016 soit une augmentation totale de 77% entre 2014 et 2018. Si l\u2019intention est de recruter, l\u2019objectif est de fid\u00e9liser ces volontaires r\u00e9servistes. Dans ce but, chaque jeune de nationalit\u00e9 fran\u00e7aise et de moins de 25 ans qui s\u2019engage, apr\u00e8s acceptation d\u2019aptitude physique et m\u00e9dicale, pourra se faire financer son permis de conduire B par l\u2019\u00c9tat \u00e0 hauteur de 1000 euros. Les \u00e9tudiants qui s\u2019engagent sur 5ans et acquitteront leurs 37 jours annuels de formation toucheront une allocation mensuelle de 100 euros par mois. L\u2019\u00c9tat versera une prime de 250 euros \u00e0 tout r\u00e9serviste ayant acquitt\u00e9 ses 37 jours de formation, qui renouvellerait son contrat initial dans l\u2019ann\u00e9e. Pour sensibiliser les salari\u00e9s, l\u2019\u00c9tat offre \u00e0 leurs patrons un d\u00e9gr\u00e8vement de 60% du montant du salaire et des charges correspondant au temps d\u2019engagement du r\u00e9serviste concern\u00e9. Chaque engag\u00e9 r\u00e9serviste de rang per\u00e7oit une indemnit\u00e9 journali\u00e8re de 50 euros \u00e0 89 euros. Somme variable selon la situation personnelle et le grade int\u00e9gr\u00e9. Pour les demandeurs d\u2019emplois, une coop\u00e9ration renforc\u00e9e verra le jour avec p\u00f4le emploi. \u00ab\u00a0Particuli\u00e8rement dans cette p\u00e9riode o\u00f9 trouver du travail prend du temps\u00a0\u00bb dixit JM.\u00a0Bockel, s\u00e9nateur UDI.<\/p>\n<p>Nous sommes donc loin de cette \u00ab\u00a0r\u00e9serve citoyenne de d\u00e9fense\u00a0\u00bb cr\u00e9\u00e9e apr\u00e8s les attentats de 2015, qui r\u00e9unissait des b\u00e9n\u00e9voles issus du service public ne percevant aucune r\u00e9mun\u00e9ration ou indemnisation pour leur engagement, et qui renfor\u00e7ait, nous disaient-on \u00ab\u00a0le lien entre l\u2019arm\u00e9e et la nation\u00a0\u00bb. Tout comme nous sommes tr\u00e8s loin du service civique cr\u00e9\u00e9 en 2010, permettant \u00e0 des jeunes de 16 \u00e0 25 ans, dipl\u00f4m\u00e9s ou pas, d\u2019effectuer des missions de six \u00e0 douze mois dans des associations, des collectivit\u00e9s locales ou des \u00e9tablissements publics. Chaque volontaire re\u00e7oit une indemnit\u00e9 de 467,34\u20ac net par mois, financ\u00e9e par l\u2019\u00c9tat. Pour les jeunes, nous expliquait-on, c\u2019\u00e9tait une opportunit\u00e9 de s\u2019engager dans une mission d\u2019int\u00e9r\u00eat g\u00e9n\u00e9ral, dans la solidarit\u00e9 etc.. P\u00f4le emploi et les socialistes \u00e9taient ravis. Autant de demandeurs d\u2019emploi en moins sur leurs statistiques.<\/p>\n<p><i> <strong>Des poubelles du FN.<\/strong><\/i><\/p>\n<p><i> <\/i>Dans l\u2019air s\u00e9curitaire du moment, la proposition d\u2019une garde nationale est sortie des cartons du FN puis reprise par ses concurrents \u00e9lectoraux de la droite \u00ab\u00a0Les R\u00e9publicains\u00a0\u00bb. Le pr\u00e9sident Hollande s\u2019en saisit, apr\u00e8s l\u2019attentat de Nice le 28 juillet, et l\u2019officialise en conseil des ministres, en octobre 2016. Hollande et la bourgeoisie s\u00e9curitaire instrumentalisent les traumatismes des pr\u00e9c\u00e9dents attentats perp\u00e9tr\u00e9s en France et la crainte des fran\u00e7ais et des fran\u00e7aises d\u2019\u00e9ventuels actes terroristes \u00e0 venir, pour, avec des variantes, enr\u00f4ler derri\u00e8re eux la population d\u00e9rout\u00e9e et d\u00e9tourn\u00e9e de leur giron \u00e9lectoral. Ils entonnent les chants du patriotisme, de la sauvegarde de la nation, du don de soi, et d\u2019un nationalisme primaire. Aujourd\u2019hui, en promouvant une garde nationale, en revigorant cette nouvelle force de soutien, les socialistes, r\u00e9publicains et nationalistes, pr\u00e9parent la population \u00e0 int\u00e9grer comme une \u00e9vidence que la patrie est en danger. Certains osent m\u00eame pr\u00e9dire une in\u00e9luctable guerre civile. En cette p\u00e9riode de crise politico-sociale sans perspectives pour nos socialistes, il n\u2019est pas \u00e9tonnant que le premier d\u2019entre eux aille puiser dans les poubelles du FN. Rappelons que Hollande, avec la m\u00eame inspiration, avait tent\u00e9 d\u2019inscrire dans la constitution le principe de d\u00e9ch\u00e9ance de la nationalit\u00e9. Une mesure qui n\u2019avait plus cours depuis le r\u00e9gime de Vichy et P\u00e9tain.<\/p>\n<p><strong> <i>La Mar\u00e9chal et ses patriotes.<\/i> <\/strong><\/p>\n<p>Surfant sur l\u2019\u00e9motion suscit\u00e9e par l\u2019assassinat du cur\u00e9 Hamel \u00e0 Saint Etienne du Rouvray, c\u2019est une Marion Mar\u00e9chal Le Pen qui, m\u00e9dia en bandouli\u00e8re, se porte aussit\u00f4t volontaire comme r\u00e9serviste. Apr\u00e8s tout, ce dossier tra\u00eenait aussi dans le pr\u00e9sentoir de sa boutique du Front National qui dans son programme de d\u00e9fense affichait\u00a0: \u00ab\u00a0Organiser une garde nationale de 50000 hommes et femmes r\u00e9servistes sur l\u2019ensemble du territoire (Outre mer non compris) et mobilisable dans un bref d\u00e9lai\u00a0\u00bb. \u00ab\u00a0&#8230;Face \u00e0 la menace qui p\u00e8se sur la France, j\u2019ai d\u00e9cid\u00e9 de rejoindre la r\u00e9serve militaire. J\u2019invite tous les jeunes patriotes \u00e0 faire de m\u00eame\u00a0\u00bb d\u00e9clarera t- elle, imitant son grand p\u00e8re, Jean Marie ancien d\u00e9put\u00e9, qui s\u2019engagea dans les paras en Alg\u00e9rie y d\u00e9fendre l\u2019Alg\u00e9rie Fran\u00e7aise. \u00ab\u00a0\u2026il faut faire des d\u00e9monstrations d\u2019actes\u2026 j\u2019ai fait le choix\u00a0\u00bb d\u00e9clare Marion Mar\u00e9chal Le Pen. Ira-t-elle jusqu\u2019\u00e0 torturer comme son grand p\u00e8re lors de son engagement en Alg\u00e9rie\u00a0? Peut-on imaginer les profils de \u00ab\u00a0ses\u00a0\u00bb ou, \u00ab\u00a0ces\u00a0\u00bb nostalgiques ou n\u00e9o patriotes volontaires lors des ces recrutements intensifs qui, apr\u00e8s des formations militaires succinctes, pourraient \u00eatre en op\u00e9ration, dot\u00e9s d\u2019armes de guerres\u00a0! M\u00eame encadr\u00e9s par des professionnels, nous ne pouvons que redouter cette \u00ab\u00a0s\u00e9curisation pr\u00e9caire\u00a0\u00bb du territoire que nous offre le gouvernement. Devons- nous redouter l\u2019aspect \u00ab\u00a0milice\u00a0\u00bb qui ne manquera pas de se propager entre patriotes\u00a0? Car, l\u00e0 est le danger qui gangr\u00e8nera cette r\u00e9serve op\u00e9rationnelle. Comment ne pas redouter cette garde nationale quand la police nationale tue dans les quartiers, mutile dans les manifestations ou assassine R\u00e9mi Fraisse \u00e0 Sievens en toute impunit\u00e9, couverte par sa hi\u00e9rarchie. Autant de professionnels de l\u2019ordre qui r\u00e9pondent \u00e0 plus de 60% aux appels \u00e9lectoraux de Marine Le Pen. Les patriotes trouveront l\u00e0 l\u2019occasion de tisser des r\u00e9seaux entre eux et enfin pouvoir en d\u00e9coudre avec \u00ab\u00a0l\u2019invasion\u00a0\u00bb qui les menace. Cette garde nationale dont le but d\u00e9mocratique et d\u2019aider \u00e0 combattre le terrorisme ne risque t- elle pas de d\u00e9raper \u00e0 son tour passant de la chasse aux islamistes au tir au faci\u00e8s car se sentant menac\u00e9e\u00a0? Qui emp\u00eachera alors ces engag\u00e9s patriotes, sous pr\u00e9texte de \u00ab\u00a0lutter contre la barbarie\u00a0\u00bb comme le dit F. Hollande, de multiplier les provocations dans la rue, les quartiers, ou de riposter pour les avoir subies\u00a0?<\/p>\n<p><i> <strong>D\u2019une garde nationale \u00e0 l\u2019autre.<\/strong> <\/i><\/p>\n<p>La cr\u00e9ation de cette garde nationale se d\u00e9roule sur fond de roulements de tambours de guerre europ\u00e9enne de plus en plus rapproch\u00e9s contre les russes. N\u2019oublions pas qu\u2019en Europe, outre des partis populistes au pouvoir dans diff\u00e9rents pays, on peut voir en action des arm\u00e9es de r\u00e9serve, des gardes nationales, des milices paramilitaires inspir\u00e9es de nationalisme primaire ou proches de l\u2019extr\u00eame droite ou m\u00eame pro-nazis. En Ukraine, la garde nationale soutenue et \u00e9quip\u00e9 par l\u2019OTAN s\u2019inspire des formatons SS qui ont servi contre l\u2019arm\u00e9e rouge lors de la derni\u00e8re guerre. Avec le m\u00eame entrain, le venin patriote et belliqueux est diffus\u00e9 en Pologne, en Hongrie et autres r\u00e9gions de l\u2019Est de l\u2019Union Europ\u00e9enne contre les russes certes, mais aussi contre les roms, contre les migrants qui cherchent refuge et asile ou contre l\u2019avortement et les droits des femmes. Outre Atlantique, chez l\u2019ex pr\u00e9sident\u00a0\u00ab\u00a0d\u00e9mocrate\u00a0\u00bb Obama, la garde nationale intervient pour mater les r\u00e9voltes lors d\u2019\u00e9meutes urbaines ou de manifestations de protestation contre les violences et assassinats perp\u00e9tr\u00e9es par des policiers. Ces r\u00e9servistes US participent aussi aux occupations militaires en Afghanistan et en Irak. Autant de r\u00e9f\u00e9rences dont la presse hexagonale se garde bien de parler.<\/p>\n<p>La bourgeoisie et le gouvernement redoutent avec raison l\u2019action de groupes ou d\u2019individus terroristes en capacit\u00e9 d\u2019agir sur le sol fran\u00e7ais. De tels actes les discr\u00e9ditent sur leurs capacit\u00e9s \u00e0 r\u00e9pondre \u00e0 la demande protectrice des \u00e9lecteurs et des \u00e9lectrices. Pourtant en Syrie ils s\u2019en accommodent contre Bachar el Assad et contre les russes. Ils pactisent m\u00eame avec certaines factions rivales de Daesh, tel le Front Fatah al Cham (ex Al Nosra, ex Al Qa\u00efda).<\/p>\n<p><i> <strong>Au nom de la lutte anti-terroriste\u2026 <br class=\"autobr\" \/><\/strong><br class=\"autobr\" \/><\/i><\/p>\n<p>Un rapport s\u00e9natorial PS-UDI pr\u00e9cise les objectifs de cette force de r\u00e9serve \u00e0 la condition\u00a0: \u00ab\u00a0D\u2019\u00eatre rendue plus forte, plus structur\u00e9e, plus nombreuse avec un maillage territorial qui ancre la r\u00e9serve sur l\u2019ensemble du territoire, notamment les d\u00e9serts militaires. Elle offrirait \u00e0 l\u2019arm\u00e9e active un appui op\u00e9rationnel \u00e0 la hauteur des nouveaux besoins de notre territoire\u00a0\u00bb. Autant de crit\u00e8res qui avantagent la gendarmerie.<\/p>\n<p>Vu l\u2019ampleur des effectifs, 85000 hommes ou femmes r\u00e9servistes, il ne s\u2019agit plus de traquer ou pr\u00e9venir des attentats terroristes, mais bel et bien de pr\u00e9parer un quadrillage militaro-policier qui par son maillage servira au contr\u00f4le des populations. N\u2019oublions pas les nombreuses assignations \u00e0 r\u00e9sidence lors de la COP21 sans lien avec la lutte anti terroriste. Il est vrai que les forces professionnelles de police sont de plus en plus engag\u00e9es sur des op\u00e9rations qui durent dans le temps. Telles la pr\u00e9sence continue dans la rue dans le cadre de l\u2019Etat d\u2019urgence et \u00ab\u00a0l\u2019Op\u00e9ration Sentinelle\u00a0\u00bb, la chasse aux migrants \u00e0 Calais et \u00e0 Paris, les pressions contre les opposants de Notre Dame Des Landes, etc. Tandis qu\u2019\u00e0 l\u2019ext\u00e9rieur, jamais les troupes fran\u00e7aises n\u2019ont \u00e9t\u00e9 autant engag\u00e9es\u00a0: Afghanistan, Syrie, Libye, Mali, Centre Afrique etc. Par ailleurs, les tensions guerri\u00e8res s\u2019exacerbent entre les puissances occidentales et la Russie\u00a0: Ukraine et Syrie. Autant de foyers de guerre o\u00f9 les arm\u00e9es professionnelles fran\u00e7aises sont \u00e0 flux tendu. L\u2019\u00e9tat d\u2019urgence, qui r\u00e9pondait, apr\u00e8s l\u2019attentat du Bataclan, plus \u00e0 une surench\u00e8re s\u00e9curitaire et \u00e9lectoraliste, n\u2019a pas emp\u00each\u00e9 les 86 morts de Nice ou l\u2019assassinat du cur\u00e9 Hamel en l\u2019\u00e9glise de Saint Etienne du Rouvray. Il en sera de m\u00eame avec cette garde nationale op\u00e9rationnelle, elle ne pr\u00e9viendra d\u2019aucune mani\u00e8re des actes terroristes qui sont l\u2019\u0153uvre d\u2019individus isol\u00e9s m\u00eame s\u2019ils sont revendiqu\u00e9s par Daesh. Enfin notons que dans le cadre de la r\u00e9gionalisation, des coupes budg\u00e9taires et des baisses d\u2019effectifs dans la police, cette force op\u00e9rationnelle sera bienvenue car son co\u00fbt sera moindre pour l\u2019Etat.<\/p>\n<p><i> <strong>\u2026Une arme contre les prol\u00e9taires. <\/strong> <\/i><\/p>\n<p>Nous pouvons craindre l\u2019usage de cette garde nationale \u00ab\u00a0d\u00e9mocratique\u00a0\u00bb, son quadrillage, son maillage pour intervenir dans ces zones faussement dites de non droit, les cit\u00e9s, quartiers populaires, ZADs, etc. Bref, tous les lieux o\u00f9 demain appara\u00eetront de nouvelles r\u00e9voltes ou r\u00e9sistances, contre le monde qu\u2019ils nous imposent. Nos gouvernants et le patronat redoutent autant de voir exploser la r\u00e9volte des \u00ab\u00a0sans dents\u00a0\u00bb, de tous ceux, celles, qui ont en marre et subissent les mesures antisociales de leur politique r\u00e9actionnaire. Cette col\u00e8re, qui sans conscience collective de classe, ni projet autonome, sera manipul\u00e9e et canalis\u00e9e vers les urnes, d\u2019o\u00f9 surgira un opportunisme inconnu. Aujourd\u2019hui en France la classe ouvri\u00e8re et les prol\u00e9taires n\u2019ont pas un rapport de force les inqui\u00e9tant. La bourgeoisie a encore une marge d\u2019illusions d\u00e9mocratiques. De tous temps, dans l\u2019exacerbation des tensions sociales, les gestionnaires du capital n\u2019ont eu de cesse, d\u2019utiliser des forces plus ou moins l\u00e9gales\u00a0: nervis, milices, forces para militaires. Ainsi, malgr\u00e9 des nuances dans leurs programmes \u00e9lectoraux, d\u00e9tenteurs ou aspirants au pouvoir, s\u2019accorderont tous pour renforcer et muscler ce nouvel outil de \u00ab\u00a0pacification\u00a0\u00bb \u00e9tatique.<\/p>\n<p>L\u2019instabilit\u00e9 sociale et politique, l\u2019instrumentalisation hypocrite de la menace terroriste, voire l\u2019\u00e9ventualit\u00e9 d\u2019une guerre civile \u00e9voqu\u00e9e par le chef des services de renseignements fran\u00e7ais et l\u2019escalade d\u2019interventions dans des conflits ext\u00e9rieurs sont autant de conditions qui pr\u00e9cipitent la bourgeoisie dans une surench\u00e8re \u00e9lectoraliste et conduisent le PS \u00e0 renforcer ces forces de r\u00e9pression en vue de quadriller l\u2019ensemble du territoire. La bourgeoisie mise sur une politique de la tension, une sorte de guerre civile intercommunautaire de basse intensit\u00e9. Diviser et r\u00e9primer pour accro\u00eetre ses profits. D\u2019une certaine fa\u00e7on, en occupant la rue en manifestations durant les mois de r\u00e9sistance contre la loi El Khomri ou en occupant des places avec \u00ab\u00a0nuit debout\u00a0\u00bb, il a \u00e9t\u00e9 d\u00e9montr\u00e9 que l\u2019\u00c9tat d\u2019Urgence pouvait \u00eatre inop\u00e9rant comme il a \u00e9t\u00e9 d\u00e9montr\u00e9 que la r\u00e9pression excessive de la police et de la justice ne d\u00e9courageait nullement une opposition sociale en mouvement.<\/p>\n<p>MZ 15 11 2016 Caen<\/p>\n<\/div>\n","protected":false},"excerpt":{"rendered":"<p>\u00a0Valence: Au Laboratoire 8 place st jean mercredi 26 \/06 \u00e0 partir de 18h30 contre service national universelles recherche de pistes pour des actions d\u00e9centralises Note:Voil\u00e0 une autre piste concernant la possible suite du service national universelle penser \u00e0\u00a0 int\u00e9grer la garde nationale. Depuis la suppression du service militaire en 1997 et sa professionnalisation, les [&hellip;]<\/p>\n","protected":false},"author":7964,"featured_media":0,"comment_status":"closed","ping_status":"closed","sticky":false,"template":"","format":"standard","meta":{"footnotes":""},"categories":[1],"tags":[],"class_list":["post-15972","post","type-post","status-publish","format-standard","hentry","category-general"],"_links":{"self":[{"href":"https:\/\/lelaboratoireanarchiste.noblogs.org\/index.php?rest_route=\/wp\/v2\/posts\/15972","targetHints":{"allow":["GET"]}}],"collection":[{"href":"https:\/\/lelaboratoireanarchiste.noblogs.org\/index.php?rest_route=\/wp\/v2\/posts"}],"about":[{"href":"https:\/\/lelaboratoireanarchiste.noblogs.org\/index.php?rest_route=\/wp\/v2\/types\/post"}],"author":[{"embeddable":true,"href":"https:\/\/lelaboratoireanarchiste.noblogs.org\/index.php?rest_route=\/wp\/v2\/users\/7964"}],"replies":[{"embeddable":true,"href":"https:\/\/lelaboratoireanarchiste.noblogs.org\/index.php?rest_route=%2Fwp%2Fv2%2Fcomments&post=15972"}],"version-history":[{"count":3,"href":"https:\/\/lelaboratoireanarchiste.noblogs.org\/index.php?rest_route=\/wp\/v2\/posts\/15972\/revisions"}],"predecessor-version":[{"id":15975,"href":"https:\/\/lelaboratoireanarchiste.noblogs.org\/index.php?rest_route=\/wp\/v2\/posts\/15972\/revisions\/15975"}],"wp:attachment":[{"href":"https:\/\/lelaboratoireanarchiste.noblogs.org\/index.php?rest_route=%2Fwp%2Fv2%2Fmedia&parent=15972"}],"wp:term":[{"taxonomy":"category","embeddable":true,"href":"https:\/\/lelaboratoireanarchiste.noblogs.org\/index.php?rest_route=%2Fwp%2Fv2%2Fcategories&post=15972"},{"taxonomy":"post_tag","embeddable":true,"href":"https:\/\/lelaboratoireanarchiste.noblogs.org\/index.php?rest_route=%2Fwp%2Fv2%2Ftags&post=15972"}],"curies":[{"name":"wp","href":"https:\/\/api.w.org\/{rel}","templated":true}]}}