{"id":15911,"date":"2019-06-18T23:53:40","date_gmt":"2019-06-18T21:53:40","guid":{"rendered":"https:\/\/lelaboratoireanarchiste.noblogs.org\/?p=15911"},"modified":"2019-06-18T23:54:04","modified_gmt":"2019-06-18T21:54:04","slug":"italie-la-solidarite-avec-les-anarchistes-en-greve-de-la-faim-continue","status":"publish","type":"post","link":"https:\/\/lelaboratoireanarchiste.noblogs.org\/?p=15911","title":{"rendered":"Italie : La solidarit\u00e9 avec les anarchistes en gr\u00e8ve de la faim continue"},"content":{"rendered":"<div class=\"entry-meta\"><a href=\"https:\/\/attaque.noblogs.org\/post\/2019\/06\/18\/italie-la-solidarite-avec-les-anarchistes-en-greve-de-la-faim-continue\/#more-26922\"><span class=\"author vcard\">Attaque<\/span><\/a><\/div>\n<div class=\"entry-content\">\n<h3><\/h3>\n<h3><strong>L\u2019Aquila : Des banderoles accroch\u00e9es et la salle communale occup\u00e9e<\/strong><\/h3>\n<p><img loading=\"lazy\" decoding=\"async\" class=\"alignright size-medium wp-image-26926\" src=\"https:\/\/attaque.noblogs.org\/files\/2019\/06\/AQ1706-300x225.jpg\" alt=\"\" width=\"300\" height=\"225\" \/><em><a href=\"https:\/\/roundrobin.info\/2019\/06\/laquila-esposti-striscioni-e-occupata-la-sala-comunale-in-solidarieta-ai-prigionieri-in-sciopero-della-fame\/\">Round Robin<\/a> \/ lundi 17 juin 2019<\/em><br \/>\nCe matin, un groupe de personnes solidaires avec Anna, Silvia, Giova Stecco, Leo, Alfredo, Marco et Ghespe en gr\u00e8ve de la faim est <strong>mont\u00e9 sur une grue haute de 60 m\u00e8tres<\/strong>, en Piazza del Duomo, \u00e0 L\u2019Aquila. Au m\u00eame temps, <strong>un autre groupe a occup\u00e9 la mairie.<\/strong> Silvia et Anna sont \u00e0 leur vingti\u00e8me jour de gr\u00e8ve de la faim. Rompre le train-traintrain quotidien c\u2019est le minimum.<br \/>\n<span id=\"more-26922\"><\/span><img loading=\"lazy\" decoding=\"async\" class=\"aligncenter wp-image-26927 size-full\" src=\"https:\/\/attaque.noblogs.org\/files\/2019\/06\/AQ1706-2.jpg\" alt=\"\" width=\"452\" height=\"518\" \/> <a href=\"https:\/\/attaque.noblogs.org\/files\/2019\/06\/AQ1706-3.jpg\"><img loading=\"lazy\" decoding=\"async\" class=\"aligncenter wp-image-26928 size-full\" src=\"https:\/\/attaque.noblogs.org\/files\/2019\/06\/AQ1706-3.jpg\" alt=\"\" width=\"1600\" height=\"900\" \/><\/a><\/p>\n<p>*****<\/p>\n<h3><strong>Bologne : Occupation de la Tour Asinelli, contre la section AS2 de la prison de L\u2019Aquila<\/strong><\/h3>\n<p><em><a href=\"https:\/\/roundrobin.info\/2019\/06\/bologna-occupata-la-torre-degli-asinelli-contro-la-sezione-as-2-del-carcere-dellaquila\/\">Round Robin<\/a> \/ lundi 17 juin 2019<\/em><\/p>\n<p><em><a href=\"https:\/\/roundrobin.info\/2019\/06\/bologna-occupata-la-torre-degli-asinelli-contro-la-sezione-as-2-del-carcere-dellaquila\/\"><img loading=\"lazy\" decoding=\"async\" class=\"alignright wp-image-26924 size-medium\" src=\"https:\/\/attaque.noblogs.org\/files\/2019\/06\/bologne--300x169.jpg\" alt=\"\" width=\"300\" height=\"169\" \/><\/a><\/em>Vers 19h, des compas ont occup\u00e9 la tour Asinelli [<em>une des deux tours m\u00e9di\u00e9vales qui se trouvent dans le centre de Bologne et en sont un peu le symbole; NdAtt.<\/em>]. Ils\/elles ont expos\u00e9 une banderole en solidarit\u00e9 avec les anarchistes en gr\u00e8ve de la faim en prison, contre la section AS2 de L\u2019Aquila.<br \/>\nEn dessous, il y a eu un gros rassemblement solidaire. Les flics aussi \u00e9taient au rendez-vous. Il y a eu des prises de parole et la circulation a \u00e9t\u00e9 bloqu\u00e9e.<\/p>\n<p>*****<\/p>\n<h3><strong>Rendez-vous devant la prison de Terni : Un bonjour pour Juan et un cri de lutte pour les compagnonnes anarchistes emprisonn\u00e9es en gr\u00e8ve de la faim<\/strong><\/h3>\n<p><em><a href=\"https:\/\/anarhija.info\/library\/terni-italia-19-giugno-un-saluto-per-juan-e-un-grido-di-lotta-per-le-anarchiche-prig-it\">Anarhija.info<\/a> \/ lundi 17 juin 2019<\/em><\/p>\n<p><a href=\"https:\/\/attaque.noblogs.org\/files\/2019\/06\/t-i-terni-italia-19-giugno-un-saluto-per-juan-e-un-2.pdf\"><img loading=\"lazy\" decoding=\"async\" class=\"alignright wp-image-26931 \" src=\"https:\/\/attaque.noblogs.org\/files\/2019\/06\/terni-212x300.jpg\" alt=\"\" width=\"265\" height=\"375\" \/><\/a>Un bonjour pour Juan et un cri de lutte pour les compagnonnes anarchistes emprisonn\u00e9es en gr\u00e8ve de la faim.<\/p>\n<p>Le 19 juin, \u00e0 18h, nous nous rassemblerons devant la prison de Terni, en Via delle Campore, 32, pour passer le bonjour \u00e0 <a href=\"https:\/\/attaque.noblogs.org\/post\/2019\/05\/24\/brescia-italie-juan-arrete\/\">Juan<\/a>, anarchiste arr\u00eat\u00e9 le 22 mai dans la r\u00e9gion de Brescia et r\u00e9cemment transf\u00e9r\u00e9 dans cette prison, o\u00f9 il y a une section AS2 et plusieurs sections 41bis.<\/p>\n<p>Nous hurlerons notre haine des prisons, en solidarit\u00e9 avec Juan, avec Anna et Silvia, qui sont en gr\u00e8ve de la faim dans la prison de L\u2019Aquila depuis le 29 mai, et avec les autres anarchistes emprisonn\u00e9s en gr\u00e8ve de la faim dans d\u2019autres prisons.<\/p>\n<p>&nbsp;<\/p>\n<p>&nbsp;<\/p>\n<\/div>\n","protected":false},"excerpt":{"rendered":"<p>Attaque L\u2019Aquila : Des banderoles accroch\u00e9es et la salle communale occup\u00e9e Round Robin \/ lundi 17 juin 2019 Ce matin, un groupe de personnes solidaires avec Anna, Silvia, Giova Stecco, Leo, Alfredo, Marco et Ghespe en gr\u00e8ve de la faim est mont\u00e9 sur une grue haute de 60 m\u00e8tres, en Piazza del Duomo, \u00e0 L\u2019Aquila. [&hellip;]<\/p>\n","protected":false},"author":7964,"featured_media":0,"comment_status":"closed","ping_status":"closed","sticky":false,"template":"","format":"standard","meta":{"footnotes":""},"categories":[1],"tags":[],"class_list":["post-15911","post","type-post","status-publish","format-standard","hentry","category-general"],"_links":{"self":[{"href":"https:\/\/lelaboratoireanarchiste.noblogs.org\/index.php?rest_route=\/wp\/v2\/posts\/15911","targetHints":{"allow":["GET"]}}],"collection":[{"href":"https:\/\/lelaboratoireanarchiste.noblogs.org\/index.php?rest_route=\/wp\/v2\/posts"}],"about":[{"href":"https:\/\/lelaboratoireanarchiste.noblogs.org\/index.php?rest_route=\/wp\/v2\/types\/post"}],"author":[{"embeddable":true,"href":"https:\/\/lelaboratoireanarchiste.noblogs.org\/index.php?rest_route=\/wp\/v2\/users\/7964"}],"replies":[{"embeddable":true,"href":"https:\/\/lelaboratoireanarchiste.noblogs.org\/index.php?rest_route=%2Fwp%2Fv2%2Fcomments&post=15911"}],"version-history":[{"count":1,"href":"https:\/\/lelaboratoireanarchiste.noblogs.org\/index.php?rest_route=\/wp\/v2\/posts\/15911\/revisions"}],"predecessor-version":[{"id":15912,"href":"https:\/\/lelaboratoireanarchiste.noblogs.org\/index.php?rest_route=\/wp\/v2\/posts\/15911\/revisions\/15912"}],"wp:attachment":[{"href":"https:\/\/lelaboratoireanarchiste.noblogs.org\/index.php?rest_route=%2Fwp%2Fv2%2Fmedia&parent=15911"}],"wp:term":[{"taxonomy":"category","embeddable":true,"href":"https:\/\/lelaboratoireanarchiste.noblogs.org\/index.php?rest_route=%2Fwp%2Fv2%2Fcategories&post=15911"},{"taxonomy":"post_tag","embeddable":true,"href":"https:\/\/lelaboratoireanarchiste.noblogs.org\/index.php?rest_route=%2Fwp%2Fv2%2Ftags&post=15911"}],"curies":[{"name":"wp","href":"https:\/\/api.w.org\/{rel}","templated":true}]}}