{"id":13537,"date":"2018-10-15T19:19:31","date_gmt":"2018-10-15T17:19:31","guid":{"rendered":"https:\/\/lelaboratoireanarchiste.noblogs.org\/?p=13537"},"modified":"2018-10-15T19:19:39","modified_gmt":"2018-10-15T17:19:39","slug":"aux-assises-de-technologos","status":"publish","type":"post","link":"https:\/\/lelaboratoireanarchiste.noblogs.org\/?p=13537","title":{"rendered":"Aux assises de Technologos"},"content":{"rendered":"<p>&nbsp;<\/p>\n<h2 id=\":np\" class=\"hP\">[hors.norme] Ferme de la Sentelle &#8211; Gabriel Dufils<\/h2>\n<p>Bonjour,<\/p>\n<p>Alors qu\u2019aux assises Technologos Vincent Tardieu disserte pour savoir si en agriculture le num\u00e9rique et la robotique permettent aux agriculteurs un gain d\u2019autonomie, le pu\u00e7age des troupeaux continue \u00e0 participer \u00e0 une normalisation administrative d\u00e9vastatrice\u2026<\/p>\n<p>Gabriel Dufils \u00e9leveur \u00e0 la ferme de la Sentelle subit depuis 7 ans, suite \u00e0 un contr\u00f4le sanitaire, les foudres de cette normalisation administrative.<\/p>\n<p>Je vous fais suivre un message des collectifs d\u2019agriculteurs et agricultrices contre les normes qui relaient l\u2019appel du comit\u00e9 de soutien de la ferme de la Sentelle nous invitant \u00e0 venir le <strong>mercredi 17 octobre 2018 \u00e0 14h sur le parking du pr\u00e9 du Bel-\u00c9bat \u00e0 \u00c9vreux pour faire pression sur la pr\u00e9fecture.<\/strong><\/p>\n<p>Vous trouverez en lien une \u00e9mission de radio sur le sujet\u00a0:<\/p>\n<p><a href=\"https:\/\/www.franceinter.fr\/emissions\/comme-un-bruit-qui-court\/comme-un-bruit-qui-court-13-octobre-2018\">https:\/\/www.franceinter.fr\/emissions\/comme-un-bruit-qui-court\/comme-un-bruit-qui-court-13-octobre-2018<\/a><\/p>\n<p>&nbsp;<\/p>\n<p>Merci de faire suivre,<\/p>\n<p>&nbsp;<\/p>\n<p>HM<\/p>\n<hr \/>\n<p>Bonjour,<\/p>\n<p>Les colloques critiques en partenariat avec des instituts et des universit\u00e9s ne sont plus rares aujourd\u2019hui. Il est en effet\u00a0 de plus en plus fr\u00e9quent et de bon aloi de voir certaines institutions proposer leur soutien \u00e0 des conf\u00e9rences et des d\u00e9bats qui portent tous les germes d\u2019une critique sociale sans concessions. Je ne vous parle pas ici de tout ce que peuvent proposer les universitaires post-modernes qui ont fait leur carri\u00e8re au sein de ces institutions sans manquer de tronquer l\u2019essentiel \u00e0 la critique\u00a0: son c\u00f4t\u00e9 subversif\u2026<\/p>\n<p>En partenariat avec le Centre d\u2019\u00e9conomie de l\u2019Universit\u00e9 Paris Nord et l\u2019Institut de Pal\u00e9ontologie Humaine, les assises de Technologos\u00a0 proposaient les 21 et 22 septembre dernier de questionner l\u2019agriculture, la technique et le vivant. (<a href=\"https:\/\/technologos.fr\/doc\/Programme-assises-2018.pdf\">https:\/\/technologos.fr\/doc\/Programme-assises-2018.pdf<\/a>)<\/p>\n<p>Apr\u00e8s toutes les pressions que subissent les \u00e9leveurs avec les contr\u00f4les et les menaces sur leur troupeau (1), on pouvait penser que le premier expos\u00e9 intitul\u00e9 \u00ab\u00a0Agriculture et outil num\u00e9rique et robotiques\u00a0\u00bb, propos\u00e9 par les assises et pr\u00e9sent\u00e9 par Vincent Tardieu n\u2019allait pas vanter l\u2019agriculture connect\u00e9e.<\/p>\n<p>Vous trouverez en PJ le texte \u00ab\u00a0Aux assises Technologos, une promotion \u00e0 peine voil\u00e9e de l\u2019agriculture connect\u00e9e\u00a0\u00bb de Nicolas, du groupe \u00c9cran Total de Paris\u00a0; texte publi\u00e9 dans <em>L\u2019Ire des Ch\u00eanaies<\/em>.<\/p>\n<p>&nbsp;<\/p>\n<p>Merci de faire suivre,<\/p>\n<p>zone de p<a href=\"https:\/\/lelaboratoireanarchiste.noblogs.org\/files\/2018\/10\/Aux-assises-de-Technologos.pdf\">i\u00e8ce jointe<\/a><\/p>\n<p>&nbsp;<\/p>\n<p>&nbsp;<\/p>\n<p>&nbsp;<\/p>\n<p>Henri Mora<\/p>\n<p>&nbsp;<\/p>\n<p>&nbsp;<\/p>\n<p>&nbsp;<\/p>\n<p>1- Cette pression peut avoir des cons\u00e9quences d\u00e9sastreuses\u00a0: chacun se souviendra de la traque subit par J\u00e9r\u00f4me Laronze suite au recensement\u00a0 de son cheptel en vue d\u2019une saisie. J\u00e9r\u00f4me Laronze sera tu\u00e9 par un gendarme, deux balles dans le dos et l\u2019art\u00e8re f\u00e9morale sectionn\u00e9e par une troisi\u00e8me.<\/p>\n<p>&nbsp;<\/p>\n<p>&nbsp;<\/p>\n","protected":false},"excerpt":{"rendered":"<p>&nbsp; [hors.norme] Ferme de la Sentelle &#8211; Gabriel Dufils Bonjour, Alors qu\u2019aux assises Technologos Vincent Tardieu disserte pour savoir si en agriculture le num\u00e9rique et la robotique permettent aux agriculteurs un gain d\u2019autonomie, le pu\u00e7age des troupeaux continue \u00e0 participer \u00e0 une normalisation administrative d\u00e9vastatrice\u2026 Gabriel Dufils \u00e9leveur \u00e0 la ferme de la Sentelle subit [&hellip;]<\/p>\n","protected":false},"author":7964,"featured_media":0,"comment_status":"closed","ping_status":"closed","sticky":false,"template":"","format":"standard","meta":{"footnotes":""},"categories":[1],"tags":[],"class_list":["post-13537","post","type-post","status-publish","format-standard","hentry","category-general"],"_links":{"self":[{"href":"https:\/\/lelaboratoireanarchiste.noblogs.org\/index.php?rest_route=\/wp\/v2\/posts\/13537","targetHints":{"allow":["GET"]}}],"collection":[{"href":"https:\/\/lelaboratoireanarchiste.noblogs.org\/index.php?rest_route=\/wp\/v2\/posts"}],"about":[{"href":"https:\/\/lelaboratoireanarchiste.noblogs.org\/index.php?rest_route=\/wp\/v2\/types\/post"}],"author":[{"embeddable":true,"href":"https:\/\/lelaboratoireanarchiste.noblogs.org\/index.php?rest_route=\/wp\/v2\/users\/7964"}],"replies":[{"embeddable":true,"href":"https:\/\/lelaboratoireanarchiste.noblogs.org\/index.php?rest_route=%2Fwp%2Fv2%2Fcomments&post=13537"}],"version-history":[{"count":1,"href":"https:\/\/lelaboratoireanarchiste.noblogs.org\/index.php?rest_route=\/wp\/v2\/posts\/13537\/revisions"}],"predecessor-version":[{"id":13539,"href":"https:\/\/lelaboratoireanarchiste.noblogs.org\/index.php?rest_route=\/wp\/v2\/posts\/13537\/revisions\/13539"}],"wp:attachment":[{"href":"https:\/\/lelaboratoireanarchiste.noblogs.org\/index.php?rest_route=%2Fwp%2Fv2%2Fmedia&parent=13537"}],"wp:term":[{"taxonomy":"category","embeddable":true,"href":"https:\/\/lelaboratoireanarchiste.noblogs.org\/index.php?rest_route=%2Fwp%2Fv2%2Fcategories&post=13537"},{"taxonomy":"post_tag","embeddable":true,"href":"https:\/\/lelaboratoireanarchiste.noblogs.org\/index.php?rest_route=%2Fwp%2Fv2%2Ftags&post=13537"}],"curies":[{"name":"wp","href":"https:\/\/api.w.org\/{rel}","templated":true}]}}