{"id":13371,"date":"2018-09-25T11:14:06","date_gmt":"2018-09-25T09:14:06","guid":{"rendered":"https:\/\/lelaboratoireanarchiste.noblogs.org\/?p=13371"},"modified":"2018-09-26T11:12:02","modified_gmt":"2018-09-26T09:12:02","slug":"en-memoire-de-stefen-et-tous-les-autres","status":"publish","type":"post","link":"https:\/\/lelaboratoireanarchiste.noblogs.org\/?p=13371","title":{"rendered":"En M\u00e9moire de R\u00e9mi, Stefen  et tous les autres!"},"content":{"rendered":"<div class=\"pull-left\"><img decoding=\"async\" class=\"article-image custom-image alignright\" src=\"https:\/\/zadresist.antirep.net\/article_image.php?image_type=article&amp;id=166&amp;width=350\" alt=\"\" \/><\/div>\n<div><\/div>\n<div><\/div>\n<div><\/div>\n<div class=\"articleheading media clearfix\">\n<div class=\"articleheadingtext media-body\">\n<p>Mercredi, 19 septembre, un militant auto-media d\u00e9c\u00e8de d&rsquo;une chute de 15m du haut d&rsquo;une des passerelles qui reliait une cinquantaine de cabanes dans les arbres de la for\u00eat de Hambach. Des cabanes construites dans le cadre d&rsquo;une occupation qui a debut\u00e9 il y a 6 ans. Une occupation visant \u00e0 empecher la destruction de la for\u00eat de hambach par RWE. Une foret centenaire devrait faire place \u00e0 l&rsquo;extension de la mine de charbon qui a d\u00e9j\u00e0 d\u00e9vor\u00e9 presque 4000 ha en 40 ans.<\/p>\n<\/div>\n<\/div>\n<div class=\"articlebody clearfix\">\n<p>Comme l\u2019\u00c9tat fran\u00e7ais l&rsquo;a fait pour la ZAD de NDDL, l\u2019\u00c9tat allemand a choisi d&rsquo;utiliser une r\u00e9pression impressionnantes afin d&rsquo;expulser les 150 occupantes. Plus de 3000 robocops, certains a cheval, canons a eau, plusieurs blind\u00e9s et h\u00e9licopt\u00e8re ont \u00e9t\u00e9 d\u00e9ploy\u00e9s afin d&rsquo;accomplir la destruction.<br \/>\nUne \u00e9ni\u00e8me fois la pr\u00e9sence r\u00e9pressive de a flicaille a fauch\u00e9 la vie d&rsquo;un militant.<\/p>\n<p>Nous avons en r\u00e9ponse exprim\u00e9 un feu de rage sur la route D281 dans la zone a d\u00e9fendre de NDDL a feu lama f\u00e2che, construite avec des camarades de hambach et d\u00e9truite en avril 2018 par les forces r\u00e9pressive de l&rsquo;\u00e9tat.<\/p>\n<div id=\"mediaplayer1\"><\/div>\n<p><em><a href=\"https:\/\/www.youtube.com\/watch?v=nbI6x43223k\">(Musique de : Skalpel &#8211; Continuer la lutte<\/a>)<\/em>Nous ne voulons ni des flics ni du capitalisme destructeur et oppressif. Ni i\u00e7i \u00e0 notre-dame-des-landes, ni a Hambach, nullepart !<\/p>\n<p>Contre l&rsquo;exploitation par le capitalisme ! Contre la destruction du naturel ! Contre la r\u00e9pression par l\u2019\u00c9tat et ses robocops !<br \/>\nNous continuons la lutte pour un lendemain solidaire qui nous pla\u00eet !<br \/>\nZAD PARTOUT !<\/p>\n<p>En m\u00e9moire de R\u00e9mi, Steffen et toutes les autres !<br \/>\n<strong>Solidarit\u00e9 internationale !<\/strong><\/p>\n<p>repris de <a href=\"https:\/\/roundrobin.info\/2018\/09\/da-hambach-alla-zad-per-steffen-remi-e-tutti-gli-altri\">roundrobin..info<\/a><\/p>\n<\/div>\n","protected":false},"excerpt":{"rendered":"<p>Mercredi, 19 septembre, un militant auto-media d\u00e9c\u00e8de d&rsquo;une chute de 15m du haut d&rsquo;une des passerelles qui reliait une cinquantaine de cabanes dans les arbres de la for\u00eat de Hambach. Des cabanes construites dans le cadre d&rsquo;une occupation qui a debut\u00e9 il y a 6 ans. Une occupation visant \u00e0 empecher la destruction de la [&hellip;]<\/p>\n","protected":false},"author":7964,"featured_media":0,"comment_status":"closed","ping_status":"closed","sticky":false,"template":"","format":"standard","meta":{"footnotes":""},"categories":[1],"tags":[],"class_list":["post-13371","post","type-post","status-publish","format-standard","hentry","category-general"],"_links":{"self":[{"href":"https:\/\/lelaboratoireanarchiste.noblogs.org\/index.php?rest_route=\/wp\/v2\/posts\/13371","targetHints":{"allow":["GET"]}}],"collection":[{"href":"https:\/\/lelaboratoireanarchiste.noblogs.org\/index.php?rest_route=\/wp\/v2\/posts"}],"about":[{"href":"https:\/\/lelaboratoireanarchiste.noblogs.org\/index.php?rest_route=\/wp\/v2\/types\/post"}],"author":[{"embeddable":true,"href":"https:\/\/lelaboratoireanarchiste.noblogs.org\/index.php?rest_route=\/wp\/v2\/users\/7964"}],"replies":[{"embeddable":true,"href":"https:\/\/lelaboratoireanarchiste.noblogs.org\/index.php?rest_route=%2Fwp%2Fv2%2Fcomments&post=13371"}],"version-history":[{"count":7,"href":"https:\/\/lelaboratoireanarchiste.noblogs.org\/index.php?rest_route=\/wp\/v2\/posts\/13371\/revisions"}],"predecessor-version":[{"id":13381,"href":"https:\/\/lelaboratoireanarchiste.noblogs.org\/index.php?rest_route=\/wp\/v2\/posts\/13371\/revisions\/13381"}],"wp:attachment":[{"href":"https:\/\/lelaboratoireanarchiste.noblogs.org\/index.php?rest_route=%2Fwp%2Fv2%2Fmedia&parent=13371"}],"wp:term":[{"taxonomy":"category","embeddable":true,"href":"https:\/\/lelaboratoireanarchiste.noblogs.org\/index.php?rest_route=%2Fwp%2Fv2%2Fcategories&post=13371"},{"taxonomy":"post_tag","embeddable":true,"href":"https:\/\/lelaboratoireanarchiste.noblogs.org\/index.php?rest_route=%2Fwp%2Fv2%2Ftags&post=13371"}],"curies":[{"name":"wp","href":"https:\/\/api.w.org\/{rel}","templated":true}]}}