{"id":12202,"date":"2018-05-11T17:33:08","date_gmt":"2018-05-11T15:33:08","guid":{"rendered":"https:\/\/lelaboratoireanarchiste.noblogs.org\/?p=12202"},"modified":"2018-05-11T17:33:16","modified_gmt":"2018-05-11T15:33:16","slug":"berlin-allemagne-perquisitions-quelques-heures-avant-le-debut-des-journees-de-chaos-et-de-discussions","status":"publish","type":"post","link":"https:\/\/lelaboratoireanarchiste.noblogs.org\/?p=12202","title":{"rendered":"Berlin, Allemagne : Perquisitions quelques heures avant le d\u00e9but des Journ\u00e9es de Chaos et de discussions"},"content":{"rendered":"<p>[Au sujet des perquisitions dans le local de la biblioth\u00e8que anarchiste et quatre apparts, quelques heures avant le d\u00e9but des Journ\u00e9es de discussions et de Chaos]<\/p>\n<p><strong>Peu avant le d\u00e9but des journ\u00e9es de <\/strong><strong>discussions et de <\/strong><strong>chaos\u00a0 qui se tiendront \u00e0 partir de demain \u00e0 Berlin, les fics se sont d\u00e9j\u00e0 pr\u00e9sent\u00e9s ce matin, comme s\u2019il n\u2019y avait d\u00e9j\u00e0 pas assez de raisons d\u2019avoir la rage contre la domination.<\/strong><\/p>\n<p>Ce matin vers 5h15, les flics se sont pr\u00e9sent\u00e9s dans la Reichenbergerstrasse du quartier berlinois de Kreuzberg et ont forc\u00e9 l\u2019acc\u00e8s de la biblioth\u00e8que anarchiste \u00ab\u00a0 Kalabal!k\u00a0\u00bb \u00e0 la meuleuse, un autre logement du m\u00eame immeuble ainsi que trois autres apparts situ\u00e9s \u00e0 Neuk\u00f6lnn et Tempelhof ont \u00e9t\u00e9 forc\u00e9s. A cette occasion, deux personnes ont \u00e9t\u00e9 arr\u00eat\u00e9es et plac\u00e9es en GAV \u00e0 Tempelhof. L\u00e0-bas, elles ont toutes deux \u00e9t\u00e9 soumises \u00e0 un relev\u00e9 d\u2019empreintes et l\u2019une des deux contrainte \u00e0 donner son ADN.<\/p>\n<p>D\u2019apr\u00e8s l\u2019arr\u00eat\u00e9 juridique, le pr\u00e9texte officielle pour ces perquisitions concernant les appartements priv\u00e9s \u00e9tait l\u2019affichage d\u2019un avis de recherche intitul\u00e9 \u00ab\u00a0Terroristes recherch\u00e9s\u00a0\u00bb. Cette affiche montrait les gueules de Scholz, Dudde et Grote, les responsables du <a href=\"https:\/\/sansattendre.noblogs.org\/post\/tag\/sommet-du-g20\/\" target=\"_blank\" rel=\"noopener\">sommet du G20 de l\u2019\u00e9t\u00e9 dernier \u00e0 Hambourg<\/a>, ainsi que les troupes de cogneurs de CRS. En ce qui concerne la biblioth\u00e8que Kalabal!k, il s\u2019agissait en premier lieu de la pose d\u2019une affiche sur la porte d\u2019entr\u00e9e, sur laquelle sont repr\u00e9sent\u00e9s quelques agents de la \u00ab\u00a0Protection d\u2019Etat\u00a0\u00bb.<\/p>\n<p>Dans la biblioth\u00e8que, des ordinateurs fixes et portables, des disques durs ainsi que les deux affiches mentionn\u00e9es ci-dessus et une affiche pointant la gueule d\u2019un nazi ont \u00e9t\u00e9 chop\u00e9s, mais \u00e0 part \u00e7a le d\u00e9sordre est en quelque sorte rest\u00e9 limit\u00e9. Aux domiciles des deux personnes, les flics ont agi de mani\u00e8re bien plus brutale. \u00c7a les a visiblement amus\u00e9s de repartir en laissant le plus de chaos possible.<\/p>\n<p>Eu \u00e9gard aux prochains jours, nous voyons cela comme une invitation \u00e0 retourner ce chaos \u00e0 l\u2019exp\u00e9diteur et \u00e0 perturber leur paix. La manif pour les prisonniers anarchistes de ce samedi \u00e0 18h \u00e0 Herrfurtplatz \u00e0 Neuk\u00f6lln offre cette possibilit\u00e9.<\/p>\n<p>De l\u2019appel \u00e0 la manif\u00a0: \u00ab\u00a0Nous ne n\u00e9gocierons pas avec l\u2019\u00c9tat que nous cherchons \u00e0 rejeter et \u00e0 d\u00e9truire. Surtout pas si nous voulons montrer notre solidarit\u00e9 avec celles et ceux que l\u2019\u00c9tat a justement isol\u00e9 derri\u00e8re des barreaux et de gigantesques murs.\u00a0\u00bb<\/p>\n<p><em>Votre Kalabal!k.<\/em><\/p>\n<div id=\"attachment_2991\" class=\"wp-caption aligncenter\"><img loading=\"lazy\" decoding=\"async\" class=\"size-large wp-image-2991\" src=\"https:\/\/sansattendre.noblogs.org\/files\/2018\/05\/27119-726x1024.png\" alt=\"\" width=\"640\" height=\"903\" \/><\/div>\n<div><a href=\"https:\/\/sansattendre.noblogs.org\/post\/2018\/05\/11\/berlin-allemagne-perquisitions-quelques-heures-avant-le-debut-des-journees-de-chaos-et-de-discussions\">\u00a0sans attendredemain<\/a> \u00e0 traduit de l\u2019allemand du site de la biblioth\u00e8que <a href=\"https:\/\/kalabalik.blackblogs.org\/uber-die-razzien-im-kalabalk-und-bei-vier-privatwohnungen-in-berlin\/\" target=\"_blank\" rel=\"noopener\"><em>Kalabal!k<\/em><\/a>, 9. Mai 2018]<\/div>\n","protected":false},"excerpt":{"rendered":"<p>[Au sujet des perquisitions dans le local de la biblioth\u00e8que anarchiste et quatre apparts, quelques heures avant le d\u00e9but des Journ\u00e9es de discussions et de Chaos] Peu avant le d\u00e9but des journ\u00e9es de discussions et de chaos\u00a0 qui se tiendront \u00e0 partir de demain \u00e0 Berlin, les fics se sont d\u00e9j\u00e0 pr\u00e9sent\u00e9s ce matin, comme [&hellip;]<\/p>\n","protected":false},"author":7964,"featured_media":0,"comment_status":"closed","ping_status":"closed","sticky":false,"template":"","format":"standard","meta":{"footnotes":""},"categories":[1],"tags":[],"class_list":["post-12202","post","type-post","status-publish","format-standard","hentry","category-general"],"_links":{"self":[{"href":"https:\/\/lelaboratoireanarchiste.noblogs.org\/index.php?rest_route=\/wp\/v2\/posts\/12202","targetHints":{"allow":["GET"]}}],"collection":[{"href":"https:\/\/lelaboratoireanarchiste.noblogs.org\/index.php?rest_route=\/wp\/v2\/posts"}],"about":[{"href":"https:\/\/lelaboratoireanarchiste.noblogs.org\/index.php?rest_route=\/wp\/v2\/types\/post"}],"author":[{"embeddable":true,"href":"https:\/\/lelaboratoireanarchiste.noblogs.org\/index.php?rest_route=\/wp\/v2\/users\/7964"}],"replies":[{"embeddable":true,"href":"https:\/\/lelaboratoireanarchiste.noblogs.org\/index.php?rest_route=%2Fwp%2Fv2%2Fcomments&post=12202"}],"version-history":[{"count":1,"href":"https:\/\/lelaboratoireanarchiste.noblogs.org\/index.php?rest_route=\/wp\/v2\/posts\/12202\/revisions"}],"predecessor-version":[{"id":12203,"href":"https:\/\/lelaboratoireanarchiste.noblogs.org\/index.php?rest_route=\/wp\/v2\/posts\/12202\/revisions\/12203"}],"wp:attachment":[{"href":"https:\/\/lelaboratoireanarchiste.noblogs.org\/index.php?rest_route=%2Fwp%2Fv2%2Fmedia&parent=12202"}],"wp:term":[{"taxonomy":"category","embeddable":true,"href":"https:\/\/lelaboratoireanarchiste.noblogs.org\/index.php?rest_route=%2Fwp%2Fv2%2Fcategories&post=12202"},{"taxonomy":"post_tag","embeddable":true,"href":"https:\/\/lelaboratoireanarchiste.noblogs.org\/index.php?rest_route=%2Fwp%2Fv2%2Ftags&post=12202"}],"curies":[{"name":"wp","href":"https:\/\/api.w.org\/{rel}","templated":true}]}}