{"id":1195,"date":"2015-01-14T05:39:19","date_gmt":"2015-01-14T04:39:19","guid":{"rendered":"http:\/\/lelaboratoireanarchiste.noblogs.org\/?p=1195"},"modified":"2015-01-14T05:48:19","modified_gmt":"2015-01-14T04:48:19","slug":"ilion-athenes-attaque-incendiaire-fasciste-contre-le-squat-agros","status":"publish","type":"post","link":"https:\/\/lelaboratoireanarchiste.noblogs.org\/?p=1195","title":{"rendered":"Ilion, Ath\u00e8nes : Attaque incendiaire fasciste contre le squat Agros"},"content":{"rendered":"<p><img loading=\"lazy\" decoding=\"async\" class=\"aligncenter wp-image-10545\" src=\"http:\/\/fr.contrainfo.espiv.net\/files\/2015\/01\/park.jpg\" alt=\"\" width=\"532\" height=\"343\" \/><\/p>\n<p>La nuit du mercredi 7 janvier 2015, la zone occup\u00e9e autog\u00e9r\u00e9e Agros, dans le Parc Tritsis, a subi une attaque incendiaire fasciste. Imm\u00e9diatement apr\u00e8s l\u2019attaque, des compagnon-ne-s ont rejoint le squat en solidarit\u00e9. Les d\u00e9g\u00e2ts mat\u00e9riels sont limit\u00e9s.<\/p>\n<p>Le squat Agros fonctionne depuis cinq ans et intervient dans les zones d\u2019Ilion, d\u2019Aghioi et de Kamatero d\u2019une fa\u00e7on autoorganis\u00e9e, anti-hi\u00e9rarchique et anti-commerciale, loin de toute sorte de pouvoirs et de m\u00e9diateurs. Ce sont ces caract\u00e9ristiques qui ont pouss\u00e9 ces b\u00e2tards de fascistes \u00e0 confirmer l\u2019inconfort que provoque chez eux ces projets qui mettent en pratique la d\u00e9sob\u00e9issance contre le monde du Pouvoir.<\/p>\n<p>Nous continuons sans en \u00eatre \u00e9branl\u00e9-e-s \u2026<\/p>\n<p>Depuis <a href=\"http:\/\/eleftherosagros.blogspot.com\/2015\/01\/712.html\" target=\"_blank\">Eleftherosagros<\/a>.<\/p>\n<p>Note : <em>Agros, un bout de terrain et un espace occup\u00e9 dans le commercial Parc \u2018Antonis Tritsis\u2019, dans la zone d\u2019Ilion \u00e0 Ath\u00e8nes, a vu le jour en mai 2009. Le projet comprend une culture collective des terres, des assembl\u00e9es hebdomadaires et des cuisines collectives, entre autres choses. Il a d\u00e9j\u00e0 subi des attaques fascistes dans le pass\u00e9<\/em>.<\/p>\n<p>repris de<span style=\"color: #ff6600\"><strong> <a style=\"color: #ff6600\" title=\"Ilion, Ath\u00e8nes : Attaque incendiaire fasciste contre le squat Agros\" href=\"http:\/\/fr.contrainfo.espiv.net\/2015\/01\/11\/ilion-athenes-attaque-incendiaire-fasciste-contre-le-squat-agros\">contra info<\/a><\/strong><\/span><\/p>\n","protected":false},"excerpt":{"rendered":"<p>La nuit du mercredi 7 janvier 2015, la zone occup\u00e9e autog\u00e9r\u00e9e Agros, dans le Parc Tritsis, a subi une attaque incendiaire fasciste. Imm\u00e9diatement apr\u00e8s l\u2019attaque, des compagnon-ne-s ont rejoint le squat en solidarit\u00e9. Les d\u00e9g\u00e2ts mat\u00e9riels sont limit\u00e9s. Le squat Agros fonctionne depuis cinq ans et intervient dans les zones d\u2019Ilion, d\u2019Aghioi et de Kamatero [&hellip;]<\/p>\n","protected":false},"author":7964,"featured_media":0,"comment_status":"closed","ping_status":"closed","sticky":false,"template":"","format":"standard","meta":{"footnotes":""},"categories":[1],"tags":[],"class_list":["post-1195","post","type-post","status-publish","format-standard","hentry","category-general"],"_links":{"self":[{"href":"https:\/\/lelaboratoireanarchiste.noblogs.org\/index.php?rest_route=\/wp\/v2\/posts\/1195","targetHints":{"allow":["GET"]}}],"collection":[{"href":"https:\/\/lelaboratoireanarchiste.noblogs.org\/index.php?rest_route=\/wp\/v2\/posts"}],"about":[{"href":"https:\/\/lelaboratoireanarchiste.noblogs.org\/index.php?rest_route=\/wp\/v2\/types\/post"}],"author":[{"embeddable":true,"href":"https:\/\/lelaboratoireanarchiste.noblogs.org\/index.php?rest_route=\/wp\/v2\/users\/7964"}],"replies":[{"embeddable":true,"href":"https:\/\/lelaboratoireanarchiste.noblogs.org\/index.php?rest_route=%2Fwp%2Fv2%2Fcomments&post=1195"}],"version-history":[{"count":1,"href":"https:\/\/lelaboratoireanarchiste.noblogs.org\/index.php?rest_route=\/wp\/v2\/posts\/1195\/revisions"}],"predecessor-version":[{"id":1196,"href":"https:\/\/lelaboratoireanarchiste.noblogs.org\/index.php?rest_route=\/wp\/v2\/posts\/1195\/revisions\/1196"}],"wp:attachment":[{"href":"https:\/\/lelaboratoireanarchiste.noblogs.org\/index.php?rest_route=%2Fwp%2Fv2%2Fmedia&parent=1195"}],"wp:term":[{"taxonomy":"category","embeddable":true,"href":"https:\/\/lelaboratoireanarchiste.noblogs.org\/index.php?rest_route=%2Fwp%2Fv2%2Fcategories&post=1195"},{"taxonomy":"post_tag","embeddable":true,"href":"https:\/\/lelaboratoireanarchiste.noblogs.org\/index.php?rest_route=%2Fwp%2Fv2%2Ftags&post=1195"}],"curies":[{"name":"wp","href":"https:\/\/api.w.org\/{rel}","templated":true}]}}