{"id":11643,"date":"2018-03-21T13:16:06","date_gmt":"2018-03-21T12:16:06","guid":{"rendered":"https:\/\/lelaboratoireanarchiste.noblogs.org\/?p=11643"},"modified":"2018-03-21T13:16:55","modified_gmt":"2018-03-21T12:16:55","slug":"des-condamnations-pour-trois-des-personnes-arretees-a-bure","status":"publish","type":"post","link":"https:\/\/lelaboratoireanarchiste.noblogs.org\/?p=11643","title":{"rendered":"Des condamnations pour trois des personnes arr\u00eat\u00e9es \u00e0 Bure"},"content":{"rendered":"<div class=\"entry-content\">\n<p><a href=\"https:\/\/attaque.noblogs.org\/post\/2018\/03\/20\/des-condamnations-pour-trois-des-personnes-arretees-a-bure\/#more-17316\">attaque.noblogs.org<\/a><\/p>\n<p><em><del>Le Monde<\/del> \/ mardi 20 mars 2018<\/em><\/p>\n<p><img loading=\"lazy\" decoding=\"async\" class=\"alignright size-medium wp-image-17319\" src=\"https:\/\/attaque.noblogs.org\/files\/2018\/03\/bure-1-300x180.jpg\" alt=\"\" width=\"300\" height=\"180\" \/>Trois personnes ont comparu lundi devant le tribunal correctionnel de Bar-le-Duc.<strong> Deux d\u2019entre elles ont \u00e9t\u00e9 condamn\u00e9es \u00e0 trois mois de prison ferme et incarc\u00e9r\u00e9es.<\/strong><br \/>\nViolences lors de l\u2019\u00e9vacuation du bois Lejuc [<em>le <a href=\"https:\/\/attaque.noblogs.org\/post\/2018\/02\/22\/bure-expulsions-en-cours\/\">22 f\u00e9vrier<\/a>; NdAtt.<\/em>], d\u00e9gradations ult\u00e9rieures\u00a0: le tribunal correctionnel de Bar-le-Duc a condamn\u00e9 \u00e0 trois mois de prison ferme et incarc\u00e9r\u00e9, lundi 19\u00a0mars, deux opposants au projet d\u2019enfouissement des d\u00e9chets nucl\u00e9aires \u00e0 Bure (Meuse).<br \/>\n<span id=\"more-17316\"><\/span><br \/>\nLa condamnation d\u2019un homme \u00e2g\u00e9 de 24 ans \u00e0 <strong>huit mois de prison dont cinq avec sursis<\/strong> avec une interdiction de territoire en Meuse et en Haute-Marne, a \u00e9t\u00e9 accueillie par les vives protestations de la centaine de personnes qui ont assist\u00e9 au proc\u00e8s. Il \u00e9tait poursuivi pour des faits qui se sont produits le 22 f\u00e9vrier, jour de l\u2019\u00e9vacuation du bois Lejuc \u2013\u00a0\u00e9picentre de la contestation au projet de Bure\u00a0\u2013 par 500 militaires. Il \u00e9tait accus\u00e9 d\u2019avoir jet\u00e9 un bidon d\u2019essence enflamm\u00e9 en direction des gendarmes, ce qu\u2019il conteste, et d\u2019avoir incendi\u00e9 le bivouac o\u00f9 il se trouvait.<br \/>\nLe pr\u00e9venu a reconnu avoir donn\u00e9 un coup de pied \u00e0 un militaire, puis crach\u00e9 sur un second <em>\u00ab\u00a0par d\u00e9go\u00fbt et m\u00e9pris\u00a0\u00bb<\/em> lors de son interpellation. <em>\u00ab\u00a0Je venais de perdre une partie de ma vie dans les flammes de cette cabane et dans les ruines de tous les lieux habit\u00e9s, ras\u00e9s ce matin-l\u00e0\u00a0\u00bb<\/em>, a-t-il expliqu\u00e9.<\/p>\n<p>Une femme, qui a refus\u00e9 de se lever, de d\u00e9cliner son identit\u00e9 et de s\u2019exprimer, a elle \u00e9t\u00e9 condamn\u00e9e \u00e0\u00a0<strong>trois mois de prison ferme et incarc\u00e9r\u00e9e<\/strong>, conform\u00e9ment aux r\u00e9quisitions du procureur. Elle faisait partie d\u2019un groupe qui avait jet\u00e9 des pierres, pr\u00e8s du bois Lejuc, sur le v\u00e9hicule d\u2019un p\u00e9pini\u00e9riste et de deux employ\u00e9s, ces trois personnes \u00e9tant mandat\u00e9es par l\u2019Agence nationale pour la gestion des d\u00e9chets radioactifs (Andra) qui porte le projet de stockage. Six autres personnes seront jug\u00e9es pour ces faits ult\u00e9rieurement.<\/p>\n<p>Une autre femme, \u00e2g\u00e9e de 30 ans, a \u00e9t\u00e9 condamn\u00e9e \u00e0 <strong>quatre mois de prison avec sursis<\/strong> pour r\u00e9bellion lors d\u2019une perquisition \u00e0 la \u00ab\u00a0maison de r\u00e9sistance\u00a0\u00bb, \u00e0 Bure. Non assist\u00e9e d\u2019un avocat, elle a refus\u00e9 de s\u2019exprimer sur les faits.<\/p>\n<p>Les trois opposants \u00e9taient \u00e9galement poursuivis pour avoir refus\u00e9 de se soumettre au\u00a0pr\u00e9l\u00e8vement ADN. Trois autres personnes, interpell\u00e9es lors de la perquisition de la \u00ab\u00a0maison de r\u00e9sistance\u00a0\u00bb, seront jug\u00e9es le 12\u00a0juin pour outrages et \u2013 ou \u2013 r\u00e9bellion sur agent d\u00e9positaire de l\u2019autorit\u00e9 publique.<\/p>\n<\/div>\n","protected":false},"excerpt":{"rendered":"<p>attaque.noblogs.org Le Monde \/ mardi 20 mars 2018 Trois personnes ont comparu lundi devant le tribunal correctionnel de Bar-le-Duc. Deux d\u2019entre elles ont \u00e9t\u00e9 condamn\u00e9es \u00e0 trois mois de prison ferme et incarc\u00e9r\u00e9es. Violences lors de l\u2019\u00e9vacuation du bois Lejuc [le 22 f\u00e9vrier; NdAtt.], d\u00e9gradations ult\u00e9rieures\u00a0: le tribunal correctionnel de Bar-le-Duc a condamn\u00e9 \u00e0 trois [&hellip;]<\/p>\n","protected":false},"author":7964,"featured_media":0,"comment_status":"closed","ping_status":"closed","sticky":false,"template":"","format":"standard","meta":{"footnotes":""},"categories":[1],"tags":[],"class_list":["post-11643","post","type-post","status-publish","format-standard","hentry","category-general"],"_links":{"self":[{"href":"https:\/\/lelaboratoireanarchiste.noblogs.org\/index.php?rest_route=\/wp\/v2\/posts\/11643","targetHints":{"allow":["GET"]}}],"collection":[{"href":"https:\/\/lelaboratoireanarchiste.noblogs.org\/index.php?rest_route=\/wp\/v2\/posts"}],"about":[{"href":"https:\/\/lelaboratoireanarchiste.noblogs.org\/index.php?rest_route=\/wp\/v2\/types\/post"}],"author":[{"embeddable":true,"href":"https:\/\/lelaboratoireanarchiste.noblogs.org\/index.php?rest_route=\/wp\/v2\/users\/7964"}],"replies":[{"embeddable":true,"href":"https:\/\/lelaboratoireanarchiste.noblogs.org\/index.php?rest_route=%2Fwp%2Fv2%2Fcomments&post=11643"}],"version-history":[{"count":1,"href":"https:\/\/lelaboratoireanarchiste.noblogs.org\/index.php?rest_route=\/wp\/v2\/posts\/11643\/revisions"}],"predecessor-version":[{"id":11644,"href":"https:\/\/lelaboratoireanarchiste.noblogs.org\/index.php?rest_route=\/wp\/v2\/posts\/11643\/revisions\/11644"}],"wp:attachment":[{"href":"https:\/\/lelaboratoireanarchiste.noblogs.org\/index.php?rest_route=%2Fwp%2Fv2%2Fmedia&parent=11643"}],"wp:term":[{"taxonomy":"category","embeddable":true,"href":"https:\/\/lelaboratoireanarchiste.noblogs.org\/index.php?rest_route=%2Fwp%2Fv2%2Fcategories&post=11643"},{"taxonomy":"post_tag","embeddable":true,"href":"https:\/\/lelaboratoireanarchiste.noblogs.org\/index.php?rest_route=%2Fwp%2Fv2%2Ftags&post=11643"}],"curies":[{"name":"wp","href":"https:\/\/api.w.org\/{rel}","templated":true}]}}