{"id":1133,"date":"2015-01-08T14:45:44","date_gmt":"2015-01-08T13:45:44","guid":{"rendered":"http:\/\/lelaboratoireanarchiste.noblogs.org\/?p=1133"},"modified":"2015-01-08T17:33:57","modified_gmt":"2015-01-08T16:33:57","slug":"terreur-et-union-nationale","status":"publish","type":"post","link":"https:\/\/lelaboratoireanarchiste.noblogs.org\/?p=1133","title":{"rendered":"Terreur et union nationale"},"content":{"rendered":"<h4><small><span style=\"font-family: minion;font-size: medium\">C\u2019est tous les jours que ce monde produit de l\u2019horreur. Dans les guerres que se m\u00e8nent les \u00c9tats entre eux, ou contre des groupes qui, s\u2019ils ne sont pas \u00e0 proprement parler des \u00c9tats, ne r\u00eavent que de pouvoir et de domination sociale et politique. A coups de bombes et autres armes frappant plus largement que les seuls adversaires soi-disant vis\u00e9s, c\u2019est-\u00e0-dire frappant des centaines et des milliers d\u2019individus qui ne demandaient pas \u00e0 prendre part \u00e0 ces guerres, en tout cas qui ne souhaitaient pas en crever. Cette tuerie et cette mutilation permanentes s\u2019\u00e9tendent jusque dans les cons\u00e9quences sociales dues au capitalisme\u00a0: par son travail, son industrie, ses nuisances, les maladies qu\u2019il provoque en pagaille. Jour, apr\u00e8s jour, apr\u00e8s jour.<\/span><\/small><\/h4>\n<p><a href=\"https:\/\/lelaboratoireanarchiste.noblogs.org\/files\/2015\/01\/Document-1-page1.jpeg\"><img loading=\"lazy\" decoding=\"async\" class=\"alignnone size-medium wp-image-1134\" src=\"https:\/\/lelaboratoireanarchiste.noblogs.org\/files\/2015\/01\/Document-1-page1-211x300.jpeg\" alt=\"Document-1-page1\" width=\"211\" height=\"300\" srcset=\"https:\/\/lelaboratoireanarchiste.noblogs.org\/files\/2015\/01\/Document-1-page1-211x300.jpeg 211w, https:\/\/lelaboratoireanarchiste.noblogs.org\/files\/2015\/01\/Document-1-page1.jpeg 282w\" sizes=\"auto, (max-width: 211px) 100vw, 211px\" \/><\/a><\/p>\n<p>Cette horreur diffuse devient banale, on ne l\u2019\u00e9voque qu\u2019en citant des chiffres\u00a0: dix morts par-ci, trente morts par-l\u00e0, des centaines et des milliers de bless\u00e9s. Banale comme une h\u00e9catombe suite \u00e0 un tsunami, un tremblement de terre, fatale comme le sont les fureurs et le d\u00e9cha\u00eenement p\u00e9riodique de la nature. On l\u2019\u00e9voque donc (il est parfois plus profitable pour certains d\u2019\u00e9voquer le drame que de le taire, les larmes m\u00eames pouvant \u00eatre productives de fa\u00e7on int\u00e9ressante dans ce monde pourri), on la glisse dans un bulletin d\u2019information, rapidement, car on n\u2019a au fond rien de bien substantiel \u00e0 en dire. N\u2019oubliez-pas, citoyens, le drame est l\u00e0, la mort frappe toujours \u00e0 nos portes, et face \u00e0 elle, combien est douce la s\u00e9curit\u00e9 et la stabilit\u00e9 que l\u2019\u00c9tat et l\u2019afflux de marchandises vous apportent\u00a0! Que le petit quotidien de la survie continue et tout ira fort bien.<\/p>\n<p>Mais tout \u00e0 coup, voil\u00e0 qu\u2019un fait parmi d\u2019autres arr\u00eate le temps qui passe, qu\u2019une horreur parmi d\u2019autres cr\u00e8ve l\u2019\u00e9cran, que la normalit\u00e9 fait une pause, voil\u00e0 qu\u2019on devrait se mettre \u00e0 r\u00e9fl\u00e9chir, alors que le reste du temps il faut juste courir vers nulle part. Voil\u00e0 qu\u2019il ne s\u2019agit plus de quelques \u00ab\u00a0br\u00e8ves de l\u2019horreur\u00a0\u00bb, lointaines et insignifiantes, mais de l\u2019Horreur, avec sa figure terrifiante, la mort terroriste juch\u00e9e sur un puissant scooter et rev\u00eatue de noir, qui a la fourberie de se masquer sous un casque int\u00e9gral, pour \u00e9chapper aux preux chevaliers de la police judiciaire. Elle laisse sept morts derri\u00e8re elle.<\/p>\n<p>Revenons rapidement en arri\u00e8re. Oui la mort frappe continuellement, pas la mort qui vous enl\u00e8ve tranquillement la vie, pas juste celle qui fait que vous vous endormez dans votre lit un soir sans vous r\u00e9veiller le lendemain matin. Pas juste celle qui vient vous rappeler que, bon gr\u00e9, mal gr\u00e9, la vie des \u00eatres humains ne dure que quelques d\u00e9cennies et qu\u2019il y a une fin \u00e0 toute chose. Non, celle qui tape brutalement, qui laisse son paquet d\u2019estropi\u00e9s et d\u2019amput\u00e9s dans son sillon, en plus des cadavres\u00a0; celle qui laisse aussi la terreur, qui cherche \u00e0 l\u2019inscrire dans le cr\u00e2ne de ceux qui survivent. Qui veut frapper les esprits pour mieux paralyser le corps, d\u00e9poss\u00e9der les individus de toute prise en main autonome et concr\u00e8te de leur existence. Comme nous le disions, cette mort-l\u00e0 a des m\u00e9diateurs, des responsables particuliers. Ils agissent toujours au nom d\u2019une id\u00e9ologie, qu\u2019elle soit politique\u00a0; d\u00e9mocratique ou non, ou bien religieuse, peu importe quelle religion particuli\u00e8re historiquement, ou bien tout \u00e7a \u00e0 la fois. La faux qui s\u2019abat pour occire et terroriser ne tombe pas du ciel, ou si cela arrive, c\u2019est par un avion bombardier, ou par un lance-missile \u00e0 longue port\u00e9e, et pas par les foudres divines. Elle ne vient pas d\u2019une \u00ab\u00a0main invisible\u00a0\u00bb, mais d\u2019un bras souvent v\u00eatu de kaki, et peu importe quel \u00e9cusson y est \u00e9pingl\u00e9.<\/p>\n<p>Dans le cas qui am\u00e8ne ces r\u00e9flexions, il aurait \u00e9t\u00e9 en effet fort plausible que sous l\u2019habit noir du \u00ab\u00a0motard d\u00e9s\u00e9quilibr\u00e9\u00a0\u00bb, se cache aussi le kaki, puisqu\u2019une des premi\u00e8res \u00e9ventualit\u00e9s \u00e9num\u00e9r\u00e9es \u00e9tait qu\u2019il s\u2019agisse d\u2019un ancien para \u00e0 tendance n\u00e9o-nazie voulant \u00e9pancher ses pulsions racistes sur d\u2019anciens coll\u00e8gues trop basan\u00e9s \u00e0 son go\u00fbt, et sur des personnes identifi\u00e9es comme \u00ab\u00a0juives\u00a0\u00bb. <br class=\"manualbr\" \/>Ce qui, accordons-nous sur ce point, \u00e9tait de l\u2019ordre du possible. Mohamed Merah, l\u2019homme identifi\u00e9 et finalement ex\u00e9cut\u00e9 par le RAID, avait par le pass\u00e9 tent\u00e9 de s\u2019engager dans l\u2019arm\u00e9e, au sein de la L\u00e9gion \u00e9trang\u00e8re. Il aurait donc tout aussi bien pu tuer autrement, et ailleurs. On l\u2019a vu il y a quelques semaines, lorsqu\u2019un G.I. am\u00e9ricain en poste en Afghanistan est sorti de son camp pour aller tirer dans le tas dans un village voisin, massacrant indistinctement plusieurs personnes. Et oui, l\u2019arm\u00e9e fran\u00e7aise est bien active en Afghanistan -et ailleurs- sous l\u2019\u00e9gide de l\u2019OTAN\u00a0; occupation que les \u00c9tats appellent \u00ab\u00a0mission de s\u00e9curisation, d\u2019assistance et de transferts des comp\u00e9tences en ce domaine \u00e0 l\u2019\u00c9tat Afghan\u00a0\u00bb, et que nous appelons simplement guerre et occupation militaire. Cela signifie, \u00e0 moins de vouloir changer la signification des mots, bombarder, tuer, massacrer, pacifier par la force et la contrainte, contr\u00f4ler, humilier, perquisitionner et au besoin ex\u00e9cuter. Si le \u00ab\u00a0tueur de Toulouse\u00a0\u00bb avait \u00e9t\u00e9 engag\u00e9 \u00e0 l\u2019\u00e9poque dans l\u2019arm\u00e9e, force aurait \u00e9t\u00e9 de conclure qu\u2019il aurait \u00e9t\u00e9 form\u00e9 \u00e0 l\u2019\u00e9cole m\u00eame de l\u2019\u00c9tat. On ne l\u2019aurait alors pas d\u00e9sign\u00e9 comme \u00ab\u00a0tueur sanguinaire\u00a0\u00bb, mais comme \u00ab\u00a0simple soldat\u00a0\u00bb. Dans le cas de Toulouse et de Montauban, l\u2019acte d\u2019appuyer sur la g\u00e2chette n\u2019a pas \u00e9t\u00e9 donn\u00e9 par le commandement militaire, et les cibles n\u2019ont pas \u00e9t\u00e9 d\u00e9sign\u00e9es par lui. Pas cette fois-ci, pr\u00e9cis\u00e9ment. Mais dans bien d\u2019autres situations, dans bien plus de situations, \u00e7a l\u2019est.<\/p>\n<p>Aussi quand l\u2019\u00c9tat d\u00e9cide de rayer de la carte des villages et des villes enti\u00e8res, donc des milliers de vies humaines, par le napalm, la bombe thermonucl\u00e9aire, les fameuses frappes chirurgicales ou toute autre joyeuset\u00e9 en sa possession, c\u2019est la raison qui parle, la civilisation, la d\u00e9mocratie, et m\u00eame, allons-y dans le cynisme, le Progr\u00e8s et la \u00ab\u00a0libert\u00e9\u00a0\u00bb. Il y a donc l\u2019horreur et les massacres justifi\u00e9s, les guerres justes et les guerres saintes, et puis il y a le \u00ab\u00a0tueur \u00e0 scooter de Toulouse\u00a0\u00bb. Celui-ci est, selon une foule d\u2019experts qui accoure la bave aux l\u00e8vres d\u00e9s que le sang coule sur le trottoir, un \u00ab\u00a0fou isol\u00e9\u00a0\u00bb, un \u00ab\u00a0d\u00e9s\u00e9quilibr\u00e9 aux motivations id\u00e9ologiques\u00a0\u00bb, un \u00ab\u00a0terroriste individualiste\u00a0\u00bb (sic). Soyons clairs et nets\u00a0: un type comme celui-l\u00e0, on ne va pas pleurer sa mort. Mais ceci dit soyons clairs et nets jusqu\u2019au bout\u00a0: qu\u2019est-ce qui, ces derniers jours, a fait la teneur de ce que politiciens, m\u00e9dias et repr\u00e9sentants communautaires ont qualifi\u00e9 de \u00ab\u00a0drame national\u00a0\u00bb\u00a0? Voil\u00e0 qu\u2019une r\u00e9ponse fuse, \u00e9vidente\u00a0: \u00ab\u00a0on ne s\u2019en prend pas aux enfants\u00a0\u00bb et \u00ab\u00a0s\u2019attaquer \u00e0 des personnes en fonction de leur religion, couleur de peau, ou origines suppos\u00e9es, c\u2019est de la barbarie\u00a0\u00bb.<\/p>\n<p>De la barbarie, bien. Je ne connais pas, personnellement, de barbares, j\u2019en suis d\u00e9sol\u00e9. Je ne connais que des individus devant survivre au sein de la civilisation, entre les mailles de la grande broyeuse \u00e9conomique (qui mange aussi des enfants), que la politique vient souvent racoler sous des fanions verts, bleus, roses, rouges, tous tricolores au final. Certains s\u2019y accommodent assez bien, d\u2019autres n\u2019en peuvent plus\u00a0; les uns crient \u00ab\u00a0vive la patrie\u00a0!\u00a0\u00bb, d\u2019autres en ont marre et se tirent une balle dans la t\u00eate ou se pendent, en laissant un mot disant \u00e0 peu pr\u00e8s \u00ab\u00a0Travail m\u2019a tuer\u00a0\u00bb. Les uns se d\u00e9brouillent comme ils peuvent pour grappiller quelques miettes, quitte \u00e0 faire une crasse \u00e0 un autre forc\u00e9 lui aussi de se d\u00e9brouiller. Les uns vantent sourire aux l\u00e8vres les vertus de cette soci\u00e9t\u00e9, du labeur et de la famille, les autres (parfois ce sont les m\u00eames en fait) se shootent au Prozac, juste pour&#8230; continuer. Il y en a aussi qui en ont plus qu\u2019assez de cette foutue vie de merde, mais qui avant de casser leur pipe se rebellent, mordent la main du ma\u00eetre, pourrissent la vie du donneur d\u2019ordres. Certains parmi eux s\u2019en tirent pas trop mal, d\u2019autres (combien de millions sur cette plan\u00e8te mur\u00e9e\u00a0?) finissent derri\u00e8re des barreaux. D\u2019autres sont assassin\u00e9s par les flics. D\u2019autres tirent dans le tas, souvent en revendiquant une cause, parfois par ce qu\u2019on appelle par d\u00e9faut nihilisme.<\/p>\n<p>Je vois tr\u00e8s bien tout \u00e7a, mais je n\u2019ai jamais vu de barbare. Barbare, barbare&#8230; ah oui, le barbare, celui qu\u2019on d\u00e9finit par opposition \u00e0 la civilisation. Il y a la civilisation, et il y a la barbarie. Les barbares et les civilis\u00e9s. Les citoyens et les sauvages. Les uns sont courtois et polis, mangent \u00e0 table et sont propres, sont sages \u00e0 l\u2019\u00e9cole, utiles \u00e0 la soci\u00e9t\u00e9, et celle-ci leur rend hommage par une petite dalle de marbre \u00e0 l\u2019heure derni\u00e8re. Les autres&#8230; Quelle horreur\u00a0! Mais l\u00e0, il s\u2019agissait d\u2019un nouveau type de barbare, un barbare roulant en T-MAX Yamaha et \u00e9quip\u00e9 d\u2019armes automatiques. Un barbare \u00e0 la pointe de la technologie, et anim\u00e9 par une id\u00e9ologie. Mettons un peu d\u2019ordre dans tout ce merdier. Armes de guerre, puissant engin \u00e0 moteur, racisme, id\u00e9ologie, agissement froid et ma\u00eetris\u00e9, art de la g\u00e2chette et m\u00eame camera embarqu\u00e9e. Notre barbare n\u2019\u00e9tait pas habill\u00e9 de peaux de b\u00eates, il ne tenait pas de gourdin grossi\u00e8rement taill\u00e9, il avait s\u00fbrement en t\u00eate tout un argumentaire bien raisonn\u00e9 pour expliquer pourquoi il faut m\u00e9thodiquement et froidement \u00e9liminer tout ce qui est \u00ab\u00a0juif\u00a0\u00bb (les militaires, c\u2019est encore autre chose) de la surface du globe. Isol\u00e9 disait-on\u00a0? \u00ab\u00a0Fou\u00a0\u00bb\u00a0? \u00ab\u00a0Terroriste\u00a0\u00bb\u00a0?<\/p>\n<p>Isol\u00e9. Certainement pas. Pour notre grand malheur, des personnes qui, sans peut-\u00eatre appuyer sur la g\u00e2chette \u00e0 tout va, sont anim\u00e9s par l\u2019id\u00e9ologie raciste et\/ou religieuse, il y en a eu un paquet dans le pass\u00e9, il y en a encore plein aujourd\u2019hui, et ce \u00e0 tous les \u00e9chelons et postes de la soci\u00e9t\u00e9, \u00ab\u00a0serviteurs de Dieu\u00a0\u00bb aussi bien que militaires, simple quidam anonyme ou personnage d\u2019\u00c9tat. Le \u00ab\u00a0tueur \u00e0 scooter\u00a0\u00bb agissait peut-\u00eatre seul, mais ce qui le mettait en branle, son id\u00e9ologie rance, occupe aussi l\u2019esprit d\u2019un grand nombre de gens. En d\u2019autres termes, on parle d\u2019arbre qui cache la for\u00eat ou de pointe visible de l\u2019iceberg.<\/p>\n<p>Fou. Comment dire&#8230; Ce terme, en fin de compte, est aussi bancal que celui d\u00e9signant les fameux \u00ab\u00a0barbares\u00a0\u00bb. Qui est fou, qui est \u00ab\u00a0sain d\u2019esprit\u00a0\u00bb et incarnation de la Raison Pure, vaste question, qui agite peut-\u00eatre fr\u00e9n\u00e9tiquement les pens\u00e9es et calculs des sp\u00e9cialistes, sociologues, m\u00e9decins, g\u00e9n\u00e9ticiens, psychologues, psychanalystes, psychiatres et autres psychoth\u00e9rapeutes, mais qui \u00e0 vrai dire nous laisse un peu indiff\u00e9rents. La folie est tant\u00f4t d\u00e9crite comme l\u2019incapacit\u00e9 \u00e0 se conformer aux normes sociales, tant\u00f4t comme r\u00e9sultant au contraire d\u2019une overdose de normalit\u00e9, on parle des fous d\u2019amour, des fous \u00e0 lier. L\u2019argent, le pouvoir, l\u2019environnement d\u00e9primant, le travail, la jalousie, la voiture comme le m\u00e9tro, la possession et la d\u00e9possession, l\u2019enfermement, les m\u00e9dicaments m\u00eames, rendent les gens \u00ab\u00a0fous\u00a0\u00bb. La soci\u00e9t\u00e9 rend \u00ab\u00a0fou\u00a0\u00bb. Parler de folie dans ce cas pr\u00e9cis, c\u2019est emp\u00eacher de mettre le doigt sur l\u2019id\u00e9ologie et la logique morbide qui est derri\u00e8re l\u2019acte.<\/p>\n<p>Terroriste. Pour l\u2019instant, on sait que le tueur a tu\u00e9, et qu\u2019il a cr\u00e9e une certaine terreur. Peut-\u00eatre son but \u00e9tait simplement de tuer, peut-\u00eatre voulait-il \u00e0 la fois tuer et r\u00e9pandre la terreur. Mais on ne le sait pas. Nous pensons en avoir assez dit au d\u00e9but de ce texte concernant cette question du terrorisme\u00a0: qu\u2019on invoque le F\u00fchrer, je ne sais quel Dieu ou proph\u00e8te, ou la R\u00e9publique d\u00e9mocratique, un massacre (plus ou moins discrimin\u00e9, \u00e7a ne change pas grand\u2019 chose \u00e0 l\u2019affaire) reste un massacre, et le pouvoir reste le pouvoir, la domination veut dominer, et pour cela, tuer en masse et terroriser vont de pair\u00a0; terroriser et contr\u00f4ler (de fa\u00e7on plus ou moins violente), terroriser pour exploiter. L\u2019\u00c9tat est n\u00e9cessairement terroriste, c\u2019est lui qui a cr\u00e9e le concept de Terreur et la r\u00e9alit\u00e9 qui va avec.<\/p>\n<p>Et c\u2019est l\u2019\u00c9tat qui pr\u00e9tend, pas seulement depuis ce lundi ou quatre personnes ont \u00e9t\u00e9 abattues devant et dans une \u00e9cole \u00e0 Toulouse, mais depuis des d\u00e9cennies, mener la lutte \u00ab\u00a0anti-terroriste\u00a0\u00bb. \u00ab\u00a0La R\u00e9publique est bien plus forte que le terrorisme\u00a0\u00bb, clame le chef de l\u2019\u00c9tat. On lui r\u00e9pondrait facilement (si on avait cette id\u00e9e bizarre de vouloir dialoguer avec le pouvoir)\u00a0: \u00ab\u00a0La R\u00e9publique est forte comme le terrorisme, par le terrorisme\u00a0\u00bb. Certes, il serait simpliste de ne voir dans la domination que la r\u00e9sultante de la terreur, impos\u00e9e avec force. Il y a bien aussi, une forme de consensus, d\u2019int\u00e9r\u00eat parfois partag\u00e9 entre l\u2019\u00c9tat et des pans de la soci\u00e9t\u00e9, d\u2019acceptation plus ou moins teint\u00e9e de d\u00e9go\u00fbt. De la servitude volontaire et de la r\u00e9signation, de la servilit\u00e9 par l\u00e2chet\u00e9 ou par conviction, par peur ou par r\u00e9signation. Une r\u00e9signation monnay\u00e9e, peu ou prou. Une soumission obtenue par la menace de crever de faim, de se retrouver \u00e0 la rue. Par la carotte et par le b\u00e2ton, par le salaire et par la prison.<br class=\"manualbr\" \/>Toujours est-il que le gouvernement en a profit\u00e9 pour d\u00e9cr\u00e9ter le passage au niveau \u00ab\u00a0\u00e9carlate\u00a0\u00bb du plan Vigipirate, soit le niveau maximum, dans la r\u00e9gion Midi-Pyr\u00e9n\u00e9es et les d\u00e9partements limitrophes. Pas un seul des salauds politiques, adorateurs du pouvoir, ne l\u2019a critiqu\u00e9 sur ce point, et \u00e7a n\u2019\u00e9tonnera que les niais. Voici, dans le verbiage chatoyant propre au langage de l\u2019\u00c9tat, ce que vise le plan Vigipirate \u00e9lev\u00e9 \u00e0 ce niveau\u00a0: \u00ab\u00a0pr\u00e9venir le risque d\u2019attentats majeurs (simultan\u00e9s ou non), mettre en place les moyens de secours et de riposte appropri\u00e9s, des mesures particuli\u00e8rement contraignantes pouvant \u00eatre mises en \u0153uvre, prot\u00e9ger les institutions et assurer la continuit\u00e9 de l\u2019action gouvernementale\u00a0\u00bb. En deux mots comme en mille\u00a0: occupation polici\u00e8re et militaire \u00e0 chaque coin de rue, surveillance omnipr\u00e9sente, possibilit\u00e9 de contr\u00f4les \u00e0 tout instant, en tout lieu et sans \u00ab\u00a0justification formelle\u00a0\u00bb, peur diffuse. Il s\u2019agit du dernier stade avant l\u2019\u00e9tat d\u2019urgence. La m\u00eame chose qu\u2019en temps normal, est-on tent\u00e9 de dire. Oui, seulement avec l\u2019effet d\u2019annonce en plus, et avec un peu plus d\u2019intensit\u00e9 et surtout plus de moyens. Le plan Vigipirate est activ\u00e9 depuis le d\u00e9but des ann\u00e9es 90, au niveau \u00ab\u00a0rouge\u00a0\u00bb depuis les attentats de Londres en 2005. Mais la d\u00e9mocratie se r\u00e9serve tout le temps la possibilit\u00e9 de resserrer et de desserrer l\u2019\u00e9tau de son contr\u00f4le social sur les populations en fonction de la situation\u00a0: \u00e9meutes g\u00e9n\u00e9ralis\u00e9es, situation pr\u00e9-insurrectionnelle, \u00e9tat de guerre, catastrophe nucl\u00e9aire&#8230; Les situations dites d\u2019urgence, d\u00e9cr\u00e9tables et multipliables \u00e0 l\u2019envie, permettent de mieux ancrer dans l\u2019esprit et la peau de tout un chacun l\u2019habitude d\u2019\u00eatre parqu\u00e9, surveill\u00e9, d\u00e9plac\u00e9, fich\u00e9, fliqu\u00e9. De r\u00e9affirmer le monopole de la violence entre les seules mains de l\u2019\u00c9tat, et de fa\u00e7on visible, d\u00e9monstrative m\u00eame. Il est donc vain de s\u2019indigner face \u00e0 de suppos\u00e9es \u00ab\u00a0lois d\u2019exception\u00a0\u00bb qui seraient l\u2019envers de la normalit\u00e9 d\u00e9mocratique. Les deux sont ins\u00e9parables.<\/p>\n<p>Que dire aussi de ce monde polaris\u00e9 en identit\u00e9s imaginaires\u00a0? Lorsque le tueur assassine des personnes d\u2019origine musulmane, on convoque les dits \u00ab\u00a0repr\u00e9sentants\u00a0\u00bb de la \u00ab\u00a0communaut\u00e9\u00a0\u00bb musulmane pour exprimer son chagrin. Puis lorsqu\u2019il tue des personnes d\u2019origine juive, on convoque les \u00e9quivalents juifs. Comme si le chagrin caus\u00e9 par la mort d\u2019un individu ne concernait que ses co-religionnaires, comme si le chagrin devait forcement appartenir \u00e0 un groupe social bien d\u00e9fini. C\u2019est dans cette confusion identitaire bien typique de l\u2019\u00e9poque, additionn\u00e9e \u00e0 ce que Dagerman appelait la \u00ab\u00a0dictature du chagrin\u00a0\u00bb, que le voile naus\u00e9eux de l\u2019autorit\u00e9 assoie la domination de ses sujets. Pourquoi le pr\u00e9sident se sent-il obliger d\u2019aller s\u2019expliquer avec le premier ministre isra\u00e9lien \u00e0 chaque fois qu\u2019un crime raciste est perp\u00e9tr\u00e9 contre une personne d\u00e9sign\u00e9e par ses agresseurs comme juive\u00a0? Ces personnes appartiennent elles \u00e0 l\u2019\u00c9tat isra\u00e9lien\u00a0? Ces personnes appartiennent elles \u00e0 une quelconque communaut\u00e9 avant de s\u2019appartenir \u00e0 elles-m\u00eames\u00a0? Quand cela arrange le pouvoir, les victimes sont d\u2019abord fran\u00e7aises, des \u00ab\u00a0enfants de la R\u00e9publique\u00a0\u00bb, et quand il faut brosser dans le sens du poil les lobbys religieux, on use du discours contraire. Quoiqu\u2019il en soit on reste dans le culte de la charogne et les logiques politiques et \u00e9lectoralistes de r\u00e9cup\u00e9ration ou non, selon les opportunit\u00e9s.<\/p>\n<p>Dans une unanimit\u00e9 touchante, nos \u00e9colo-socialo-souveraino-centro-frontdegaucho-facho-r\u00e9acto m\u00ealent donc leurs voix pour entonner\u00a0: \u00ab\u00a0Vive la R\u00e9publique\u00a0! Vive l\u2019Union Nationale\u00a0!\u00a0\u00bb. Les quelques voix critiquant partiellement ce chantage se sont empress\u00e9es de pr\u00e9ciser qu\u2019elles encourageaient par ailleurs le travail des enqu\u00eateurs et des forces de l\u2019ordre, \u00e0 savoir la Section Anti-Terroriste, et qu\u2019en cas de changement de majorit\u00e9 au parlement, les moyens des services de renseignements seraient augment\u00e9s. <br class=\"manualbr\" \/>L\u2019Union Nationale, parlons-en. Celle qui s\u2019enthousiasmait d\u00e9s le XIXe si\u00e8cle pour aller porter les lumi\u00e8res r\u00e9publicaines dans les contr\u00e9es lointaines \u00e0 coup de canons, de sabre et de goupillon, celle qui permit la boucherie de 14-18, celle qui porta P\u00e9tain sur un tr\u00f4ne, celle qui releva le capitalisme en 45 en larguant quelques bombes \u00e0 S\u00e9tif et en laissant bien tranquilles les collabos, qui massacra, tortura et jeta all\u00e8grement dans la Seine pendant la guerre d\u2019Alg\u00e9rie. Celle qui permet au pouvoir de mieux isoler, mater et \u00e9liminer les r\u00e9tifs, les rebelles, les sans-patrie, les r\u00e9volutionnaires, ceux qui crachent sur tous les drapeaux et tous les r\u00e9gimes. Qui refusent d\u2019aller se faire trouer la peau et de trouer la peau des autres pour des int\u00e9r\u00eats qui ne sont pas les leurs, qui ne le seront jamais.<\/p>\n<p>Nous sommes de ces derniers, et nous comptons bien ne pas rester impuissants dans la posture du refus. Nous refusons et nous combattons \u00e0 la fois le chantage de l\u2019unit\u00e9 nationale, le ralliement sous la banni\u00e8re r\u00e9publicaine, qui est toujours l\u2019horreur \u00e9tatique et capitaliste. Nous refusons tout autant de crier avec les loups avides de racket communautaire et religieux, cette autre forme de muselage universel qui, loin de s\u2019opposer \u00e0 la domestication politique et au r\u00e8gne de l\u2019argent, en est leur compagnon de route historique, tr\u00e8s efficace pour diffuser hi\u00e9rarchie, fatalisme, ob\u00e9issance et division entre pauvres.<\/p>\n<p>Si nous autres opprim\u00e9s, ind\u00e9sirables et r\u00e9volt\u00e9s dans ce monde, devons critiquer et combattre jour apr\u00e8s jour tout ce qui fait de nous des esclaves, \u00e7a ne sera jamais en tirant dans le tas, ni pour r\u00e9pandre la terreur et l\u2019horreur, mais pr\u00e9cis\u00e9ment pour en finir avec tout ce qui en est la cause\u00a0: l\u2019\u00c9tat, le racisme et le nationalisme, l\u2019argent, Dieu.<\/p>\n<p><strong>Pour la libert\u00e9.<br class=\"manualbr\" \/>La libert\u00e9 pour tous et toutes.<\/strong><\/p>\n<p>Ni citoyens, ni flics<br class=\"manualbr\" \/>Ni fascisme, ni d\u00e9mocratie<br class=\"manualbr\" \/>Ni religion, ni terreur<br class=\"manualbr\" \/>Ni fric, ni \u00c9tat<br class=\"manualbr\" \/>Ni patrie, ni nation, ni fronti\u00e8res<br class=\"manualbr\" \/>Ni ma\u00eetres, ni esclaves.<\/p>\n<p>20 mars 2012.<\/p>\n<p>Repris de Non Fides, texte disponible sous forme de brochure sur le site <a href=\"http:\/\/ravage-editions.blogspot.fr\">Ravage Editions <\/a><\/p>\n","protected":false},"excerpt":{"rendered":"<p>C\u2019est tous les jours que ce monde produit de l\u2019horreur. Dans les guerres que se m\u00e8nent les \u00c9tats entre eux, ou contre des groupes qui, s\u2019ils ne sont pas \u00e0 proprement parler des \u00c9tats, ne r\u00eavent que de pouvoir et de domination sociale et politique. A coups de bombes et autres armes frappant plus largement [&hellip;]<\/p>\n","protected":false},"author":7964,"featured_media":0,"comment_status":"closed","ping_status":"closed","sticky":false,"template":"","format":"standard","meta":{"footnotes":""},"categories":[1],"tags":[],"class_list":["post-1133","post","type-post","status-publish","format-standard","hentry","category-general"],"_links":{"self":[{"href":"https:\/\/lelaboratoireanarchiste.noblogs.org\/index.php?rest_route=\/wp\/v2\/posts\/1133","targetHints":{"allow":["GET"]}}],"collection":[{"href":"https:\/\/lelaboratoireanarchiste.noblogs.org\/index.php?rest_route=\/wp\/v2\/posts"}],"about":[{"href":"https:\/\/lelaboratoireanarchiste.noblogs.org\/index.php?rest_route=\/wp\/v2\/types\/post"}],"author":[{"embeddable":true,"href":"https:\/\/lelaboratoireanarchiste.noblogs.org\/index.php?rest_route=\/wp\/v2\/users\/7964"}],"replies":[{"embeddable":true,"href":"https:\/\/lelaboratoireanarchiste.noblogs.org\/index.php?rest_route=%2Fwp%2Fv2%2Fcomments&post=1133"}],"version-history":[{"count":4,"href":"https:\/\/lelaboratoireanarchiste.noblogs.org\/index.php?rest_route=\/wp\/v2\/posts\/1133\/revisions"}],"predecessor-version":[{"id":1138,"href":"https:\/\/lelaboratoireanarchiste.noblogs.org\/index.php?rest_route=\/wp\/v2\/posts\/1133\/revisions\/1138"}],"wp:attachment":[{"href":"https:\/\/lelaboratoireanarchiste.noblogs.org\/index.php?rest_route=%2Fwp%2Fv2%2Fmedia&parent=1133"}],"wp:term":[{"taxonomy":"category","embeddable":true,"href":"https:\/\/lelaboratoireanarchiste.noblogs.org\/index.php?rest_route=%2Fwp%2Fv2%2Fcategories&post=1133"},{"taxonomy":"post_tag","embeddable":true,"href":"https:\/\/lelaboratoireanarchiste.noblogs.org\/index.php?rest_route=%2Fwp%2Fv2%2Ftags&post=1133"}],"curies":[{"name":"wp","href":"https:\/\/api.w.org\/{rel}","templated":true}]}}